{"id":999289,"date":"2026-04-23T18:15:58","date_gmt":"2026-04-23T16:15:58","guid":{"rendered":"https:\/\/www.fpc.org.pl\/?p=999289"},"modified":"2026-04-23T18:22:41","modified_gmt":"2026-04-23T16:22:41","slug":"czytajaca-polska-swietuje-swiatowy-dzien-ksiazki-i-praw-autorskich-unesco-w-calej-polsce-copy","status":"publish","type":"post","link":"https:\/\/www.fpc.org.pl\/eng\/czytajaca-polska-swietuje-swiatowy-dzien-ksiazki-i-praw-autorskich-unesco-w-calej-polsce-copy\/","title":{"rendered":"Ksi\u0105\u017cka chroni psychik\u0119 dziecka. Rusza akcja Fundacji Powszechnego Czytania"},"content":{"rendered":"\t\t<div data-elementor-type=\"wp-post\" data-elementor-id=\"999289\" class=\"elementor elementor-999289\" data-elementor-post-type=\"post\">\n\t\t\t\t<div class=\"elementor-element elementor-element-ca01a6f e-flex e-con-boxed e-con e-parent\" data-id=\"ca01a6f\" data-element_type=\"container\" data-e-type=\"container\">\n\t\t\t\t\t<div class=\"e-con-inner\">\n\t\t\t\t<div class=\"elementor-element elementor-element-3487237 elementor-widget elementor-widget-text-editor\" data-id=\"3487237\" data-element_type=\"widget\" data-e-type=\"widget\" data-widget_type=\"text-editor.default\">\n\t\t\t\t<div class=\"elementor-widget-container\">\n\t\t\t\t\t\t\t\t\t<p><strong>W \u015awiatowy Dzie\u0144 Ksi\u0105\u017cki Fundacja Powszechnego Czytania pokazuje, jak czytanie dzieciom wspiera ich zdrowie psychiczne. Jest jak kask ochronny dla rozwijaj\u0105cego si\u0119 umys\u0142u, pas bezpiecze\u0144stwa dla relacji, kamizelka ratunkowa dla emocji. FPC rusza ze zbi\u00f3rk\u0105 na program w\u0142\u0105czania rekomendowania ksi\u0105\u017cek w profilaktyce zdrowia dzieci od pierwszych miesi\u0119cy \u017cycia.<\/strong><\/p><p><strong>Kryzys zdrowia psychicznego dzieci<\/strong><\/p><p>Polska zmaga si\u0119 z kryzysem zdrowia psychicznego najm\u0142odszych. Wed\u0142ug danych Komendy G\u0142\u00f3wnej Policji liczba pr\u00f3b samob\u00f3jczych w\u015br\u00f3d dzieci utrzymuje si\u0119 na wysokim poziomie, <br \/>a liczba samob\u00f3jstw w 2025 wzros\u0142a o 21% w por\u00f3wnaniu z rokiem 2024. Jedynie 6 na 10 dzieci i m\u0142odzie\u017cy postrzega swoje \u017cycie jako szcz\u0119\u015bliwe<a href=\"#_ftn1\" name=\"_ftnref1\">[1]<\/a>. A\u017c 60% nastolatk\u00f3w \u017cyje w stanie chronicznego stresu i przem\u0119czenia, 46\u202f% ma skrajnie nisk\u0105 samoocen\u0119<a href=\"#_ftn2\" name=\"_ftnref2\">[2]<\/a>. Eksperci wskazuj\u0105 na przeci\u0105\u017cenie bod\u017acami cyfrowymi, brak narz\u0119dzi regulacji emocji i os\u0142abienie wi\u0119zi jako g\u0142\u00f3wne przyczyny tego zjawiska.<\/p><p>Odpowiedzi\u0105 mo\u017ce by\u0107 narz\u0119dzie dost\u0119pne w ka\u017cdym domu \u2013 ksi\u0105\u017cka. Jak <strong>podkre\u015bla Maria Deskur, prezeska Fundacji Powszechnego Czytania<\/strong> \u2013 <em>Czytanie jest jak kask ochronny dla rozwijaj\u0105cego si\u0119 umys\u0142u, pas bezpiecze\u0144stwa dla relacji i kamizelka ratunkowa dla emocji. Dlatego prowadzimy program Ksi\u0105\u017cka na Recept\u0119, kt\u00f3ry pomaga chroni\u0107 zdrowie psychiczne najm\u0142odszych. <\/em>Niezale\u017cne badania naukowe potwierdzaj\u0105, \u017ce regularne czytanie i rozmowa z dzie\u0107mi obni\u017ca poziom stresu, buduje odporno\u015b\u0107 psychiczn\u0105, wspiera rozw\u00f3j emocjonalny i zmniejsza szkody wyrz\u0105dzane przez ekrany.<\/p><p><strong>Program Ksi\u0105\u017cka na Recept\u0119 <\/strong>\u2013<strong> jak dzia\u0142a?<\/strong><\/p><p>W ramach flagowego programu \u2013 Fundacji Powszechnego Czytania \u2013 Ksi\u0105\u017cka na Recept\u0119 lekarze pediatrzy rekomenduj\u0105 rodzicom czytanie dzieciom od pierwszych miesi\u0119cy \u017cycia \u2013 na r\u00f3wni z aktywno\u015bci\u0105 fizyczn\u0105 i zdrow\u0105 diet\u0105. Do inicjatywy przyst\u0105pi\u0142o ju\u017c blisko 400 plac\u00f3wek medycznych w ca\u0142ej Polsce. Szacuje si\u0119, \u017ce rocznie mo\u017ce z niej skorzysta\u0107 nawet 30 tysi\u0119cy dzieci w wieku do dw\u00f3ch lat.<\/p><p>Dzieci, kt\u00f3re potrzebuj\u0105 odporno\u015bci psychicznej jest jednak du\u017co wi\u0119cej, a wprowadzenie czytania dziecku ju\u017c w pierwszych miesi\u0105cach \u017cycia jest kluczowe dla jego odporno\u015bci. \u017beby zwi\u0119kszy\u0107 skal\u0119 programu, potrzebne s\u0105 konkretne \u015brodki.<\/p><p>Koszt obj\u0119cia programem jednej przychodni wynosi oko\u0142o 1650 z\u0142 i obejmuje przeszkolenie personelu medycznego, druk i wysy\u0142k\u0119 pakiet\u00f3w ksi\u0105\u017cek dla ma\u0142ych pacjent\u00f3w oraz materia\u0142y edukacyjne dla rodzic\u00f3w. \u2013 <em>Ponad 100 lekarzy jest w stanie dotrze\u0107 w ci\u0105gu roku do 10 000 dzieci i ich rodzic\u00f3w<\/em> \u2013 jak <strong>wyja\u015bnia Aleksandra Chaberska, koordynatorka programu Ksi\u0105\u017cka na Recept\u0119<\/strong><strong>.<\/strong><\/p><p>Fundacja zwraca szczeg\u00f3ln\u0105 uwag\u0119 na \u015brodowiska zagro\u017cone wykluczeniem czytelniczym. Jak wskazuje prezeska Maria Deskur, doro\u015bli, kt\u00f3rym w dzieci\u0144stwie nikt nie czyta\u0142, z mniejszym prawdopodobie\u0144stwem si\u0119gaj\u0105 po ksi\u0105\u017ck\u0119 dla w\u0142asnych dzieci \u2013 program Ksi\u0105\u017cka na Recept\u0119 pomaga prze\u0142ama\u0107 ten cykl.<\/p><p><strong>Zbi\u00f3rka trwa do po\u0142owy czerwca <\/strong><\/p><p>Fundacja apeluje o wsparcie darczy\u0144c\u00f3w. Potrzeby s\u0105 znacznie wi\u0119ksze ni\u017c obecne mo\u017cliwo\u015bci programu \u2013 celem zbi\u00f3rki jest dotarcie do kolejnych plac\u00f3wek i kolejnych rodzin, zw\u0142aszcza <br \/>w miejscach, gdzie dost\u0119p do kultury czytelniczej jest ograniczony.<\/p><p><strong>Ka\u017cde 18,50 z\u0142 = wsparcie dla jednego dziecka.<\/strong><\/p><p><strong>Szczeg\u00f3\u0142y akcji dost\u0119pne na:\u00a0 <span style=\"text-decoration: underline;\"><a href=\"https:\/\/www.fpc.org.pl\/ksiazka-chroni\/\">fpc.org.pl\/ksiazka-chroni <\/a><\/span><\/strong><\/p><p><a href=\"#_ftnref1\" name=\"_ftn1\">[1]<\/a> Dane z raportu regulacyjnego \u201cPoprawa zdrowia psychicznego dzieci i m\u0142odzie\u017cy w Polsce\u201d Kancelarii Prawnej Rymarz Zdort Maruta, kt\u00f3ry powsta\u0142 przy wsp\u00f3\u0142pracy z UNICEF (2024)<\/p><p><a href=\"#_ftnref2\" name=\"_ftn2\">[2]<\/a> Dane z Raportu MEN &#8211; Diagnoza M\u0142odzie\u017cy 2026<\/p>\t\t\t\t\t\t\t\t<\/div>\n\t\t\t\t<\/div>\n\t\t\t\t\t<\/div>\n\t\t\t\t<\/div>\n\t\t<div class=\"elementor-element elementor-element-e7cdc1c e-flex e-con-boxed e-con e-parent\" data-id=\"e7cdc1c\" data-element_type=\"container\" data-e-type=\"container\">\n\t\t\t\t\t<div class=\"e-con-inner\">\n\t\t\t\t\t<\/div>\n\t\t\t\t<\/div>\n\t\t\t\t<\/div>\n\t\t","protected":false},"excerpt":{"rendered":"<p>W \u015awiatowy Dzie\u0144 Ksi\u0105\u017cki Fundacja Powszechnego Czytania pokazuje, jak czytanie dzieciom wspiera ich zdrowie psychiczne. Jest jak kask ochronny dla rozwijaj\u0105cego si\u0119 umys\u0142u, pas bezpiecze\u0144stwa dla relacji, kamizelka ratunkowa dla emocji. FPC rusza ze zbi\u00f3rk\u0105 na program w\u0142\u0105czania rekomendowania ksi\u0105\u017cek w profilaktyce zdrowia dzieci od pierwszych miesi\u0119cy \u017cycia. Kryzys zdrowia psychicznego dzieci Polska zmaga si\u0119&#8230;<\/p>","protected":false},"author":17,"featured_media":999290,"comment_status":"closed","ping_status":"open","sticky":false,"template":"","format":"standard","meta":{"_acf_changed":false,"give_campaign_id":0,"footnotes":""},"categories":[109,115],"tags":[183],"class_list":["post-999289","post","type-post","status-publish","format-standard","has-post-thumbnail","hentry","category-nasze-dzialania","category-polecamy","tag-fundacja-powszechnego-czytania-ksiazka-chroni","odd"],"acf":[],"_links":{"self":[{"href":"https:\/\/www.fpc.org.pl\/eng\/wp-json\/wp\/v2\/posts\/999289","targetHints":{"allow":["GET"]}}],"collection":[{"href":"https:\/\/www.fpc.org.pl\/eng\/wp-json\/wp\/v2\/posts"}],"about":[{"href":"https:\/\/www.fpc.org.pl\/eng\/wp-json\/wp\/v2\/types\/post"}],"author":[{"embeddable":true,"href":"https:\/\/www.fpc.org.pl\/eng\/wp-json\/wp\/v2\/users\/17"}],"replies":[{"embeddable":true,"href":"https:\/\/www.fpc.org.pl\/eng\/wp-json\/wp\/v2\/comments?post=999289"}],"version-history":[{"count":13,"href":"https:\/\/www.fpc.org.pl\/eng\/wp-json\/wp\/v2\/posts\/999289\/revisions"}],"predecessor-version":[{"id":999304,"href":"https:\/\/www.fpc.org.pl\/eng\/wp-json\/wp\/v2\/posts\/999289\/revisions\/999304"}],"wp:featuredmedia":[{"embeddable":true,"href":"https:\/\/www.fpc.org.pl\/eng\/wp-json\/wp\/v2\/media\/999290"}],"wp:attachment":[{"href":"https:\/\/www.fpc.org.pl\/eng\/wp-json\/wp\/v2\/media?parent=999289"}],"wp:term":[{"taxonomy":"category","embeddable":true,"href":"https:\/\/www.fpc.org.pl\/eng\/wp-json\/wp\/v2\/categories?post=999289"},{"taxonomy":"post_tag","embeddable":true,"href":"https:\/\/www.fpc.org.pl\/eng\/wp-json\/wp\/v2\/tags?post=999289"}],"curies":[{"name":"wp","href":"https:\/\/api.w.org\/{rel}","templated":true}]}}