{"id":998990,"date":"2026-04-22T15:46:21","date_gmt":"2026-04-22T13:46:21","guid":{"rendered":"https:\/\/www.fpc.org.pl\/?p=998990"},"modified":"2026-04-22T15:57:38","modified_gmt":"2026-04-22T13:57:38","slug":"czytajaca-polska-swietuje-swiatowy-dzien-ksiazki-i-praw-autorskich-unesco-w-calej-polsce","status":"publish","type":"post","link":"https:\/\/www.fpc.org.pl\/eng\/czytajaca-polska-swietuje-swiatowy-dzien-ksiazki-i-praw-autorskich-unesco-w-calej-polsce\/","title":{"rendered":"Czytaj\u0105ca Polska \u015bwi\u0119tuje \u015awiatowy Dzie\u0144 Ksi\u0105\u017cki i Praw Autorskich UNESCO w ca\u0142ej Polsce"},"content":{"rendered":"<div data-elementor-type=\"wp-post\" data-elementor-id=\"998990\" class=\"elementor elementor-998990\" data-elementor-post-type=\"post\">\n\t\t\t\t<div class=\"elementor-element elementor-element-ca01a6f e-flex e-con-boxed e-con e-parent\" data-id=\"ca01a6f\" data-element_type=\"container\" data-e-type=\"container\">\n\t\t\t\t\t<div class=\"e-con-inner\">\n\t\t\t\t<div class=\"elementor-element elementor-element-3487237 elementor-widget elementor-widget-text-editor\" data-id=\"3487237\" data-element_type=\"widget\" data-e-type=\"widget\" data-widget_type=\"text-editor.default\">\n\t\t\t\t<div class=\"elementor-widget-container\">\n\t\t\t\t\t\t\t\t\t<p>Kilkadziesi\u0105t wydarze\u0144 wok\u00f3\u0142 ksi\u0105\u017cki \u2013 od spotka\u0144 z pisarzami i warsztat\u00f3w dla dzieci po bicie rekordu Guinessa oraz plakat, kt\u00f3ry mo\u017cna bezp\u0142atnie pobra\u0107 do promocji \u015bwi\u0119ta \u2013 cz\u0142onkowie Koalicji Czytaj\u0105ca Polska przygotowuj\u0105 si\u0119 do tegorocznych obchod\u00f3w \u015awiatowego Dnia Ksi\u0105\u017cki i Praw Autorskich UNESCO. W du\u017cych miastach i mniejszych miejscowo\u015bciach, a tak\u017ce w skali og\u00f3lnopolskiej \u2013 w czwartek 23 kwietnia w centrum uwagi b\u0119dzie ksi\u0105\u017cka.<\/p><p>\u015awiatowy Dzie\u0144 Ksi\u0105\u017cki, ustanowiony przez UNESCO w 1995 roku, to najbardziej rozpoznawane og\u00f3lno\u015bwiatowe \u015bwi\u0119to skupiaj\u0105ce si\u0119 na promocji ksi\u0105\u017cek i czytania. W ten dzie\u0144 w ca\u0142ej Polsce odbywa\u0107 si\u0119 b\u0119d\u0105 debaty, warsztaty, spotkania autorskie i akcje spo\u0142eczne celebruj\u0105ce literatur\u0119 i zach\u0119caj\u0105ce do aktywnego z ni\u0105 kontaktu. O tym, na jak wiele sposob\u00f3w mo\u017cna to robi\u0107, przekonuj\u0105 dzia\u0142ania przygotowane przez podmioty zrzeszone w Koalicji Czytaj\u0105ca Polska \u2013 biblioteki, instytucje, organizacje pozarz\u0105dowe i edukacyjne \u2013 kt\u00f3rych celem jest zach\u0119canie do czytania przez ca\u0142y rok.<\/p><p><strong>The Universal Reading Foundation<\/strong> na co dzie\u0144 m\u00f3wi o tym, jak wa\u017cny jest regularny kontakt z literatur\u0105. \u015awiatowy Dzie\u0144 Ksi\u0105\u017cki to wyj\u0105tkowa okazja, by zwr\u00f3ci\u0107 uwag\u0119 na to, \u017ce ksi\u0105\u017cka to nie tylko przyjemno\u015b\u0107, ale kluczowe narz\u0119dzie rozwoju. Dlatego Fundacja zaprasza do wsp\u00f3lnego \u015bwi\u0119towania i w\u0142\u0105czenia si\u0119<br \/>\u00a0w zwi\u0119kszenie dost\u0119pu do ksi\u0105\u017cek: do wsparcia finansowego akcji #Ksi\u0105\u017ckaChroni, promuj\u0105cej czytanie jako narz\u0119dzie rozwoju i budowania odporno\u015bci psychicznej \u2013 tak wa\u017cne w dobie kryzys\u00f3w, ekran\u00f3w<br \/>\u00a0i nat\u0142oku informacji. Ju\u017c wkr\u00f3tce b\u0119dzie m\u00f3wi\u0107 o tym tak\u017ce w kampanii #TataTe\u017cCzyta2026.<\/p><p>Poni\u017cej program wydarze\u0144 wybranych podmiot\u00f3w, cz\u0142onk\u00f3w kolacji Czytaj\u0105ca Polska:<\/p><p><strong>Miejska Biblioteka Publiczna w Radomiu <\/strong>zaprasza 23 kwietnia 2026 o godz. 16:00 (kat. I \u2013 13\u201317 lat) i 16:30 (kat. II \u2013 osoby doros\u0142e) na konkurs o tytu\u0142 Radomskiego Mistrza Polskiej Ortografii, kt\u00f3ry poprowadzi Paulina Miku\u0142a. Zapisy online na stronie www.mbpradom.pl<\/p><p>Po dyktandzie, o godz. 17:30, zaplanowano spotkanie autorskie z Maciejem Marciszem i \u00a0promocj\u0119 ksi\u0105\u017cek pt.: \u201eTa\u015bmy rodzinne\u201d i \u201eZnaki zodiaku\u201d.<\/p><p><strong>Book Institute,<\/strong> w ramach proczytelniczego projektu BookStadion, we wsp\u00f3\u0142pracy z Wis\u0142\u0105 Krak\u00f3w, organizuje wydarzenie dla dzieci \u2013 Dzie\u0144 Ksi\u0105\u017cki, kt\u00f3ry odb\u0119dzie si\u0119 27 kwietnia na stadionie Wis\u0142y Krak\u00f3w. W programie przewidziano m.in. czytanie ksi\u0105\u017cek o tematyce sportowej przez pi\u0142karzy Wis\u0142y Krak\u00f3w, pokaz freestyle football w wykonaniu mistrza \u015bwiata w tej dyscyplinie oraz zwiedzanie stadionu; konkursy,<br \/>\u00a0w kt\u00f3rych dzieci b\u0119d\u0105 mia\u0142y mo\u017cliwo\u015b\u0107 zdobycia ksi\u0105\u017cek o swoich ulubionych bohaterach.<\/p><p><a href=\"https:\/\/www.facebook.com\/share\/p\/17DWvuUzty\/\" target=\"_blank\" rel=\"noopener\">https:\/\/www.facebook.com\/share\/p\/17DWvuUzty\/<\/a><\/p><p>W Dzie\u0144 Ksi\u0105\u017cki otwieraj\u0105 si\u0119 zg\u0142oszenia bibliotek i rusza program przygotowa\u0144 do og\u00f3lnopolskiej <strong>Nocy Bibliotek 2026<\/strong>, kt\u00f3ra w tym roku 16 pa\u017adziernika. Od dzi\u015b codziennie na interaktywnej mapie na stronie <a href=\"http:\/\/nocbibliotek.pl\/\" target=\"_blank\" rel=\"noopener\">nocbibliotek.pl<\/a> wizyt\u00f3wki i programy wydarze\u0144 zamieszczaj\u0105 biblioteki z ca\u0142ej Polski \u2013 w poprzedniej edycji by\u0142o ich a\u017c 1642! Organizator \u2013 Centrum Edukacji Obywatelskiej \u2013 zaprasza wszystkie biblioteki: publiczne, szkolne, pedagogiczne, akademickie i inne oraz rusza z warsztatami \u2013 og\u0142oszenie has\u0142a 12. edycji i\u00a0pierwszy warsztat dla bibliotek 29 maja na MTK w Warszawie, webinarami oraz inspiracjami na \u201eP\u00f3\u0142ce<br \/>\u00a0z pomys\u0142ami\u201d. Szykuj\u0105 si\u0119 gwiazdy literatury, ale te\u017c np. integracyjna gra karciana \u201eFlirt z Lalk\u0105\u201d oraz paczki z materia\u0142ami promocyjnymi \u2013 plakatami, zak\u0142adkami, ekslibrisami. Do\u0142\u0105czajcie!<\/p><p><strong>Polish Chamber of Books <\/strong>przygotowa\u0142a plakat i zak\u0142adk\u0119, kt\u00f3rych projekt opracowa\u0142 Piotr Depta-Kle\u015bta, autor plakatu Roku Szymborskiej. Ka\u017cdy, kto chce \u015bwi\u0119towa\u0107 23 kwietnia, mo\u017ce plakat pobra\u0107 i wydrukowa\u0107 lub umie\u015bci\u0107 w swoich mediach spo\u0142eczno\u015bciowych.<\/p><p>Wi\u0119cej informacji i linki do pobrania plakatu: <a href=\"https:\/\/pik.org.pl\/swiatowy-dzien-ksiazki-i-praw-autorskich\/\" target=\"_blank\" rel=\"noopener\">https:\/\/pik.org.pl\/swiatowy-dzien-ksiazki-i-praw-autorskich\/<\/a> Kolekcjonerski plakat z numer 1 z autografem autora mo\u017cna wylicytowa\u0107 w\u00a0aukcji na Allegro: <a href=\"https:\/\/allegro.pl\/oferta\/kolekcjonerski-plakat-autorstwa-piotra-depta-klesty-18502771076?dd_referrer\" target=\"_blank\" rel=\"noopener\">https:\/\/allegro.pl\/oferta\/kolekcjonerski-plakat-autorstwa-piotra-depta-klesty-18502771076?dd_referrer<\/a>= \u2013 \u015brodki z aukcji zostan\u0105 przekazane na dzia\u0142alno\u015b\u0107 Fundacji Powszechnego Czytania. Izba przygotowa\u0142a te\u017c zak\u0142adki, kt\u00f3re 23 kwietnia b\u0119d\u0105 rozdawana w ksi\u0119garniach kameralnych nale\u017c\u0105cych do Sekcji Ksi\u0119garskiej PIK \u2013 ich lista znajduje si\u0119 tutaj: <a href=\"https:\/\/pik.org.pl\/sekcja-ksiegarska-pik\/\" target=\"_blank\" rel=\"noopener\">https:\/\/pik.org.pl\/sekcja-ksiegarska-pik\/<\/a><\/p><p><strong>Wojew\u00f3dzka Biblioteka Publiczna i Centrum Animacji Kultury w Poznaniu<\/strong> zaprasza od 12:00 do16:00<br \/>\u00a0w podcienia biblioteki (w razie niepogody \u2013 w wypo\u017cyczalni), gdzie dzia\u0142a\u0107 b\u0119dzie Kawiarenka Literacka. Na odwiedzaj\u0105cych czeka\u0107 b\u0119d\u0105 bibliotekarze oraz seniorzy z\u00a0kursu \u201eNiby nic takiego, a co\u015b \u0142adnego\u201d, kt\u00f3rzy polec\u0105 swoje ulubione ksi\u0105\u017cki i podziel\u0105 si\u0119 czytelniczymi odkryciami. To okazja do swobodnych rozm\u00f3w o literaturze i znalezienia inspiracji do kolejnych lektur.<\/p><p>Wieczorem, o godzinie 18:00, w holu biblioteki odb\u0119dzie si\u0119 spotkanie autorskie. Go\u015bciem b\u0119dzie Maciej Duda \u2013 krytyk literacki, literaturoznawca i psychoterapeuta. Rozmowa skupi si\u0119 wok\u00f3\u0142 jego najnowszej powie\u015bci \u201eG\u0142\u00f3d\u201d.<\/p><p><strong>Filie Miejskiej Biblioteki Publicznej w Lublinie <\/strong>przygotowa\u0142y bogaty program: lekcje biblioteczne, warsztaty plastyczne, zaj\u0119cia edukacyjne o powstawaniu ksi\u0105\u017cki, g\u0142o\u015bne czytania oraz konkursy i akcje czytelnicze. Wydarzenia skierowane s\u0105 g\u0142\u00f3wnie do dzieci, ale tak\u017ce do doros\u0142ych i senior\u00f3w, podkre\u015blaj\u0105c rol\u0119 ksi\u0105\u017cki jako \u017ar\u00f3d\u0142a wiedzy i inspiracji.<\/p><p>wi\u0119cej: <a href=\"https:\/\/www.mbp.lublin.pl\/component\/djevents\/details\/2026-04-14\/1079-swiatowy-dzien-ksiazki-i-praw-autorskich-23-kwietnia-4\" target=\"_blank\" rel=\"noopener\">https:\/\/www.mbp.lublin.pl\/component\/djevents\/details\/2026-04-14\/1079-swiatowy-dzien-ksiazki-i-praw-autorskich-23-kwietnia-4<\/a><\/p><p>IN <strong>Centrum Kultury w Lublinie<\/strong> odb\u0119dzie si\u0119 spotkanie autorskie z Grzegorzem Jankowiczem. Wydarzenie po\u015bwi\u0119cone b\u0119dzie jego najnowszej ksi\u0105\u017cce \u201eOd-tworzenie. Eseje o potencjalno\u015bci\u201d.<\/p><p><strong>Miejska Biblioteka Publiczna w Choszcznie, Ksi\u0119garnia PEGAZ oraz Pole Golfowe \u201eModry Las\u201d<\/strong> zapraszaj\u0105 na miesi\u0105c kultury realizowany w ramach \u015awiatowego Dnia Ksi\u0105\u017cki i Praw Autorskich. To sp\u00f3jny program, kt\u00f3ry \u0142\u0105czy literatur\u0119 z muzyk\u0105, sztuk\u0105 i\u00a0do\u015bwiadczeniem wsp\u00f3lnoty \u2013 \u015bwiadomie buduj\u0105c kultur\u0119 czytania poprzez emocje, relacje i\u00a0wysok\u0105 jako\u015b\u0107 wydarze\u0144.<\/p><p>Program wydarze\u0144: <a href=\"https:\/\/mbpchoszczno.pl\/index.php\/2026\/04\/15\/swiatowy-dzien-ksiazki-w-choszcznie-2026\/\" target=\"_blank\" rel=\"noopener\">https:\/\/mbpchoszczno.pl\/index.php\/2026\/04\/15\/swiatowy-dzien-ksiazki-w-choszcznie-2026\/<\/a><\/p><p><strong>Zwi\u0105zek Gmin Wiejskich Rzeczypospolitej Polskiej <\/strong>zapowiada akcje czytelnicze w\u00a0gminnych bibliotekach, szko\u0142ach i przedszkolach, uczniowskie wystawy ksi\u0105\u017cek oraz specjalne komunikaty na temat korzy\u015bci, jakie niesie za sob\u0105 czytanie ksi\u0105\u017cek. A tak\u017ce szkolne debaty i pogadanki ze starszymi uczniami na temat praw autorskich w kontek\u015bcie rozwoju AI. Mi\u0119dzy innymi:<\/p><p><strong>w Ceg\u0142owie<\/strong> obchody rozpoczn\u0105 si\u0119 ju\u017c 20 kwietnia spotkaniem dla najm\u0142odszych \u2013 w ramach Akademii Malucha, podczas kt\u00f3rego zaplanowano czytanie na g\u0142os fragment\u00f3w ksi\u0105\u017cek, rozmowy o ulubionych bohaterach i warsztaty tworzenia ksi\u0105\u017ceczek,<\/p><p><strong>w Radwanicach<\/strong> zaskakuj\u0105co: obchody \u015awiatowego Dnia Ksi\u0105\u017cki i Praw Autorskich b\u0119d\u0105 mia\u0142y kulminacj\u0119 w przestrzeniach Domu Kultury, podczas spektaklu teatralnego pt.\u00a0\u201eDwunastu gniewnych ludzi\u201d, <br \/>w wykonaniu aktor\u00f3w Uniwersytetu Trzeciego Wieku z\u00a0Przemkowa.\u00a0 W kuluarach odb\u0119dzie si\u0119 promocja oferty lokalnej biblioteki skierowanej specjalnie do senior\u00f3w.<\/p><p><strong>Miejska Biblioteka Publiczna im. Jana \u015aniegonia w Wi\u015ble<\/strong> z okazji 23 kwietnia zaprasza wszystkie czytelniczki i czytelnik\u00f3w do wsp\u00f3lnego \u015bwi\u0119towania \u015awiatowego Dnia Ksi\u0105\u017cki i Praw Autorskich. Zesp\u00f3\u0142 biblioteki z 23 r\u00f3\u017cami i 23 ksi\u0105\u017ckami czeka\u0107 b\u0119dzie na ka\u017cdego, kto chce do\u0142\u0105czy\u0107 do uczczenia tego pi\u0119knego \u015bwi\u0119ta. Pierwszych 46 odwiedzaj\u0105cych w tym dniu zostanie obdarowanych r\u00f3\u017c\u0105 lub ksi\u0105\u017ck\u0105.<\/p><p><strong>Miasto Wroc\u0142aw<\/strong> zaprasza wszystkich ch\u0119tnych do udzia\u0142u w akcji czytelniczej \u201eCzytelniczy Rekord Wroc\u0142awia \u2013 kwadrans z ksi\u0105\u017ck\u0105\u201d. Na wroc\u0142awskim Rynku odb\u0119dzie si\u0119 pr\u00f3ba pobicia rekordu w liczbie os\u00f3b czytaj\u0105cych w tym samym czasie i miejscu. Ka\u017cda uczestnicz\u0105ca osoba otrzyma indywidualny numer, okoliczno\u015bciowy ekslibris oraz zni\u017cki do wroc\u0142awskich ksi\u0119garni. Szczeg\u00f3\u0142 akcji dost\u0119pne s\u0105 tu: <a href=\"https:\/\/literatura.wroclaw.pl\/facebook-event\/czytelniczy-rekord-wroclawia-kwadrans-z-ksiazka\/\" target=\"_blank\" rel=\"noopener\">https:\/\/literatura.wroclaw.pl\/facebook-event\/czytelniczy-rekord-wroclawia-kwadrans-z-ksiazka\/<\/a>. <br \/>Przez ca\u0142e popo\u0142udnie natomiast odbywa\u0107 si\u0119 b\u0119d\u0105 spotkania autorskie <strong>we wroc\u0142awskich ksi\u0119garniach<br \/>\u00a0i bibliotekach<\/strong>, np. w Filii 44, odb\u0119dzie si\u0119 spotkanie autorskie z Filipem Zawad\u0105. Akcj\u0119 wsp\u00f3\u0142organizuj\u0105 <strong>Klub Muzyki i Literatury, Miejska Biblioteka Publiczna im. Tadeusza R\u00f3\u017cewicza we Wroc\u0142awiu<br \/>\u00a0i Wroc\u0142awski Dom Literatury.<\/strong><\/p><p>23 kwietnia w filiach <strong>MBP we Wroc\u0142awiu<\/strong> b\u0119dzie mo\u017cna zdoby\u0107 bezp\u0142atne vouchery rodzinne <br \/>na zwiedzanie Muzeum Pana Tadeusza. Vouchery otrzymaj\u0105 osoby, kt\u00f3re 23 kwietnia wypo\u017cycz\u0105 <br \/>co najmniej jedn\u0105 ksi\u0105\u017ck\u0119 i podadz\u0105 has\u0142o: \u201eWroc\u0142aw Czyta Pana Tadeusza\u201d.<\/p><p>S\u0142owo. Pami\u0119\u0107. R\u00f3\u017cewicz, czyli poezja Tadeusza R\u00f3\u017cewicza w przestrzeni miasta \u2013<strong> MBP we Wroc\u0142awiu <\/strong>umieszcza cytaty z wierszy swojego patrona w przestrzeni publicznej. Pi\u0119\u0107 cytat\u00f3w z wierszy poety pojawi si\u0119 w ponad 30 lokalizacjach na terenie Wroc\u0142awia \u2013 mi\u0119dzy innymi w okolicach wroc\u0142awskiego Rynku, <br \/>na ulicach O\u0142awskiej i \u015awidnickiej, na Placu Grunwaldzkim, Psim Polu, Jagodnie, Popowicach czy Krzykach.<\/p><p><strong>Wroc\u0142aw House of Literature <\/strong>z okazji \u015awiatowego Dnia Ksi\u0105\u017cki zaprasza na inauguracj\u0119 nowego cyklu spotka\u0144 pn. \u201eMiasto Literatury m\u00f3wi\u201d, kt\u00f3ry pokazywa\u0107 b\u0119dzie, jak literatura mo\u017ce wspiera\u0107 nas w d\u0105\u017ceniu do realizacji cel\u00f3w zr\u00f3wnowa\u017conego rozwoju UNESCO \u2013 stawia\u0107 diagnozy, podsuwa\u0107 rozwi\u0105zania i dawa\u0107 nadziej\u0119, \u017ce zmiana jest mo\u017cliwa. 23 kwietnia odb\u0119dzie si\u0119 spotkanie z Paulin\u0105 Ma\u0142ochleb, autork\u0105 ksi\u0105\u017cki \u201eMi\u0119\u015bnie mam od mi\u0142o\u015bci. O\u00a0macierzy\u0144stwie\u201d o spo\u0142ecznych aspektach macierzy\u0144stwa.<\/p><p>18 kwietnia <strong>Fundacja Dom Ksi\u0105\u017cki<\/strong> w Poznaniu zorganizowa\u0142a w swojej przestrzeni warsztaty introligatorskie. Podczas 6-godzinnego spotkania uczestnicy uczyli si\u0119 jak samodzielnie z\u0142o\u017cy\u0107 ksi\u0105\u017ck\u0119 pod fachowym okiem Wiktorii D\u0119bi\u0144skiej. Na 23 kwietnia zaplanowane zosta\u0142o zako\u0144czenie konkursu \u201ePodaruj ksi\u0105\u017ckom w Domu Ksi\u0105\u017cki kolejne 50 lat\u201d, kt\u00f3ry trwa od 12\u00a0marca. Og\u0142aszaj\u0105c go przy okazji obchod\u00f3w Jubileuszu 50-lecia istnienia Domu Ksi\u0105\u017cki, Fundacja chcia\u0142a wesprze\u0107 kameraln\u0105 ksi\u0119garni\u0119 Bookowski dzia\u0142aj\u0105c\u0105 w murach Domu Ksi\u0105\u017cki. W ramach zadania konkursowego wystarczy uzasadni\u0107, dlaczego ksi\u0105\u017cka jest najlepszym prezentem. Do akcji jako fundatorzy nagr\u00f3d do\u0142\u0105czy\u0142y Biblioteka Raczy\u0144skich oraz Wojew\u00f3dzka Biblioteka Publiczna.<\/p><p><strong>Wydawnictwo Pozna\u0144skie we wsp\u00f3\u0142pracy z Kolejami Wielkopolskimi<\/strong> przygotowa\u0142o specjaln\u0105 akcj\u0119 proczytelnicz\u0105 w ramach obchod\u00f3w jubileuszu 70-lecia Wydawnictwa. 23\u00a0kwietnia do pasa\u017cer\u00f3w w ca\u0142ej Wielkopolsce trafi oko\u0142o 10 tysi\u0119cy ksi\u0105\u017cek, rozdawanych w\u00a0poci\u0105gach regionalnego przewo\u017anika. Podr\u00f3\u017cniczy otrzymaj\u0105 pozycje z r\u00f3\u017cnych gatunk\u00f3w \u2013 zar\u00f3wno powie\u015bci, jak i literatur\u0119 faktu. Inicjatywa realizowana pod has\u0142em \u201eZamknij ekran, otw\u00f3rz ksi\u0105\u017ck\u0119\u201d ma na celu promocj\u0119 czytelnictwa oraz zach\u0119cenie do si\u0119gania po ksi\u0105\u017ck\u0119 jako najlepsz\u0105 towarzyszk\u0119 podr\u00f3\u017cy. 23 kwietnia w przestrzeni miejskiej Poznania pojawi si\u0119 r\u00f3wnie\u017c kampania na ekranach LED, realizowana wsp\u00f3lnie przez Wydawnictwo Pozna\u0144skie i\u00a0Pozna\u0144skie Targi Ksi\u0105\u017cki. Wy\u015bwietlane has\u0142a b\u0119d\u0105 zach\u0119ca\u0107 mieszka\u0144c\u00f3w do si\u0119gni\u0119cia <br \/>po ksi\u0105\u017ck\u0119 i przypomina\u0107 o warto\u015bci czytania w codziennym \u017cyciu, wpisuj\u0105c si\u0119 w obchody \u015awiatowego Dnia Ksi\u0105\u017cki.<\/p><p><strong>\u201eCzytaj\u0105ca Polska\u201d to nieformalna koalicja os\u00f3b, instytucji, organizacji pozarz\u0105dowych i firm, kt\u00f3re \u0142\u0105czy \u015bwiadomo\u015b\u0107, \u017ce przysz\u0142o\u015b\u0107 Polski zale\u017cy od czytania.<\/strong> Koalicja powsta\u0142a na kilka miesi\u0119cy przed pandemi\u0105 i podkre\u015bla, \u017ce jej marzeniem jest stworzenie warunk\u00f3w do pe\u0142nego rozwoju potencja\u0142u ka\u017cdego dziecka w Polsce. Wi\u0119cej mo\u017cna przeczyta\u0107 na stronie <a href=\"http:\/\/www.czytajacapolska.pl\/\" target=\"_blank\" rel=\"noopener\">www.czytajacapolska.pl<\/a>.<\/p><p>W pracach Koalicji bior\u0105 i bra\u0142y udzia\u0142 nast\u0119puj\u0105ce organizacje:<\/p><p><strong>Institutions<\/strong>: Biblioteka Narodowa, Narodowe Centrum Kultury, Instytut Ksi\u0105\u017cki, Ministerstwo Edukacji Narodowej, Gdy\u0144skie Centrum Kultury, Wroc\u0142awski Dom Literatury, Krakowskie Biuro Festiwalowe, Goyki 3 Art Inkubator; O\u015brodek Rozwoju Edukacji, Uniwersytet w Bia\u0142ymstoku, Gda\u0144ski Dom Literatury, Zamojska Akademia Kultury<\/p><p><strong>Local governments and local government organizations<\/strong>: Gda\u0144sk, Lublin, \u0141\u00f3d\u017a, Krak\u00f3w, Strumie\u0144, Warszawa, Wroc\u0142aw, Zabrze, Zakopane, Unia Metropolii Polskich, Rozczytana aglomeracja, Zwi\u0105zek Gmin Wiejskich RP, Pozna\u0144ski Zesp\u00f3\u0142 \u017b\u0142obk\u00f3w<\/p><p><strong>Libraries<\/strong>: WBP Olsztyn, WBPiCAK w Poznaniu, MBP Zabrze, MBP Wroc\u0142aw, MBP Choszczno, MBP D\u0105browa G\u00f3rnicza, MBP Zakopane; MBP Wis\u0142a, MBP Radom, MBP Kielce, Biblioteka w Mie\u015bcisku<\/p><p><strong>Business<\/strong>: Wydawnictwo Mamania, Wydawnictwo Nowa Era, Ksi\u0119garnia Mamy To, Legimi, Lubimyczytac.pl, Mi\u0119dzynarodowe Targi Pozna\u0144skie; Wydawnictwo Agora dla dzieci, Wydawnictwo Pozna\u0144skie, Rossmann<\/p><p><strong>Fundacje i stowarzyszenia<\/strong>: Fundacja Powszechnego Czytania, Fundacja CzasDzieci, Fundacja Edico, Centrum Edukacji Obywatelskiej, Festiwal Stolica J\u0119zyka Polskiego, Szko\u0142a Edukacji UW i PAFW, Polska Izba Ksi\u0105\u017cki, Stowarzyszenie T\u0142umaczy Literatury; Fundacja Rozwoju Dzieci im Kome\u0144skiego, Fundacja Dom Ksi\u0105\u017cki w Poznaniu<\/p><p><strong>Education system units:<\/strong> Regionalny O\u015brodek Metodyczno-Edukacyjny Metis, Psychologia Edukacyjna, Szko\u0142a Podstawowa nr 33 w Katowicach, Liceum Og\u00f3lnokszta\u0142c\u0105ce nr VII we Wroc\u0142awiu.<\/p>\t\t\t\t\t\t\t\t<\/div>\n\t\t\t\t<\/div>\n\t\t\t\t\t<\/div>\n\t\t\t\t<\/div>\n\t\t<div class=\"elementor-element elementor-element-e7cdc1c e-flex e-con-boxed e-con e-parent\" data-id=\"e7cdc1c\" data-element_type=\"container\" data-e-type=\"container\">\n\t\t\t\t\t<div class=\"e-con-inner\">\n\t\t\t\t<div class=\"elementor-element elementor-element-f75bb0c elementor-widget elementor-widget-image\" data-id=\"f75bb0c\" data-element_type=\"widget\" data-e-type=\"widget\" data-widget_type=\"image.default\">\n\t\t\t\t<div class=\"elementor-widget-container\">\n\t\t\t\t\t\t\t\t\t<div class=\"elementor-image\">\n\t\t\t\t\t\t\t\t\t\t\t\t\t\t\t\t\t\t\t\t\t<img fetchpriority=\"high\" decoding=\"async\" width=\"624\" height=\"503\" src=\"https:\/\/www.fpc.org.pl\/wp-content\/uploads\/2026\/04\/czytpol.png\" class=\"attachment-large size-large wp-image-999005\" alt=\"\" srcset=\"https:\/\/www.fpc.org.pl\/wp-content\/uploads\/2026\/04\/czytpol.png 624w, https:\/\/www.fpc.org.pl\/wp-content\/uploads\/2026\/04\/czytpol-300x242.png 300w, https:\/\/www.fpc.org.pl\/wp-content\/uploads\/2026\/04\/czytpol-15x12.png 15w\" sizes=\"(max-width: 624px) 100vw, 624px\" \/>\t\t\t\t\t\t\t\t\t\t\t\t\t\t\t\t\t\t\t\t\t\t\t\t<\/div>\n\t\t\t\t\t\t\t\t<\/div>\n\t\t\t\t<\/div>\n\t\t\t\t\t<\/div>\n\t\t\t\t<\/div>\n\t\t\t\t<\/div>","protected":false},"excerpt":{"rendered":"<p>Kilkadziesi\u0105t wydarze\u0144 wok\u00f3\u0142 ksi\u0105\u017cki \u2013 od spotka\u0144 z pisarzami i warsztat\u00f3w dla dzieci po bicie rekordu Guinessa oraz plakat, kt\u00f3ry mo\u017cna bezp\u0142atnie pobra\u0107 do promocji \u015bwi\u0119ta \u2013 cz\u0142onkowie Koalicji Czytaj\u0105ca Polska przygotowuj\u0105 si\u0119 do tegorocznych obchod\u00f3w \u015awiatowego Dnia Ksi\u0105\u017cki i Praw Autorskich UNESCO. W du\u017cych miastach i mniejszych miejscowo\u015bciach, a tak\u017ce w skali og\u00f3lnopolskiej \u2013&#8230;<\/p>","protected":false},"author":17,"featured_media":999012,"comment_status":"closed","ping_status":"open","sticky":false,"template":"","format":"standard","meta":{"_acf_changed":false,"give_campaign_id":0,"footnotes":""},"categories":[109,115],"tags":[87,150,96],"class_list":["post-998990","post","type-post","status-publish","format-standard","has-post-thumbnail","hentry","category-nasze-dzialania","category-polecamy","tag-czytajaca-polska","tag-fpc","tag-fundacja-powszechnego-czytania","odd"],"acf":[],"_links":{"self":[{"href":"https:\/\/www.fpc.org.pl\/eng\/wp-json\/wp\/v2\/posts\/998990","targetHints":{"allow":["GET"]}}],"collection":[{"href":"https:\/\/www.fpc.org.pl\/eng\/wp-json\/wp\/v2\/posts"}],"about":[{"href":"https:\/\/www.fpc.org.pl\/eng\/wp-json\/wp\/v2\/types\/post"}],"author":[{"embeddable":true,"href":"https:\/\/www.fpc.org.pl\/eng\/wp-json\/wp\/v2\/users\/17"}],"replies":[{"embeddable":true,"href":"https:\/\/www.fpc.org.pl\/eng\/wp-json\/wp\/v2\/comments?post=998990"}],"version-history":[{"count":13,"href":"https:\/\/www.fpc.org.pl\/eng\/wp-json\/wp\/v2\/posts\/998990\/revisions"}],"predecessor-version":[{"id":999018,"href":"https:\/\/www.fpc.org.pl\/eng\/wp-json\/wp\/v2\/posts\/998990\/revisions\/999018"}],"wp:featuredmedia":[{"embeddable":true,"href":"https:\/\/www.fpc.org.pl\/eng\/wp-json\/wp\/v2\/media\/999012"}],"wp:attachment":[{"href":"https:\/\/www.fpc.org.pl\/eng\/wp-json\/wp\/v2\/media?parent=998990"}],"wp:term":[{"taxonomy":"category","embeddable":true,"href":"https:\/\/www.fpc.org.pl\/eng\/wp-json\/wp\/v2\/categories?post=998990"},{"taxonomy":"post_tag","embeddable":true,"href":"https:\/\/www.fpc.org.pl\/eng\/wp-json\/wp\/v2\/tags?post=998990"}],"curies":[{"name":"wp","href":"https:\/\/api.w.org\/{rel}","templated":true}]}}