{"id":996522,"date":"2025-12-11T12:55:06","date_gmt":"2025-12-11T11:55:06","guid":{"rendered":"https:\/\/www.fpc.org.pl\/?p=996522"},"modified":"2025-12-11T13:21:44","modified_gmt":"2025-12-11T12:21:44","slug":"czytam-wiec-mysle-dzialam-i-jestem-obywatelem-rusza-bezplatny-kurs-walczacy-z-dezinformacja-w-szkole","status":"publish","type":"post","link":"https:\/\/www.fpc.org.pl\/eng\/czytam-wiec-mysle-dzialam-i-jestem-obywatelem-rusza-bezplatny-kurs-walczacy-z-dezinformacja-w-szkole\/","title":{"rendered":"I Read, Therefore I Think, I Act, and I Am a Citizen!\u201d \u2013 A Free Course to Combat Disinformation in Schools Launches"},"content":{"rendered":"\t\t<div data-elementor-type=\"wp-post\" data-elementor-id=\"996522\" class=\"elementor elementor-996522\" data-elementor-post-type=\"post\">\n\t\t\t\t<div class=\"elementor-element elementor-element-ca01a6f e-flex e-con-boxed e-con e-parent\" data-id=\"ca01a6f\" data-element_type=\"container\" data-e-type=\"container\">\n\t\t\t\t\t<div class=\"e-con-inner\">\n\t\t\t\t<div class=\"elementor-element elementor-element-3487237 elementor-widget elementor-widget-text-editor\" data-id=\"3487237\" data-element_type=\"widget\" data-e-type=\"widget\" data-widget_type=\"text-editor.default\">\n\t\t\t\t<div class=\"elementor-widget-container\">\n\t\t\t\t\t\t\t\t\t<p><strong>Fundacja<\/strong> P<b>owszechnego Czytania, przy wsparciu Ministerstwa Edukacji Narodowej, uruchamia innowacyjny kurs online dla nauczycieli, edukator\u00f3w, wychowawc\u00f3w i student\u00f3w planuj\u0105cych prac\u0119 <br \/>z dzie\u0107mi. Program \u201eCzytam, wi\u0119c my\u015bl\u0119, dzia\u0142am i jestem obywatelem!\u201d to odpowied\u017a na rosn\u0105c\u0105 fal\u0119 dezinformacji i fake news\u00f3w. Jego celem jest wyposa\u017cenie kadry pedagogicznej w konkretne narz\u0119dzia buduj\u0105ce u uczni\u00f3w odporno\u015b\u0107 poznawcz\u0105 i krytyczne my\u015blenie poprzez czytanie.<\/b><\/p><p>Wsp\u00f3\u0142czesna szko\u0142a mierzy si\u0119 z bezprecedensowym wyzwaniem: jak nauczy\u0107 m\u0142odych ludzi poruszania si\u0119 w g\u0105szczu sprzecznych komunikat\u00f3w i dynamicznych narracji cyfrowych? Fundamentem edukacji obywatelskiej staje si\u0119 dzi\u015b umiej\u0119tno\u015b\u0107 \u015bwiadomego selekcjonowania informacji. W\u0142a\u015bnie ruszy\u0142y zapisy na bezp\u0142atny kurs dost\u0119pny na platformie <a href=\"https:\/\/discovery.navoica.pl\/course-v1:fpc+czytam-wiec-mysle-dzialam-i-jestem-obywatelem+edycja-1\/about\" target=\"_blank\" rel=\"noopener\"><u>Navoica.pl<\/u><\/a>, kt\u00f3ry pokazuje, \u017ce najskuteczniejsz\u0105 \u201eszczepionk\u0105\u201d na manipulacj\u0119 mo\u017ce by\u0107 literatura.<\/p><p><b>Edukacja obywatelska poprzez czytanie<\/b><\/p><p><b><\/b>Kurs, opracowany przez FPC w ramach Koalicji Czytaj\u0105ca Polska to kompleksowe kompendium wiedzy podzielone na trzy modu\u0142y:<\/p><p><b>1. Fundamenty:<\/b> Analiza mechanizm\u00f3w dezinformacji i roli kompetencji j\u0119zykowych w budowaniu odporno\u015bci poznawczej.<br \/><b>2. Metodologie: <\/b>Gotowe scenariusze zaj\u0119\u0107 i techniki (np. debaty, czytanie krytyczne) do wykorzystania <br \/>na ka\u017cdym przedmiocie \u2013 od j\u0119zyka polskiego po fizyk\u0119.<br \/><b>3. Ekosystem: <\/b>Strategie w\u0142\u0105czania rodzic\u00f3w i spo\u0142eczno\u015bci lokalnej w budowanie kultury czytelniczej.<\/p><p>Program wspieraj\u0105 znani ambasadorzy, kt\u00f3rzy podkre\u015blaj\u0105 wag\u0119 zatrzymania si\u0119 w p\u0119dzie cyfrowego \u015bwiata. <i>\u201eW \u015bwiecie, w kt\u00f3rym scrollujemy szybciej, ni\u017c my\u015blimy, ksi\u0105\u017cka wci\u0105\u017c potrafi nas zatrzyma\u0107. <br \/>To ona uczy nas zadawa\u0107 pytania, rozumie\u0107 innych i nie da\u0107 si\u0119 zwie\u015b\u0107 pozorom.\u201d<\/i> \u2013 m\u00f3wi <br \/><b>Wojciech Chmielarz<\/b>, pisarz i ambasador akcji. \u2013 <i>\u201eJe\u017celi jeste\u015b nauczycielem i chcia\u0142by\u015b si\u0119 dowiedzie\u0107, jak dzi\u0119ki literaturze wspiera\u0107 samodzielne my\u015blenie uczni\u00f3w [&#8230;], do\u0142\u0105cz do kursu. Czytanie naprawd\u0119 zmienia ludzi, szko\u0142\u0119 i \u015bwiat.\u201d<\/i> \u2013 dodaje autor bestsellerowych krymina\u0142\u00f3w.<\/p><p><b>Od neuronauki do praktyki szkolnej<\/b><br \/>Uczestnicy szkolenia poznaj\u0105 nie tylko teori\u0119, ale przede wszystkim praktyczne zastosowanie najnowszych odkry\u0107 neuronauki dotycz\u0105cych zwi\u0105zku mi\u0119dzy czytaniem a rozwojem m\u00f3zgu. Kurs oferuje unikaln\u0105 wiedz\u0119 o tym, jak projektowa\u0107 strategie immersji w debat\u0119 obywatelsk\u0105 oraz jak skutecznie diagnozowa\u0107 post\u0119py czytelnicze.<\/p><p>Do udzia\u0142u w projekcie zach\u0119ca r\u00f3wnie\u017c aktorka <b>Anna Czartoryska-Niemczycka<\/b>: <i>\u201eJe\u017celi chcesz, by Twoi uczniowie wiedzieli, jak broni\u0107 si\u0119 przed dezinformacj\u0105, jaka jest si\u0142a krytycznego my\u015blenia i co tak naprawd\u0119 oznacza bycie obywatelem [&#8230;], zach\u0119caj ich do czytania. To w\u0142a\u015bnie czytanie ksi\u0105\u017cek pomaga budowa\u0107 kompetencje przysz\u0142o\u015bci\u201d<\/i> \u2013 podkre\u015bla ambasadorka.<\/p><p><b>Partnerstwo dla przysz\u0142o\u015bci<\/b><br \/>Projekt powsta\u0142 dzi\u0119ki dofinansowaniu Ministra Edukacji w ramach programu \u201eM\u0142odzi Obywatele\u201d <br \/>i wsp\u00f3\u0142pracy z kluczowymi instytucjami edukacyjnymi w Polsce. Partnerami merytorycznymi programu s\u0105: Biblioteka Narodowa, Instytut Bada\u0144 Edukacyjnych, wydawnictwo Nowa Era, dystrybutor Platon oraz miesi\u0119cznik \u201eDyrektor Szko\u0142y\u201d.\u00a0<b><\/b><\/p><p><b>Jak do\u0142\u0105czy\u0107?<\/b><br \/>Zapisy na kurs s\u0105 ju\u017c otwarte. Udzia\u0142 jest ca\u0142kowicie bezp\u0142atny. Program skierowany jest do nauczycieli wszystkich szczebli, wychowawc\u00f3w, bibliotekarzy, edukator\u00f3w oraz student\u00f3w planuj\u0105cych prac\u0119 <br \/>z dzie\u0107mi i m\u0142odzie\u017c\u0105, z ca\u0142ej Polski. Szczeg\u00f3\u0142y i rejestracja dost\u0119pne s\u0105 na platformie edukacyjnej:\u00a0<a style=\"font-family: inherit; font-size: inherit; font-style: inherit; font-variant-ligatures: inherit; font-variant-caps: inherit;\" href=\"https:\/\/discovery.navoica.pl\/course-v1:fpc+czytam-wiec-mysle-dzialam-i-jestem-obywatelem+edycja-1\/about\" target=\"_blank\" rel=\"noopener\"><u>Czytam, wi\u0119c my\u015bl\u0119, dzia\u0142am i jestem obywatelem! &#8211; edukacja obywatelska poprzez czytanie i krytyczne my\u015blenie | Navoica.pl<\/u><\/a><\/p><p><b>Fundacja Powszechnego Czytania<\/b> jest organizacj\u0105 non-profit, kt\u00f3rej misj\u0105 jest podniesienie poziomu czytelnictwa w Polsce poprzez liczne kampanie i projekty edukacyjne. Dzia\u0142a, na rzecz upowszechniania kultury czytelniczej i wyr\u00f3wnywania szans. Wspiera, rodzic\u00f3w, edukuje nauczycieli, bibliotekarzy, buduje \u015brodowiska lider\u00f3w. Fundacja opiera si\u0119 na rzetelnych badaniach, dowodach naukowych i ich ewaluacji. Wierzy, \u017ce czytanie jest niezb\u0119dne dla\u00a0rozwoju demokracji, gospodarki i szcz\u0119\u015bcia jednostki.<b><br \/><\/b><\/p><p style=\"margin-bottom: 12pt; line-height: 114%; border-width: initial; border-style: none;\">\u00a0<\/p>\t\t\t\t\t\t\t\t<\/div>\n\t\t\t\t<\/div>\n\t\t\t\t\t<\/div>\n\t\t\t\t<\/div>\n\t\t<div class=\"elementor-element elementor-element-881f996 e-flex e-con-boxed e-con e-parent\" data-id=\"881f996\" data-element_type=\"container\" data-e-type=\"container\">\n\t\t\t\t\t<div class=\"e-con-inner\">\n\t\t\t\t\t<\/div>\n\t\t\t\t<\/div>\n\t\t\t\t<\/div>\n\t\t","protected":false},"excerpt":{"rendered":"<p>Fundacja Powszechnego Czytania, przy wsparciu Ministerstwa Edukacji Narodowej, uruchamia innowacyjny kurs online dla nauczycieli, edukator\u00f3w, wychowawc\u00f3w i student\u00f3w planuj\u0105cych prac\u0119 z dzie\u0107mi. Program \u201eCzytam, wi\u0119c my\u015bl\u0119, dzia\u0142am i jestem obywatelem!\u201d to odpowied\u017a na rosn\u0105c\u0105 fal\u0119 dezinformacji i fake news\u00f3w. Jego celem jest wyposa\u017cenie kadry pedagogicznej w konkretne narz\u0119dzia buduj\u0105ce u uczni\u00f3w odporno\u015b\u0107 poznawcz\u0105 i krytyczne&#8230;<\/p>","protected":false},"author":17,"featured_media":996524,"comment_status":"closed","ping_status":"open","sticky":false,"template":"","format":"standard","meta":{"_acf_changed":false,"give_campaign_id":0,"footnotes":""},"categories":[109,110],"tags":[150,96],"class_list":["post-996522","post","type-post","status-publish","format-standard","has-post-thumbnail","hentry","category-nasze-dzialania","category-zapraszamy","tag-fpc","tag-fundacja-powszechnego-czytania","odd"],"acf":[],"_links":{"self":[{"href":"https:\/\/www.fpc.org.pl\/eng\/wp-json\/wp\/v2\/posts\/996522","targetHints":{"allow":["GET"]}}],"collection":[{"href":"https:\/\/www.fpc.org.pl\/eng\/wp-json\/wp\/v2\/posts"}],"about":[{"href":"https:\/\/www.fpc.org.pl\/eng\/wp-json\/wp\/v2\/types\/post"}],"author":[{"embeddable":true,"href":"https:\/\/www.fpc.org.pl\/eng\/wp-json\/wp\/v2\/users\/17"}],"replies":[{"embeddable":true,"href":"https:\/\/www.fpc.org.pl\/eng\/wp-json\/wp\/v2\/comments?post=996522"}],"version-history":[{"count":18,"href":"https:\/\/www.fpc.org.pl\/eng\/wp-json\/wp\/v2\/posts\/996522\/revisions"}],"predecessor-version":[{"id":996542,"href":"https:\/\/www.fpc.org.pl\/eng\/wp-json\/wp\/v2\/posts\/996522\/revisions\/996542"}],"wp:featuredmedia":[{"embeddable":true,"href":"https:\/\/www.fpc.org.pl\/eng\/wp-json\/wp\/v2\/media\/996524"}],"wp:attachment":[{"href":"https:\/\/www.fpc.org.pl\/eng\/wp-json\/wp\/v2\/media?parent=996522"}],"wp:term":[{"taxonomy":"category","embeddable":true,"href":"https:\/\/www.fpc.org.pl\/eng\/wp-json\/wp\/v2\/categories?post=996522"},{"taxonomy":"post_tag","embeddable":true,"href":"https:\/\/www.fpc.org.pl\/eng\/wp-json\/wp\/v2\/tags?post=996522"}],"curies":[{"name":"wp","href":"https:\/\/api.w.org\/{rel}","templated":true}]}}