{"id":996254,"date":"2025-12-04T11:56:13","date_gmt":"2025-12-04T10:56:13","guid":{"rendered":"https:\/\/www.fpc.org.pl\/?p=996254"},"modified":"2025-12-04T15:08:04","modified_gmt":"2025-12-04T14:08:04","slug":"webinar-jak-wspierac-edukacje-obywatelska-i-odpornosc-wspolnotowa-szkoly-poprzez-czytanie-i-krytyczne-myslenie","status":"publish","type":"post","link":"https:\/\/www.fpc.org.pl\/eng\/webinar-jak-wspierac-edukacje-obywatelska-i-odpornosc-wspolnotowa-szkoly-poprzez-czytanie-i-krytyczne-myslenie\/","title":{"rendered":"How to Support Civic Education and School Community Resilience Through Reading and Critical Thinking? Join Our Webinar"},"content":{"rendered":"<div data-elementor-type=\"wp-post\" data-elementor-id=\"996254\" class=\"elementor elementor-996254\" data-elementor-post-type=\"post\">\n\t\t\t\t<div class=\"elementor-element elementor-element-ca01a6f e-flex e-con-boxed e-con e-parent\" data-id=\"ca01a6f\" data-element_type=\"container\" data-e-type=\"container\">\n\t\t\t\t\t<div class=\"e-con-inner\">\n\t\t\t\t<div class=\"elementor-element elementor-element-3487237 elementor-widget elementor-widget-text-editor\" data-id=\"3487237\" data-element_type=\"widget\" data-e-type=\"widget\" data-widget_type=\"text-editor.default\">\n\t\t\t\t<div class=\"elementor-widget-container\">\n\t\t\t\t\t\t\t\t\t<p>We invite teachers, librarians, and literacy animators to a special webinar: \"How to support civic education and school community resilience through reading and critical thinking?<\/p><p class=\"translation-block\">\u2022\tWhen: Tuesday, December 9, at 9:00 AM (CET)\n\u2022\tRegistration: Register here\n\u2022\tAdmission: Free of charge<\/p><p>Join us for a panel discussion featuring distinguished experts:<\/p><ul><li>\u2022\tDr. Kinga Bia\u0142ek \u2013 PAFW School of Education, University of Warsaw<\/li><li>\u2022\tDr. Joanna Dobkowska \u2013 University of Warsaw<\/li><li>\u2022\tDr. Tomasz Gajderowicz \u2013 Director of the Educational Research Institute (IBE)<\/li><li>\u2022\tDr. Karina Stasiuk-Krajewska \u2013 SWPS University<\/li><\/ul><p>Moderator: Maria Deskur \u2013 President of the Universal Reading Foundation (URF)<\/p><p>During the meeting, we will discuss:<\/p><ul><li>\u2022\tThe power of critical thinking and why it is vital to avoid extremes;<\/li><li>\u2022\tHow reading fosters civic attitudes and strengthens resistance to disinformation;<\/li><li>\u2022\tThe new, free online course for teachers and educators: \"I read, therefore I think, I act, and I am a citizen.\"<\/li><\/ul><p>This webinar is an excellent opportunity to explore the core principles of the course, access practical materials, and find inspiration for activities that not only strengthen the school community but also contribute to building a resilient, conscious society for the future. Join us to discover how working with books can tangibly shape the civic attitudes of young people.<\/p><p>Organizers: Universal Reading Foundation (URF)<\/p><p>Partners: Educational Research Institute (IBE), National Library of Poland, Reading Poland (Czytaj\u0105ca Polska), Platon, Nowa Era, Dyrektor Szko\u0142y magazine.<\/p><p>This event is part of the Reading Rescuers (Ratownicy Czytelnictwa) programme.<\/p>\t\t\t\t\t\t\t\t<\/div>\n\t\t\t\t<\/div>\n\t\t\t\t\t<\/div>\n\t\t\t\t<\/div>\n\t\t<div class=\"elementor-element elementor-element-9788f69 e-flex e-con-boxed e-con e-parent\" data-id=\"9788f69\" data-element_type=\"container\" data-e-type=\"container\">\n\t\t\t\t\t<div class=\"e-con-inner\">\n\t\t\t\t<div class=\"elementor-element elementor-element-03ee814 elementor-widget elementor-widget-image\" data-id=\"03ee814\" data-element_type=\"widget\" data-e-type=\"widget\" data-widget_type=\"image.default\">\n\t\t\t\t<div class=\"elementor-widget-container\">\n\t\t\t\t\t\t\t\t\t<div class=\"elementor-image\">\n\t\t\t\t\t\t\t\t\t\t\t\t\t\t\t\t\t\t\t\t\t<img fetchpriority=\"high\" decoding=\"async\" width=\"1024\" height=\"995\" src=\"https:\/\/www.fpc.org.pl\/wp-content\/uploads\/2025\/12\/zaproszenie_v2-01-1024x995.png\" class=\"attachment-large size-large wp-image-996266\" alt=\"\" srcset=\"https:\/\/www.fpc.org.pl\/wp-content\/uploads\/2025\/12\/zaproszenie_v2-01-1024x995.png 1024w, https:\/\/www.fpc.org.pl\/wp-content\/uploads\/2025\/12\/zaproszenie_v2-01-300x292.png 300w, https:\/\/www.fpc.org.pl\/wp-content\/uploads\/2025\/12\/zaproszenie_v2-01-768x746.png 768w, https:\/\/www.fpc.org.pl\/wp-content\/uploads\/2025\/12\/zaproszenie_v2-01-1536x1493.png 1536w, https:\/\/www.fpc.org.pl\/wp-content\/uploads\/2025\/12\/zaproszenie_v2-01-2048x1990.png 2048w, https:\/\/www.fpc.org.pl\/wp-content\/uploads\/2025\/12\/zaproszenie_v2-01-12x12.png 12w, https:\/\/www.fpc.org.pl\/wp-content\/uploads\/2025\/12\/zaproszenie_v2-01-1260x1225.png 1260w, https:\/\/www.fpc.org.pl\/wp-content\/uploads\/2025\/12\/zaproszenie_v2-01-630x612.png 630w\" sizes=\"(max-width: 1024px) 100vw, 1024px\" \/>\t\t\t\t\t\t\t\t\t\t\t\t\t\t\t\t\t\t\t\t\t\t\t\t<\/div>\n\t\t\t\t\t\t\t\t<\/div>\n\t\t\t\t<\/div>\n\t\t\t\t\t<\/div>\n\t\t\t\t<\/div>\n\t\t\t\t<\/div>","protected":false},"excerpt":{"rendered":"<p>Zapraszamy do wzi\u0119cia udzia\u0142u w webinarium dla nauczycieli, bibliotekarzy i animator\u00f3w czytelnictwa: Jak wspiera\u0107 edukacj\u0119 obywatelsk\u0105 i odporno\u015b\u0107 wsp\u00f3lnotow\u0105 szko\u0142y poprzez czytanie i krytyczne my\u015blenie? Wydarzenie odb\u0119dzie si\u0119, we wtorek, 9 grudnia godzina 9.00.Rejestracja dost\u0119pna pod linkiem:\u00a0https:\/\/platon.clickmeeting.com\/ratownicyczyteln&#8230;\/registerWst\u0119p wolny! Zapraszamy na rozmow\u0119 panelow\u0105, w kt\u00f3rej udzia\u0142 wezm\u0105: dr Kinga Bia\u0142ek \u2013 Szko\u0142a Edukacji PAFW, Uniwersytet Warszawski,&#8230;<\/p>","protected":false},"author":17,"featured_media":996256,"comment_status":"closed","ping_status":"open","sticky":false,"template":"","format":"standard","meta":{"_acf_changed":false,"give_campaign_id":0,"footnotes":""},"categories":[110],"tags":[150,96,165],"class_list":["post-996254","post","type-post","status-publish","format-standard","has-post-thumbnail","hentry","category-zapraszamy","tag-fpc","tag-fundacja-powszechnego-czytania","tag-webinar","odd"],"acf":[],"_links":{"self":[{"href":"https:\/\/www.fpc.org.pl\/eng\/wp-json\/wp\/v2\/posts\/996254","targetHints":{"allow":["GET"]}}],"collection":[{"href":"https:\/\/www.fpc.org.pl\/eng\/wp-json\/wp\/v2\/posts"}],"about":[{"href":"https:\/\/www.fpc.org.pl\/eng\/wp-json\/wp\/v2\/types\/post"}],"author":[{"embeddable":true,"href":"https:\/\/www.fpc.org.pl\/eng\/wp-json\/wp\/v2\/users\/17"}],"replies":[{"embeddable":true,"href":"https:\/\/www.fpc.org.pl\/eng\/wp-json\/wp\/v2\/comments?post=996254"}],"version-history":[{"count":15,"href":"https:\/\/www.fpc.org.pl\/eng\/wp-json\/wp\/v2\/posts\/996254\/revisions"}],"predecessor-version":[{"id":996291,"href":"https:\/\/www.fpc.org.pl\/eng\/wp-json\/wp\/v2\/posts\/996254\/revisions\/996291"}],"wp:featuredmedia":[{"embeddable":true,"href":"https:\/\/www.fpc.org.pl\/eng\/wp-json\/wp\/v2\/media\/996256"}],"wp:attachment":[{"href":"https:\/\/www.fpc.org.pl\/eng\/wp-json\/wp\/v2\/media?parent=996254"}],"wp:term":[{"taxonomy":"category","embeddable":true,"href":"https:\/\/www.fpc.org.pl\/eng\/wp-json\/wp\/v2\/categories?post=996254"},{"taxonomy":"post_tag","embeddable":true,"href":"https:\/\/www.fpc.org.pl\/eng\/wp-json\/wp\/v2\/tags?post=996254"}],"curies":[{"name":"wp","href":"https:\/\/api.w.org\/{rel}","templated":true}]}}