{"id":996226,"date":"2025-12-04T11:15:42","date_gmt":"2025-12-04T10:15:42","guid":{"rendered":"https:\/\/www.fpc.org.pl\/?p=996226"},"modified":"2025-12-04T11:50:06","modified_gmt":"2025-12-04T10:50:06","slug":"sztukaprzeciwwykluczeniu-trzecia-edycja-aukcji-charytatywnej","status":"publish","type":"post","link":"https:\/\/www.fpc.org.pl\/eng\/sztukaprzeciwwykluczeniu-trzecia-edycja-aukcji-charytatywnej\/","title":{"rendered":"#SztukaPrzeciwWykluczeniu \u2013 trzecia \u015bwi\u0105teczna aukcja charytatywna FPC"},"content":{"rendered":"<div data-elementor-type=\"wp-post\" data-elementor-id=\"996226\" class=\"elementor elementor-996226\" data-elementor-post-type=\"post\">\n\t\t\t\t<div class=\"elementor-element elementor-element-ca01a6f e-flex e-con-boxed e-con e-parent\" data-id=\"ca01a6f\" data-element_type=\"container\" data-e-type=\"container\">\n\t\t\t\t\t<div class=\"e-con-inner\">\n\t\t\t\t<div class=\"elementor-element elementor-element-3487237 elementor-widget elementor-widget-text-editor\" data-id=\"3487237\" data-element_type=\"widget\" data-e-type=\"widget\" data-widget_type=\"text-editor.default\">\n\t\t\t\t<div class=\"elementor-widget-container\">\n\t\t\t\t\t\t\t\t\t<p><strong>2 grudnia 2025 w Pa\u0142acu Rzeczypospolitej odby\u0142a si\u0119 trzecia, \u015bwi\u0105teczna aukcja charytatywna Fundacji Powszechnego Czytania pod has\u0142em\u00a0<em>Sztuka Przeciw Wykluczeniu<\/em>.<\/strong><\/p><p>Tworzenie, tw\u00f3rczo\u015b\u0107, kreatywno\u015b\u0107, poszukiwanie \u2013 to esencja cz\u0142owiecze\u0144stwa. W\u00a0\u015bwiecie zdominowanym przez twory sztucznej inteligencji tym wi\u0119kszej warto\u015bci nabieraj\u0105 dzie\u0142a cz\u0142owieka, <br \/>nie maszyny. Bo sztuka ma moc. Uwra\u017cliwia nas, uczy, wzrusza, pomaga nam zrozumie\u0107 innych i\u00a0siebie, buduje nasz\u0105 pewno\u015b\u0107 siebie i\u00a0sprawczo\u015b\u0107: umo\u017cliwia nam w\u0142\u0105czenie si\u0119 w\u00a0debat\u0119, uczestnictwo, autonomi\u0119 my\u015blenia. To wszystko jest fundamentalnie wa\u017cne, szczeg\u00f3lnie dzi\u015b, kiedy szukamy narz\u0119dzi budowania odporno\u015bci indywidualnej i\u00a0spo\u0142ecznej oraz wynikaj\u0105cego z\u00a0nich bezpiecze\u0144stwa.<\/p><p>Sztuka, podobnie jak czytanie, jest kluczowym czynnikiem rozwoju i sukcesu ka\u017cdego wsp\u00f3\u0142czesnego cz\u0142owieka. Oba te tematy uda\u0142o si\u0119 po\u0142\u0105czy\u0107 po raz kolejny. Sztuka nie wyklucza, ale brak kontaktu z ni\u0105 \u2013 tak. Celem dzia\u0142a\u0144 Fundacji Powszechnego Czytania jest wspieranie dost\u0119pu do ksi\u0105\u017cek i promocja czytania dla wyr\u00f3wnywania szans wszystkich obywateli i budowania ich lepszej przysz\u0142o\u015bci.<\/p><p>Fundusze wylicytowane przeznaczamy na ksi\u0105\u017cki dla dzieci ze \u015bwietlic \u015brodowiskowych i\u00a0o\u015brodk\u00f3w pomocy spo\u0142ecznej. Wszystkim uczestnikom licytacji dzi\u0119kujemy za obecno\u015b\u0107. Zwyci\u0119zcom gratulujemy i\u00a0zazdro\u015bcimy!<\/p><p>Aukcj\u0119 w przepi\u0119knym wn\u0119trzu Pa\u0142acu Rzeczypospolitej prowadzi\u0142 niezast\u0105piony Andrzej Slaski, <br \/>a inspiruj\u0105cy wst\u0119p wyg\u0142osi\u0142a Maja Meissner, wsp\u00f3\u0142organizatorka aukcji. Go\u015bci przywitali Maria Deskur, prezeska FPC oraz Tomasz Makowski, dyrektor Biblioteki Narodowej.<\/p><p>W tym roku licytowane by\u0142y dzie\u0142a wspania\u0142ych artyst\u00f3w:<\/p><p>Marta Bo\u017cyk, \u201eFuji II\u201d Linoryt <br \/>Joanna Gniady, \u201eTacones lejanos\u201d Gicl\u00e9e <br \/>Edward Hartwig , fotografie \u201eBez tytu\u0142u\u201d, \u201eOd strony kulis. Opera Warszawa\u201d \u00a0<br \/>Joanna Helander, fotografia \u201eWytw\u00f3rnia cukierk\u00f3w\u201d<br \/>Kl\u00e1ra Herczeg, \u201eCzytaj\u0105ca\u201d rze\u017aba z\u00a0matowej porcelany <br \/>Beata Hutten-Czapska, \u201eBlue monkey\u201d, br\u0105z<br \/>Anna Kope\u0107-Gibas, \u201eBo\u017ce Narodzenie z\u00a0Przymierza\u201d ikona (100% z\u00a0licytacji przekazujemy na Akcj\u0119 Ukrai\u0144sk\u0105 KIK, kt\u00f3ra dzia\u0142a na rzecz porozumienia polsko-ukrai\u0144skiego)<br \/>Konrad Kucza-Kuczy\u0144ski, \u201eKazimierz Wis\u0142a+Miasteczko\u201d Rysunek <br \/>Rafa\u0142 Olbi\u0144ski, \u201eThe Shape of Sound\u201d Inkografia <br \/>\u0141ukasz Olek, \u201eFractured Minds\u201d<br \/>B\u0142a\u017cej Ostoja Lniski, \u201ePotwory mitologii greckiej\u201d Serigrafia<br \/>Konrad Pollesch, Portret Wis\u0142awy Szymborskiej Fotografia<br \/>El\u017cbieta Radziwi\u0142\u0142, \u201eJele\u0144 wiosenny\u201d Gwasz i\u00a0akryl na p\u0142\u00f3tnie <br \/>S\u0142awomir Ratajski, \u201eDla pisarza\u201d Olej na p\u0142\u00f3tnie<br \/>Joanna Rusinek, \u201ePies\u201d Gwasz na papierze <br \/>Alan Schaller, fotografia \u201eParisien Morning\u201d \u00a0<br \/>Agnieszka \u015aniadewicz-\u015awica, \u201eMinimal Empire\u201d <br \/>Kamil Targosz, \u201eEffort\u201d Linoryt<br \/>Albert Tison, \u201eCold Ground\u201d Akryl na p\u0142\u00f3tnie<br \/>El\u017cbieta Wasiuczy\u0144ska, \u201ePan Kuleczka\u201d Gwasz<br \/>Joanna Wiszniewska-Doma\u0144ska, grafika \u201eBiblioteka wspomnie\u0144 uporz\u0105dkowanych\u201d<br \/>Jacek Yerka, \u201eSzafka przydro\u017cna\u201d Gicl\u00e9e<br \/>W\u0142odzimierz Jan Zakrzewski, Rysunek bez tytu\u0142u<br \/>Wyj\u0105tkowe podarunki na licytacj\u0119 przekazali tak\u017ce cz\u0142onkowie Unii Literackiej: Tomasz Bonek, Jacek Dehnel, Marta Grzywacz, Mariusz Koperski, Aleksandra Koz\u0142owska, Joanna Kuciel-Frydryszak, Agnieszka Mielech, Aneta Prymaka-Oniszk, Marta Sawicka-Danielak (\u015arodki z\u00a0licytacji przekazujemy w\u00a0100% na fundusz pomocowy SUL)<\/p><p>Opr\u00f3cz tego zlicytowane zosta\u0142o wino Conti Capponi, koniak R\u00e9my Martin Coupe 300 oraz kolacja przygotowana przez Maj\u0119 Meissner i\u00a0Maryni\u0119 Deskur.<\/p><p>Ogromnie dzi\u0119kujemy Artystom, kt\u00f3rzy podarowali swoje dzie\u0142a, a tak\u017ce Tessie Capponi-Borawskiej za wino, dr. Tomaszowi Makowskiemu za udost\u0119pnienie pa\u0142acu, Andrzejowi Slaskiemu za poprowadzenie aukcji, Mai Meissner za wsp\u00f3\u0142organizacj\u0119, Beacie Sok\u00f3\u0142 za wsparcie cateringowe, kawiarniom Green Caff\u00e8 Nero za ciasta, Mateuszowi Zabiegajowi za alkohole Remy Martin, marce Pure Water za wod\u0119 Celestynk\u0119, Wojciechowi Gr\u0105bczewskiemu (Gr\u0105bczewscy) oraz Ma\u0142gorzacie Gali\u0144skiej (Kwiaciarenka) za ziele\u0144, Dorocie Bieniek i\u00a0zespo\u0142owi LoveBrands Group za pomoc komunikacyjn\u0105, za druk katalogu \u0141ukaszowi W\u0105wo\u017anemu.<\/p><p>Wszystkich, kt\u00f3rzy nie mogli uczestniczy\u0107 w wydarzeniu, serdecznie zach\u0119camy do wsparcia naszych dzia\u0142a\u0144 poprzez wp\u0142at\u0119 na prowadzon\u0105 na nas \u015bwi\u0105teczn\u0105 zbi\u00f3rk\u0119 funduszy na ksi\u0105\u017cki dla dzieci w potrzebie: <a href=\"https:\/\/pomagam.pl\/podaruj-ksiazke\" target=\"_blank\" rel=\"noopener\"><strong>https:\/\/pomagam.pl\/podaruj-ksiazke<\/strong><\/a><\/p><p>\u00a0<\/p>\t\t\t\t\t\t\t\t<\/div>\n\t\t\t\t<\/div>\n\t\t\t\t\t<\/div>\n\t\t\t\t<\/div>\n\t\t<div class=\"elementor-element elementor-element-f71e299 e-flex e-con-boxed e-con e-parent\" data-id=\"f71e299\" data-element_type=\"container\" data-e-type=\"container\">\n\t\t\t\t\t<div class=\"e-con-inner\">\n\t\t\t\t<div class=\"elementor-element elementor-element-9995a29 elementor-widget elementor-widget-gallery\" data-id=\"9995a29\" data-element_type=\"widget\" data-e-type=\"widget\" data-settings=\"{&quot;lazyload&quot;:&quot;yes&quot;,&quot;gallery_layout&quot;:&quot;grid&quot;,&quot;columns&quot;:4,&quot;columns_tablet&quot;:2,&quot;columns_mobile&quot;:1,&quot;gap&quot;:{&quot;unit&quot;:&quot;px&quot;,&quot;size&quot;:10,&quot;sizes&quot;:[]},&quot;gap_tablet&quot;:{&quot;unit&quot;:&quot;px&quot;,&quot;size&quot;:10,&quot;sizes&quot;:[]},&quot;gap_mobile&quot;:{&quot;unit&quot;:&quot;px&quot;,&quot;size&quot;:10,&quot;sizes&quot;:[]},&quot;link_to&quot;:&quot;file&quot;,&quot;aspect_ratio&quot;:&quot;3:2&quot;,&quot;overlay_background&quot;:&quot;yes&quot;,&quot;content_hover_animation&quot;:&quot;fade-in&quot;}\" data-widget_type=\"gallery.default\">\n\t\t\t\t<div class=\"elementor-widget-container\">\n\t\t\t\t\t\t\t<div class=\"elementor-gallery__container\">\n\t\t\t\t\t\t\t<a class=\"e-gallery-item elementor-gallery-item elementor-animated-content\" href=\"https:\/\/www.fpc.org.pl\/wp-content\/uploads\/2025\/12\/DSC_3998-scaled.jpg\" data-elementor-open-lightbox=\"yes\" data-elementor-lightbox-slideshow=\"9995a29\" data-elementor-lightbox-title=\"DSC_3998\" data-e-action-hash=\"#elementor-action%3Aaction%3Dlightbox%26settings%3DeyJpZCI6OTk2MjI4LCJ1cmwiOiJodHRwczpcL1wvd3d3LmZwYy5vcmcucGxcL3dwLWNvbnRlbnRcL3VwbG9hZHNcLzIwMjVcLzEyXC9EU0NfMzk5OC1zY2FsZWQuanBnIiwic2xpZGVzaG93IjoiOTk5NWEyOSJ9\">\n\t\t\t\t\t<div class=\"e-gallery-image elementor-gallery-item__image\" data-thumbnail=\"https:\/\/www.fpc.org.pl\/wp-content\/uploads\/2025\/12\/DSC_3998-300x200.jpg\" data-width=\"300\" data-height=\"200\" aria-label=\"\" role=\"img\" ><\/div>\n\t\t\t\t\t\t\t\t\t\t\t<div class=\"elementor-gallery-item__overlay\"><\/div>\n\t\t\t\t\t\t\t\t\t\t\t\t\t\t<\/a>\n\t\t\t\t\t\t\t<a class=\"e-gallery-item elementor-gallery-item elementor-animated-content\" href=\"https:\/\/www.fpc.org.pl\/wp-content\/uploads\/2025\/12\/DSC_4046-scaled.jpg\" data-elementor-open-lightbox=\"yes\" data-elementor-lightbox-slideshow=\"9995a29\" data-elementor-lightbox-title=\"DSC_4046\" data-e-action-hash=\"#elementor-action%3Aaction%3Dlightbox%26settings%3DeyJpZCI6OTk2MjI5LCJ1cmwiOiJodHRwczpcL1wvd3d3LmZwYy5vcmcucGxcL3dwLWNvbnRlbnRcL3VwbG9hZHNcLzIwMjVcLzEyXC9EU0NfNDA0Ni1zY2FsZWQuanBnIiwic2xpZGVzaG93IjoiOTk5NWEyOSJ9\">\n\t\t\t\t\t<div class=\"e-gallery-image elementor-gallery-item__image\" data-thumbnail=\"https:\/\/www.fpc.org.pl\/wp-content\/uploads\/2025\/12\/DSC_4046-300x200.jpg\" data-width=\"300\" data-height=\"200\" aria-label=\"\" role=\"img\" ><\/div>\n\t\t\t\t\t\t\t\t\t\t\t<div class=\"elementor-gallery-item__overlay\"><\/div>\n\t\t\t\t\t\t\t\t\t\t\t\t\t\t<\/a>\n\t\t\t\t\t\t\t<a class=\"e-gallery-item elementor-gallery-item elementor-animated-content\" href=\"https:\/\/www.fpc.org.pl\/wp-content\/uploads\/2025\/12\/DSC_4073-scaled.jpg\" data-elementor-open-lightbox=\"yes\" data-elementor-lightbox-slideshow=\"9995a29\" data-elementor-lightbox-title=\"DSC_4073\" data-e-action-hash=\"#elementor-action%3Aaction%3Dlightbox%26settings%3DeyJpZCI6OTk2MjMwLCJ1cmwiOiJodHRwczpcL1wvd3d3LmZwYy5vcmcucGxcL3dwLWNvbnRlbnRcL3VwbG9hZHNcLzIwMjVcLzEyXC9EU0NfNDA3My1zY2FsZWQuanBnIiwic2xpZGVzaG93IjoiOTk5NWEyOSJ9\">\n\t\t\t\t\t<div class=\"e-gallery-image elementor-gallery-item__image\" data-thumbnail=\"https:\/\/www.fpc.org.pl\/wp-content\/uploads\/2025\/12\/DSC_4073-300x200.jpg\" data-width=\"300\" data-height=\"200\" aria-label=\"\" role=\"img\" ><\/div>\n\t\t\t\t\t\t\t\t\t\t\t<div class=\"elementor-gallery-item__overlay\"><\/div>\n\t\t\t\t\t\t\t\t\t\t\t\t\t\t<\/a>\n\t\t\t\t\t\t\t<a class=\"e-gallery-item elementor-gallery-item elementor-animated-content\" href=\"https:\/\/www.fpc.org.pl\/wp-content\/uploads\/2025\/12\/DSC_4625-scaled.jpg\" data-elementor-open-lightbox=\"yes\" data-elementor-lightbox-slideshow=\"9995a29\" data-elementor-lightbox-title=\"DSC_4625\" data-e-action-hash=\"#elementor-action%3Aaction%3Dlightbox%26settings%3DeyJpZCI6OTk2MjMyLCJ1cmwiOiJodHRwczpcL1wvd3d3LmZwYy5vcmcucGxcL3dwLWNvbnRlbnRcL3VwbG9hZHNcLzIwMjVcLzEyXC9EU0NfNDYyNS1zY2FsZWQuanBnIiwic2xpZGVzaG93IjoiOTk5NWEyOSJ9\">\n\t\t\t\t\t<div class=\"e-gallery-image elementor-gallery-item__image\" data-thumbnail=\"https:\/\/www.fpc.org.pl\/wp-content\/uploads\/2025\/12\/DSC_4625-300x200.jpg\" data-width=\"300\" data-height=\"200\" aria-label=\"\" role=\"img\" ><\/div>\n\t\t\t\t\t\t\t\t\t\t\t<div class=\"elementor-gallery-item__overlay\"><\/div>\n\t\t\t\t\t\t\t\t\t\t\t\t\t\t<\/a>\n\t\t\t\t\t\t\t<a class=\"e-gallery-item elementor-gallery-item elementor-animated-content\" href=\"https:\/\/www.fpc.org.pl\/wp-content\/uploads\/2025\/12\/DSC_5440-scaled.jpg\" data-elementor-open-lightbox=\"yes\" data-elementor-lightbox-slideshow=\"9995a29\" data-elementor-lightbox-title=\"DSC_5440\" data-e-action-hash=\"#elementor-action%3Aaction%3Dlightbox%26settings%3DeyJpZCI6OTk2MjMzLCJ1cmwiOiJodHRwczpcL1wvd3d3LmZwYy5vcmcucGxcL3dwLWNvbnRlbnRcL3VwbG9hZHNcLzIwMjVcLzEyXC9EU0NfNTQ0MC1zY2FsZWQuanBnIiwic2xpZGVzaG93IjoiOTk5NWEyOSJ9\">\n\t\t\t\t\t<div class=\"e-gallery-image elementor-gallery-item__image\" data-thumbnail=\"https:\/\/www.fpc.org.pl\/wp-content\/uploads\/2025\/12\/DSC_5440-300x200.jpg\" data-width=\"300\" data-height=\"200\" aria-label=\"\" role=\"img\" ><\/div>\n\t\t\t\t\t\t\t\t\t\t\t<div class=\"elementor-gallery-item__overlay\"><\/div>\n\t\t\t\t\t\t\t\t\t\t\t\t\t\t<\/a>\n\t\t\t\t\t\t\t<a class=\"e-gallery-item elementor-gallery-item elementor-animated-content\" href=\"https:\/\/www.fpc.org.pl\/wp-content\/uploads\/2025\/12\/DSC_4918-scaled.jpg\" data-elementor-open-lightbox=\"yes\" data-elementor-lightbox-slideshow=\"9995a29\" data-elementor-lightbox-title=\"DSC_4918\" data-e-action-hash=\"#elementor-action%3Aaction%3Dlightbox%26settings%3DeyJpZCI6OTk2MjM0LCJ1cmwiOiJodHRwczpcL1wvd3d3LmZwYy5vcmcucGxcL3dwLWNvbnRlbnRcL3VwbG9hZHNcLzIwMjVcLzEyXC9EU0NfNDkxOC1zY2FsZWQuanBnIiwic2xpZGVzaG93IjoiOTk5NWEyOSJ9\">\n\t\t\t\t\t<div class=\"e-gallery-image elementor-gallery-item__image\" data-thumbnail=\"https:\/\/www.fpc.org.pl\/wp-content\/uploads\/2025\/12\/DSC_4918-300x200.jpg\" data-width=\"300\" data-height=\"200\" aria-label=\"\" role=\"img\" ><\/div>\n\t\t\t\t\t\t\t\t\t\t\t<div class=\"elementor-gallery-item__overlay\"><\/div>\n\t\t\t\t\t\t\t\t\t\t\t\t\t\t<\/a>\n\t\t\t\t\t\t\t<a class=\"e-gallery-item elementor-gallery-item elementor-animated-content\" href=\"https:\/\/www.fpc.org.pl\/wp-content\/uploads\/2025\/12\/DSC_5206-scaled.jpg\" data-elementor-open-lightbox=\"yes\" data-elementor-lightbox-slideshow=\"9995a29\" data-elementor-lightbox-title=\"DSC_5206\" data-e-action-hash=\"#elementor-action%3Aaction%3Dlightbox%26settings%3DeyJpZCI6OTk2MjM1LCJ1cmwiOiJodHRwczpcL1wvd3d3LmZwYy5vcmcucGxcL3dwLWNvbnRlbnRcL3VwbG9hZHNcLzIwMjVcLzEyXC9EU0NfNTIwNi1zY2FsZWQuanBnIiwic2xpZGVzaG93IjoiOTk5NWEyOSJ9\">\n\t\t\t\t\t<div class=\"e-gallery-image elementor-gallery-item__image\" data-thumbnail=\"https:\/\/www.fpc.org.pl\/wp-content\/uploads\/2025\/12\/DSC_5206-300x200.jpg\" data-width=\"300\" data-height=\"200\" aria-label=\"\" role=\"img\" ><\/div>\n\t\t\t\t\t\t\t\t\t\t\t<div class=\"elementor-gallery-item__overlay\"><\/div>\n\t\t\t\t\t\t\t\t\t\t\t\t\t\t<\/a>\n\t\t\t\t\t<\/div>\n\t\t\t\t\t<\/div>\n\t\t\t\t<\/div>\n\t\t\t\t\t<\/div>\n\t\t\t\t<\/div>\n\t\t\t\t<\/div>","protected":false},"excerpt":{"rendered":"<p>2 grudnia 2025 w Pa\u0142acu Rzeczypospolitej odby\u0142a si\u0119 trzecia, \u015bwi\u0105teczna aukcja charytatywna Fundacji Powszechnego Czytania pod has\u0142em\u00a0Sztuka Przeciw Wykluczeniu. Tworzenie, tw\u00f3rczo\u015b\u0107, kreatywno\u015b\u0107, poszukiwanie \u2013 to esencja cz\u0142owiecze\u0144stwa. W\u00a0\u015bwiecie zdominowanym przez twory sztucznej inteligencji tym wi\u0119kszej warto\u015bci nabieraj\u0105 dzie\u0142a cz\u0142owieka, nie maszyny. Bo sztuka ma moc. Uwra\u017cliwia nas, uczy, wzrusza, pomaga nam zrozumie\u0107 innych i\u00a0siebie, buduje&#8230;<\/p>","protected":false},"author":17,"featured_media":996250,"comment_status":"closed","ping_status":"open","sticky":false,"template":"","format":"standard","meta":{"_acf_changed":false,"give_campaign_id":0,"footnotes":""},"categories":[111],"tags":[150,96],"class_list":["post-996226","post","type-post","status-publish","format-standard","has-post-thumbnail","hentry","category-dziekujemy","tag-fpc","tag-fundacja-powszechnego-czytania","odd"],"acf":[],"_links":{"self":[{"href":"https:\/\/www.fpc.org.pl\/eng\/wp-json\/wp\/v2\/posts\/996226","targetHints":{"allow":["GET"]}}],"collection":[{"href":"https:\/\/www.fpc.org.pl\/eng\/wp-json\/wp\/v2\/posts"}],"about":[{"href":"https:\/\/www.fpc.org.pl\/eng\/wp-json\/wp\/v2\/types\/post"}],"author":[{"embeddable":true,"href":"https:\/\/www.fpc.org.pl\/eng\/wp-json\/wp\/v2\/users\/17"}],"replies":[{"embeddable":true,"href":"https:\/\/www.fpc.org.pl\/eng\/wp-json\/wp\/v2\/comments?post=996226"}],"version-history":[{"count":17,"href":"https:\/\/www.fpc.org.pl\/eng\/wp-json\/wp\/v2\/posts\/996226\/revisions"}],"predecessor-version":[{"id":996253,"href":"https:\/\/www.fpc.org.pl\/eng\/wp-json\/wp\/v2\/posts\/996226\/revisions\/996253"}],"wp:featuredmedia":[{"embeddable":true,"href":"https:\/\/www.fpc.org.pl\/eng\/wp-json\/wp\/v2\/media\/996250"}],"wp:attachment":[{"href":"https:\/\/www.fpc.org.pl\/eng\/wp-json\/wp\/v2\/media?parent=996226"}],"wp:term":[{"taxonomy":"category","embeddable":true,"href":"https:\/\/www.fpc.org.pl\/eng\/wp-json\/wp\/v2\/categories?post=996226"},{"taxonomy":"post_tag","embeddable":true,"href":"https:\/\/www.fpc.org.pl\/eng\/wp-json\/wp\/v2\/tags?post=996226"}],"curies":[{"name":"wp","href":"https:\/\/api.w.org\/{rel}","templated":true}]}}