{"id":995641,"date":"2025-11-18T11:53:04","date_gmt":"2025-11-18T10:53:04","guid":{"rendered":"https:\/\/www.fpc.org.pl\/?p=995641"},"modified":"2025-11-24T11:07:08","modified_gmt":"2025-11-24T10:07:08","slug":"inauguracja-read-for-real","status":"publish","type":"post","link":"https:\/\/www.fpc.org.pl\/eng\/inauguracja-read-for-real\/","title":{"rendered":"Rozpocz\u0119\u0142o si\u0119 wielkie \u015bwi\u0119to literatury, jej tw\u00f3rc\u00f3w i jej czytelnik\u00f3w"},"content":{"rendered":"<div data-elementor-type=\"wp-post\" data-elementor-id=\"995641\" class=\"elementor elementor-995641\" data-elementor-post-type=\"post\">\n\t\t\t\t<div class=\"elementor-element elementor-element-ca01a6f e-flex e-con-boxed e-con e-parent\" data-id=\"ca01a6f\" data-element_type=\"container\" data-e-type=\"container\">\n\t\t\t\t\t<div class=\"e-con-inner\">\n\t\t\t\t<div class=\"elementor-element elementor-element-3487237 elementor-widget elementor-widget-text-editor\" data-id=\"3487237\" data-element_type=\"widget\" data-e-type=\"widget\" data-widget_type=\"text-editor.default\">\n\t\t\t\t<div class=\"elementor-widget-container\">\n\t\t\t\t\t\t\t\t\t<p class=\"Standard\" style=\"text-align: justify;\"><strong>Obchody Europejskiego Dnia Autor\u00f3w pod has\u0142em Czytaj. Serio! Read. For Real! rozpocz\u0119\u0142y si\u0119 11.11 (11 listopada) b\u0119d\u0105 trwa\u0142y do 12.12 (12 grudnia), w ca\u0142ej Europie.<\/strong><\/p>\t\t\t\t\t\t\t\t<\/div>\n\t\t\t\t<\/div>\n\t\t\t\t<div class=\"elementor-element elementor-element-6dcd367 elementor-widget elementor-widget-text-editor\" data-id=\"6dcd367\" data-element_type=\"widget\" data-e-type=\"widget\" data-widget_type=\"text-editor.default\">\n\t\t\t\t<div class=\"elementor-widget-container\">\n\t\t\t\t\t\t\t\t\t<p><strong>Tej jesieni ca\u0142a Europa celebruje kreatywno\u015b\u0107 i mi\u0142o\u015b\u0107 do ksi\u0105\u017cek. Europejski Dzie\u0144 Autor\u00f3w 2025 zosta\u0142 oficjalnie zainaugurowany. \u201e<\/strong><strong>Read. For Real! <\/strong><strong>Czytaj. Serio!\u201d to has\u0142o przewodnie wyj\u0105tkowego, og\u00f3lnoeuropejskiego \u015bwi\u0119ta literatury, wyobra\u017ani i ludzkiej kreatywno\u015bci. <\/strong><\/p>\n<p><strong>Od dzisiaj wszyscy \u2013 szko\u0142y, biblioteki, przedszkola, ksi\u0119garnie, wydawnictwa, o\u015brodki kultury, w\u0142adze lokalne, przedsi\u0119biorstwa, organizacje pozarz\u0105dowe i osoby prywatne \u2013 s\u0105 zaproszeni do udzia\u0142u we wsp\u00f3lnym celebrowaniu Europejskiego Dnia Autor\u00f3w #ReadForReal, trwaj\u0105cym od 11 listopada do 12 grudnia.<\/strong><\/p>\n<p>Europejscy autorzy b\u0119d\u0105 odwiedza\u0107 kraje inne ni\u017c ich ojczyste, spotykaj\u0105c si\u0119 z publiczno\u015bci\u0105 pos\u0142uguj\u0105c\u0105 si\u0119 r\u00f3\u017cnymi j\u0119zykami. Europejski Dzie\u0144 Autor\u00f3w <strong>#ReadForReal<\/strong> to spos\u00f3b, by <strong>uczci\u0107 tych, kt\u00f3rzy tworz\u0105 literatur\u0119 <\/strong>\u2013 pisarzy_rki, ilustrator\u00f3w_rki, t\u0142umaczy_czki. \u00a0Kreacja, to esencja cz\u0142owiecze\u0144stwa. Spotkanie z autorem to spotkanie ze swoistym superbohaterem.<\/p>\n<p>Na stronie <a href=\"http:\/\/www.readforreal.com\/pl\" target=\"_blank\" rel=\"noopener\">www.readforreal.com\/pl<\/a> uczestnicy znajd\u0105 zaproszenie do wzi\u0119cia udzia\u0142u oraz bezp\u0142atne materia\u0142y, kt\u00f3re pomog\u0105 w organizacji w\u0142asnych wydarze\u0144: scenariusze lekcji, ilustracje, logotypy, plakaty, zak\u0142adki, tagi i inne przydatne zasoby.<\/p>\n<p>\u201eSpotkania z autorami i czytanie ksi\u0105\u017cek to has\u0142a, kt\u00f3re mo\u017ce nie brzmi\u0105 innowacyjnie dla wielu z naszych odbiorc\u00f3w. Osoby, kt\u00f3re ju\u017c czytaj\u0105 i maj\u0105 wysokie kompetencje j\u0119zykowe <br \/>i spo\u0142eczne \u2013 nie znajd\u0105 w tym pomy\u015ble nic zaskakuj\u0105cego ani nowego. Wyzwaniem jest budowanie \u015bwiadomo\u015bci, \u017ce <strong>to w\u0142a\u015bnie te niby proste do\u015bwiadczenia czytelnicze i rozmowy kszta\u0142tuj\u0105 nasze umys\u0142y i sprawiaj\u0105, \u017ce stajemy si\u0119 tym, kim jeste\u015bmy<\/strong>. Chcemy pokaza\u0107, <br \/>\u017ce <strong>demokracja w\u0142\u0105czaj\u0105ca mo\u017ce przetrwa\u0107 tylko wtedy, gdy wszyscy postaramy si\u0119, by dost\u0119p do czytania i wymiany my\u015bli by\u0142 powszechny, a nie elitarny<\/strong>. Nasze motto, id\u0105c za Gandhim, to: <strong><em>B\u0105d\u017a zmian\u0105, kt\u00f3r\u0105 chcesz widzie\u0107 w \u015bwiecie<\/em>.<\/strong> Zapraszamy wszystkich do udzia\u0142u \u2013 ca\u0142y sektor ksi\u0105\u017ckowy (od tw\u00f3rc\u00f3w po ksi\u0119garzy i bibliotekarzy), a tak\u017ce przedstawicieli<strong> edukacji, biznesu, opieki spo\u0142ecznej, samorz\u0105d\u00f3w lokalnych<\/strong> \u2013 ka\u017cdego, kto chce wykorzysta\u0107 ten projekt, by rozwija\u0107 swoje zespo\u0142y, lokalne spo\u0142eczno\u015bci, student\u00f3w, pracownik\u00f3w, odbiorc\u00f3w, a nawet produkty\u201d \u2013 m\u00f3wi <strong>Maria Deskur, liderka konsorcjum i prezeska polskiej Fundacji Powszechnego Czytania<\/strong>.<\/p>\n<p>Europejskie obchody s\u0105 otwarte dla wszystkich. W <strong>25 krajach <\/strong>ponad<strong> 200 000 zarejestrowanych uczestnik\u00f3w<\/strong> we\u017amie udzia\u0142 w wydarzeniach na \u017cywo, zaplanowano ju\u017c prawie <strong>3600 inicjatyw<\/strong> literackich i czytelniczych. <strong>Ka\u017cdy mo\u017ce wzi\u0105\u0107 udzia\u0142<\/strong>, organizuj\u0105c w\u0142asne wydarzenie lub do\u0142\u0105czaj\u0105c do istniej\u0105cego \u2013 materia\u0142y do pobrania s\u0105 dost\u0119pne dla wszystkich na stronie projektu: <a href=\"http:\/\/www.readforreal.com\/pl\" target=\"_blank\" rel=\"noopener\">www.readforreal.com\/pl<\/a>.<\/p>\n<p>W Polsce do inicjatywy w\u0142\u0105czy\u0142o si\u0119 a\u017c <strong>2000 plac\u00f3wek Poczty Polskiej<\/strong>, a oficjalna inauguracja odby\u0142a si\u0119 <br \/>w G\u0142\u00f3wnym Urz\u0119dzie Pocztowym w Warszawie.<\/p>\t\t\t\t\t\t\t\t<\/div>\n\t\t\t\t<\/div>\n\t\t\t\t\t<\/div>\n\t\t\t\t<\/div>\n\t\t<div class=\"elementor-element elementor-element-d6a69b5 e-con-full e-flex e-con e-parent\" data-id=\"d6a69b5\" data-element_type=\"container\" data-e-type=\"container\">\n\t\t<div class=\"elementor-element elementor-element-183f8ff e-con-full e-flex e-con e-child\" data-id=\"183f8ff\" data-element_type=\"container\" data-e-type=\"container\">\n\t\t\t\t<div class=\"elementor-element elementor-element-b21bfb1 elementor-widget elementor-widget-text-editor\" data-id=\"b21bfb1\" data-element_type=\"widget\" data-e-type=\"widget\" data-widget_type=\"text-editor.default\">\n\t\t\t\t<div class=\"elementor-widget-container\">\n\t\t\t\t\t\t\t\t\t<p><em>&quot;<\/em>Poczta to miejsce, gdzie ludzie naprawd\u0119 s\u0105 <br \/>i ka\u017cdego dnia przez 7600 naszych plac\u00f3wek przewijaj\u0105 si\u0119 setki tysi\u0119cy os\u00f3b. To du\u017ca skala. Przychodz\u0105c na Poczt\u0119 maj\u0105 kontakt z ksi\u0105\u017ckami. Sprzedajemy je od lat i to si\u0119 nie zmieni. W wielu mniejszych miejscowo\u015bciach jeste\u015bmy jedyn\u0105 \u2018ksi\u0119garni\u0105\u2019. Dlatego wchodzimy w inicjatyw\u0119 Europejskiego Dnia Autor\u00f3w <strong>#ReadForReal<\/strong>, <strong>#CzytajSerio<\/strong> &#8211; na serio. Udost\u0119pniamy nasz\u0105 sie\u0107, \u017ceby ksi\u0105\u017cki by\u0142y bli\u017cej ludzi\u201d \u2013 <strong>says<\/strong> <strong>Sebastian Mikosz, prezes Poczty Polskiej S.A. <\/strong><\/p>\t\t\t\t\t\t\t\t<\/div>\n\t\t\t\t<\/div>\n\t\t\t\t<\/div>\n\t\t<div class=\"elementor-element elementor-element-4d3dcd0 e-con-full e-flex e-con e-child\" data-id=\"4d3dcd0\" data-element_type=\"container\" data-e-type=\"container\">\n\t\t\t\t<div class=\"elementor-element elementor-element-0effd14 elementor-widget elementor-widget-image\" data-id=\"0effd14\" data-element_type=\"widget\" data-e-type=\"widget\" data-widget_type=\"image.default\">\n\t\t\t\t<div class=\"elementor-widget-container\">\n\t\t\t\t\t\t\t\t\t<div class=\"elementor-image\">\n\t\t\t\t\t\t\t\t\t\t\t\t\t\t\t\t\t\t\t\t\t<img fetchpriority=\"high\" decoding=\"async\" width=\"1024\" height=\"768\" src=\"https:\/\/www.fpc.org.pl\/wp-content\/uploads\/2025\/11\/IMG_9366-1024x768.jpg\" class=\"attachment-large size-large wp-image-995650\" alt=\"\" srcset=\"https:\/\/www.fpc.org.pl\/wp-content\/uploads\/2025\/11\/IMG_9366-1024x768.jpg 1024w, https:\/\/www.fpc.org.pl\/wp-content\/uploads\/2025\/11\/IMG_9366-300x225.jpg 300w, https:\/\/www.fpc.org.pl\/wp-content\/uploads\/2025\/11\/IMG_9366-768x576.jpg 768w, https:\/\/www.fpc.org.pl\/wp-content\/uploads\/2025\/11\/IMG_9366-1536x1152.jpg 1536w, https:\/\/www.fpc.org.pl\/wp-content\/uploads\/2025\/11\/IMG_9366-2048x1536.jpg 2048w, https:\/\/www.fpc.org.pl\/wp-content\/uploads\/2025\/11\/IMG_9366-16x12.jpg 16w, https:\/\/www.fpc.org.pl\/wp-content\/uploads\/2025\/11\/IMG_9366-1260x945.jpg 1260w, https:\/\/www.fpc.org.pl\/wp-content\/uploads\/2025\/11\/IMG_9366-630x473.jpg 630w\" sizes=\"(max-width: 1024px) 100vw, 1024px\" \/>\t\t\t\t\t\t\t\t\t\t\t\t\t\t\t\t\t\t\t\t\t\t\t\t<\/div>\n\t\t\t\t\t\t\t\t<\/div>\n\t\t\t\t<\/div>\n\t\t\t\t<\/div>\n\t\t\t\t<\/div>\n\t\t<div class=\"elementor-element elementor-element-7994a00 e-flex e-con-boxed e-con e-parent\" data-id=\"7994a00\" data-element_type=\"container\" data-e-type=\"container\">\n\t\t\t\t\t<div class=\"e-con-inner\">\n\t\t\t\t<div class=\"elementor-element elementor-element-57e253d elementor-widget elementor-widget-text-editor\" data-id=\"57e253d\" data-element_type=\"widget\" data-e-type=\"widget\" data-widget_type=\"text-editor.default\">\n\t\t\t\t<div class=\"elementor-widget-container\">\n\t\t\t\t\t\t\t\t\t<p>Z okazji Europejskiego Dnia Autor\u00f3w <strong>#ReadForReal<\/strong> klienci, kt\u00f3rzy kupi\u0105 ksi\u0105\u017ck\u0119 w plac\u00f3wkach Poczty Polskiej, otrzymaj\u0105 specjalny <strong>\u201enotatnik uskrzydlaj\u0105cy\u201d<\/strong> \u2013 ma\u0142ego towarzysza do zapisywania pomys\u0142\u00f3w, refleksji i ksi\u0105\u017cek do przeczytania. Wej\u015bcia do plac\u00f3wek Poczty Polskiej zosta\u0142y oznaczone i zapraszaj\u0105 do obchod\u00f3w has\u0142em <strong><em>Czytaj. Serio!<\/em><\/strong><\/p>\n<p><strong><em>Read. For Real! Czytaj. Serio!<\/em><\/strong><\/p>\n<p><strong><em>Czytaj. Serio!<\/em><\/strong> to zaproszenie do czytania prawdziwego i g\u0142\u0119bokiego \u2013 poprzez do\u015bwiadczanie literatury na \u017cywo, spotkania z autorami, ilustratorami, t\u0142umaczami, odkrywanie historii, kt\u00f3re inspiruj\u0105 i zmieniaj\u0105 spos\u00f3b naszego my\u015blenia, \u0107wiczenie umys\u0142u w dostrzeganiu niuans\u00f3w, budowanie wiedzy, rozwijanie my\u015blenia analitycznego i dedukcyjnego. W \u015bwiecie pe\u0142nym ekran\u00f3w i aplikacji has\u0142o <strong>#ReadForReal #CzytajSerio<\/strong> przypomina nam, \u017ce czytanie to do\u015bwiadczenie na \u017cywo, na serio: \u017ce wzmacnia empati\u0119, krytyczne my\u015blenie i koncentracj\u0119 \u2013 kluczowe umiej\u0119tno\u015bci niezb\u0119dne we wsp\u00f3\u0142czesnym \u015bwiecie \u201eoffline\u201d \u2013 coraz mocniej podkre\u015blane jako warunek naszego rozwoju.<\/p>\t\t\t\t\t\t\t\t<\/div>\n\t\t\t\t<\/div>\n\t\t\t\t\t<\/div>\n\t\t\t\t<\/div>\n\t\t<div class=\"elementor-element elementor-element-72c0e73 e-con-full e-flex e-con e-parent\" data-id=\"72c0e73\" data-element_type=\"container\" data-e-type=\"container\">\n\t\t<div class=\"elementor-element elementor-element-0e0e6b4 e-con-full e-flex e-con e-child\" data-id=\"0e0e6b4\" data-element_type=\"container\" data-e-type=\"container\">\n\t\t\t\t<div class=\"elementor-element elementor-element-8288fce elementor-widget elementor-widget-image\" data-id=\"8288fce\" data-element_type=\"widget\" data-e-type=\"widget\" data-widget_type=\"image.default\">\n\t\t\t\t<div class=\"elementor-widget-container\">\n\t\t\t\t\t\t\t\t\t<div class=\"elementor-image\">\n\t\t\t\t\t\t\t\t\t\t\t\t\t\t\t\t\t\t\t\t\t<img decoding=\"async\" width=\"768\" height=\"1024\" src=\"https:\/\/www.fpc.org.pl\/wp-content\/uploads\/2025\/11\/IMG_8165-768x1024.jpg\" class=\"attachment-large size-large wp-image-995649\" alt=\"\" srcset=\"https:\/\/www.fpc.org.pl\/wp-content\/uploads\/2025\/11\/IMG_8165-768x1024.jpg 768w, https:\/\/www.fpc.org.pl\/wp-content\/uploads\/2025\/11\/IMG_8165-225x300.jpg 225w, https:\/\/www.fpc.org.pl\/wp-content\/uploads\/2025\/11\/IMG_8165-1152x1536.jpg 1152w, https:\/\/www.fpc.org.pl\/wp-content\/uploads\/2025\/11\/IMG_8165-1536x2048.jpg 1536w, https:\/\/www.fpc.org.pl\/wp-content\/uploads\/2025\/11\/IMG_8165-9x12.jpg 9w, https:\/\/www.fpc.org.pl\/wp-content\/uploads\/2025\/11\/IMG_8165-1260x1680.jpg 1260w, https:\/\/www.fpc.org.pl\/wp-content\/uploads\/2025\/11\/IMG_8165-630x840.jpg 630w, https:\/\/www.fpc.org.pl\/wp-content\/uploads\/2025\/11\/IMG_8165-scaled.jpg 1920w\" sizes=\"(max-width: 768px) 100vw, 768px\" \/>\t\t\t\t\t\t\t\t\t\t\t\t\t\t\t\t\t\t\t\t\t\t\t\t<\/div>\n\t\t\t\t\t\t\t\t<\/div>\n\t\t\t\t<\/div>\n\t\t\t\t<\/div>\n\t\t<div class=\"elementor-element elementor-element-a98ca8a e-con-full e-flex e-con e-child\" data-id=\"a98ca8a\" data-element_type=\"container\" data-e-type=\"container\">\n\t\t\t\t<div class=\"elementor-element elementor-element-b8f919b elementor-widget elementor-widget-text-editor\" data-id=\"b8f919b\" data-element_type=\"widget\" data-e-type=\"widget\" data-widget_type=\"text-editor.default\">\n\t\t\t\t<div class=\"elementor-widget-container\">\n\t\t\t\t\t\t\t\t\t<p>\u201eOdkrywajmy ksi\u0105\u017cki, \u017ceby je nie tylko pozna\u0107, ale <br \/>i zrozumie\u0107. Projekt <strong>#CzytajSerio<\/strong> to kolejna, wa\u017cna inicjatywa, kt\u00f3ra do tego zaprasza. Musimy spotka\u0107 w \u017cyciu pierwsz\u0105 ksi\u0105\u017ck\u0119, kt\u00f3ra sprawi, \u017ce b\u0119dziemy chcieli si\u0119ga\u0107 po nast\u0119pne, pokochamy czytanie <br \/>i staniemy si\u0119 czytelnikiem \u2013 \u015bwiadomym, krytycznym, ale i otwartym \u2013 na \u015bwiat i ludzi. Na ka\u017cdego taka ksi\u0105\u017cka czeka. Mo\u017cemy j\u0105 spotka\u0107 niespodziewanie. Dlatego ksi\u0105\u017cki powinny by\u0107 cz\u0119\u015bci\u0105 codzienno\u015bci, naszego otoczenia, dost\u0119pne fizycznie w wielu miejscach, do kt\u00f3rych przybywamy. Rozmawiajmy o ksi\u0105\u017ckach i kupujmy je na prezenty.\u201d \u2013 <strong>przekonuje Tomasz Makowski, prezydent Konferencji Dyrektor\u00f3w Bibliotek Narodowych<\/strong>, <strong>dyrektor Biblioteki Narodowej, <\/strong>jednej z siedmiu organizacji tworz\u0105cych konsorcjum organizator\u00f3w projektu.<\/p>\t\t\t\t\t\t\t\t<\/div>\n\t\t\t\t<\/div>\n\t\t\t\t<\/div>\n\t\t\t\t<\/div>\n\t\t<div class=\"elementor-element elementor-element-16f504f e-con-full e-flex e-con e-parent\" data-id=\"16f504f\" data-element_type=\"container\" data-e-type=\"container\">\n\t\t\t\t<div class=\"elementor-element elementor-element-b73f4af elementor-widget elementor-widget-text-editor\" data-id=\"b73f4af\" data-element_type=\"widget\" data-e-type=\"widget\" data-widget_type=\"text-editor.default\">\n\t\t\t\t<div class=\"elementor-widget-container\">\n\t\t\t\t\t\t\t\t\t<p><strong>How to Join?<\/strong><\/p>\n<p>Projekt ma formu\u0142\u0119 otwart\u0105 <strong>dla wszystkich. <\/strong><\/p>\n<p>Wystarczy odwiedzi\u0107 stron\u0119 <a href=\"http:\/\/www.readforreal.com\/pl\" target=\"_blank\" rel=\"noopener\">www.readforreal.com\/pl<\/a>, aby dowiedzie\u0107 si\u0119 wi\u0119cej i pobra\u0107 bezp\u0142atne materia\u0142y. Konsorcjum uprzejmie prosi o rejestrowanie wydarze\u0144 poprzez stron\u0119 internetow\u0105 \u2013 niezale\u017cnie od tego, czy jest to lekcja, warsztat, wyzwanie czytelnicze, spotkanie autorskie, czy lokalny bal ksi\u0105\u017cki.<\/p>\n<p>Ju\u017c <strong>25 krajowych centr\u00f3w koordynacyjnych<\/strong> (hub\u00f3w) w 25 krajach Europy wspiera uczestnik\u00f3w w ich w\u0142asnych j\u0119zykach, i udost\u0119pnia materia\u0142y online.<\/p>\n<p>Masz wiele mo\u017cliwo\u015bci, by w\u0142\u0105czy\u0107 si\u0119 w akcj\u0119:<\/p>\n<ul>\n<li>Zorganizuj wydarzenie w swojej spo\u0142eczno\u015bci.<\/li>\n<li>Zapro\u015b autora_k\u0119, ilustratora_k\u0119, t\u0142umacza_k\u0119.<\/li>\n<li>We\u017a udzia\u0142 w rodzinnej sesji czytania.<\/li>\n<li>Do\u0142\u0105cz do zespo\u0142owego wyzwania czytelniczego.<\/li>\n<li>Stw\u00f3rz w\u0142asn\u0105 lokaln\u0105 inicjatyw\u0119 promuj\u0105c\u0105 czytanie poprzez spotkania na \u017cywo.<\/li>\n<\/ul>\n<p>Celem organizator\u00f3w jest nie tylko zaproszenie do promowania czytania, ale tak\u017ce odkrycie prostej rado\u015bci, jak\u0105 daj\u0105 ksi\u0105\u017cki. <strong>European Authors Day becomes the great fest of literature!<\/strong> pod has\u0142em <strong>#ReadForReal<\/strong> to r\u00f3wnie\u017c <strong>\u015bwietna okazja<\/strong>, by odwiedzi\u0107 ksi\u0119garni\u0119 i kupi\u0107 ksi\u0105\u017cki dla przyjaci\u00f3\u0142 i rodziny \u2013 poniewa\u017c czytanie \u0142\u0105czy ludzi, a dobra ksi\u0105\u017cka to idealny prezent: <strong>#DobraKsi\u0105\u017ckaDobryPrezent<\/strong><\/p>\n<p>\u201eEuropejski Dzie\u0144 Autor\u00f3w #Czytaj.Serio to doskona\u0142a okazja, \u017ceby stworzy\u0107 tradycj\u0119 \u015bwi\u0119towania literatury, nie tylko samemu, prywatnie, ale tak\u017ce razem, bo czytelnicy rozumiej\u0105 innych czytelnik\u00f3w. Czytaj\u0105c te same historie, prze\u017cywamy je zawsze inaczej, ale jednak nadal wiele nas \u0142\u0105czy. \u015awi\u0119towanie, zapraszanie do si\u0119gania po ksi\u0105\u017cki, kupowanie ich na prezent \u2013 niech b\u0119dzie szczeg\u00f3lnie widoczne od 11 listopada do 12 grudnia, co roku!\u201d \u2013 <strong>zaznacza Jerzy Szmid, prezes Garmond Press. <\/strong><\/p>\n<p>Obchody b\u0119d\u0105 odbywa\u0107 si\u0119 co roku w terminie od <strong>11 listopada do 12 grudnia<\/strong>. Marzeniem organizator\u00f3w jest ustanowienie <strong>trwa\u0142ej tradycji<\/strong> \u2013 prawdziwego europejskiego festiwalu literatury i kreatywno\u015bci, kt\u00f3ry zaanga\u017cuje miliony czytelnik\u00f3w i tysi\u0105ce autor\u00f3w na ca\u0142ym kontynencie.<\/p>\n<p><strong>Dlaczego to jest wa\u017cne?<\/strong><\/p>\n<p>Ponad <strong>75 milion\u00f3w doros\u0142ych w Europie<\/strong> zmaga si\u0119 ze zrozumieniem czytanego tekstu. To problem, kt\u00f3ry dotyka gospodarki, spo\u0142ecze\u0144stwa i demokracji. Czytanie to nie tylko przyjemno\u015b\u0107 \u2013 to <strong>kluczowe narz\u0119dzie do zapewnienia r\u00f3wnych szans i niezb\u0119dny warunek naszej wsp\u00f3lnej, lepszej przysz\u0142o\u015bci jako Europejczyk\u00f3w<\/strong>, co podkre\u015blaj\u0105 eksperci <br \/>w kontek\u015bcie umiej\u0119tno\u015bci potrzebnych w erze sztucznej inteligencji.<\/p>\n<p><strong>Kto za tym stoi?<\/strong><\/p>\n<p>Projekt Europejski Dzie\u0144 Autor\u00f3w #ReadForReal koordynuje <strong>konsorcjum siedmiu organizacji z pi\u0119ciu kraj\u00f3w<\/strong>, kt\u00f3rego liderem jest <strong>The Universal Reading Foundation<\/strong> (Polska). Wsp\u00f3\u0142organizatorami s\u0105:<\/p>\n<ul>\n<li>Biblioteka Narodowa (Polska)<\/li>\n<li>Stiftung Lesen (Niemcy)<\/li>\n<li>Ciclic Centre-Val de Loire (Francja)<\/li>\n<li>Chetene (Bu\u0142garia)<\/li>\n<li>Federacja Europejskich Wydawc\u00f3w<\/li>\n<li>EURead<\/li>\n<li>Fundacja Powszechnego Czytania (Polska) \u2013 lider konsorcjum<\/li>\n<\/ul>\n<p>Projekt jest cz\u0119\u015bci\u0105 programu<strong> Kreatywna Europa<\/strong> i obejmuje:<\/p>\n<ol>\n<li>Coroczne obchody Europejskiego Dnia Autor\u00f3w,<\/li>\n<li>Cykliczne mi\u0119dzynarodowe warsztaty dla promotor\u00f3w czytania, pierwsze z nich odb\u0119d\u0105 si\u0119 w Warszawie w dniach 13-14 listopada<\/li>\n<li>Mi\u0119dzynarodowe konferencje \u201eLiteracy for Democracy\u201d organizowane przez Fundacj\u0119 Powszechnego Czytania<\/li>\n<\/ol>\n<p><strong>Do\u0142\u0105cz do projektu #ReadForReal #CzytajSerio<\/strong><\/p>\n<p>Wejd\u017a na <a href=\"http:\/\/www.readforreal.com\/pl\" target=\"_blank\" rel=\"noopener\">www.readforreal.com\/pl<\/a>, znajd\u017a inspiracje, pobierz materia\u0142y, zorganizuj wydarzenie, zarejestruj je na stronie, zapisz si\u0119 na newsletter. \u015awi\u0119tujmy razem moc s\u0142\u00f3w, wyobra\u017ani i kreatywno\u015bci.<\/p>\n<p>\ud83d\udccd <a href=\"http:\/\/www.readforreal.com\" target=\"_blank\" rel=\"noopener\">www.readforreal.com<\/a> | <a href=\"http:\/\/www.readforreal.eu\" target=\"_blank\" rel=\"noopener\">www.readforreal.eu<\/a><br \/>\ud83d\udcf8 Instagram: <a href=\"https:\/\/www.instagram.com\/read.forreal\/\" target=\"_blank\" rel=\"noopener\">@read.forreal<\/a> | \ud83d\udcac Facebook: <a href=\"https:\/\/www.facebook.com\/read.forreal\/\" target=\"_blank\" rel=\"noopener\">READ.forReal<\/a><\/p>\t\t\t\t\t\t\t\t<\/div>\n\t\t\t\t<\/div>\n\t\t\t\t<\/div>\n\t\t\t\t<\/div>","protected":false},"excerpt":{"rendered":"<p>Obchody Europejskiego Dnia Autor\u00f3w pod has\u0142em Czytaj. Serio! Read. For Real! rozpocz\u0119\u0142y si\u0119 11.11 (11 listopada) b\u0119d\u0105 trwa\u0142y do 12.12 (12 grudnia), w ca\u0142ej Europie. Tej jesieni ca\u0142a Europa celebruje kreatywno\u015b\u0107 i mi\u0142o\u015b\u0107 do ksi\u0105\u017cek. Europejski Dzie\u0144 Autor\u00f3w 2025 zosta\u0142 oficjalnie zainaugurowany. \u201eRead. For Real! Czytaj. Serio!\u201d to has\u0142o przewodnie wyj\u0105tkowego, og\u00f3lnoeuropejskiego \u015bwi\u0119ta literatury, wyobra\u017ani&#8230;<\/p>","protected":false},"author":9,"featured_media":995646,"comment_status":"closed","ping_status":"open","sticky":false,"template":"","format":"standard","meta":{"_acf_changed":false,"give_campaign_id":0,"footnotes":""},"categories":[109],"tags":[150,96],"class_list":["post-995641","post","type-post","status-publish","format-standard","has-post-thumbnail","hentry","category-nasze-dzialania","tag-fpc","tag-fundacja-powszechnego-czytania","odd"],"acf":[],"_links":{"self":[{"href":"https:\/\/www.fpc.org.pl\/eng\/wp-json\/wp\/v2\/posts\/995641","targetHints":{"allow":["GET"]}}],"collection":[{"href":"https:\/\/www.fpc.org.pl\/eng\/wp-json\/wp\/v2\/posts"}],"about":[{"href":"https:\/\/www.fpc.org.pl\/eng\/wp-json\/wp\/v2\/types\/post"}],"author":[{"embeddable":true,"href":"https:\/\/www.fpc.org.pl\/eng\/wp-json\/wp\/v2\/users\/9"}],"replies":[{"embeddable":true,"href":"https:\/\/www.fpc.org.pl\/eng\/wp-json\/wp\/v2\/comments?post=995641"}],"version-history":[{"count":14,"href":"https:\/\/www.fpc.org.pl\/eng\/wp-json\/wp\/v2\/posts\/995641\/revisions"}],"predecessor-version":[{"id":995951,"href":"https:\/\/www.fpc.org.pl\/eng\/wp-json\/wp\/v2\/posts\/995641\/revisions\/995951"}],"wp:featuredmedia":[{"embeddable":true,"href":"https:\/\/www.fpc.org.pl\/eng\/wp-json\/wp\/v2\/media\/995646"}],"wp:attachment":[{"href":"https:\/\/www.fpc.org.pl\/eng\/wp-json\/wp\/v2\/media?parent=995641"}],"wp:term":[{"taxonomy":"category","embeddable":true,"href":"https:\/\/www.fpc.org.pl\/eng\/wp-json\/wp\/v2\/categories?post=995641"},{"taxonomy":"post_tag","embeddable":true,"href":"https:\/\/www.fpc.org.pl\/eng\/wp-json\/wp\/v2\/tags?post=995641"}],"curies":[{"name":"wp","href":"https:\/\/api.w.org\/{rel}","templated":true}]}}