{"id":995560,"date":"2025-10-30T08:16:21","date_gmt":"2025-10-30T07:16:21","guid":{"rendered":"https:\/\/www.fpc.org.pl\/?p=995560"},"modified":"2025-10-30T08:26:33","modified_gmt":"2025-10-30T07:26:33","slug":"webinar-czytajserio-poznaj-nowy-projekt-fpc","status":"publish","type":"post","link":"https:\/\/www.fpc.org.pl\/eng\/webinar-czytajserio-poznaj-nowy-projekt-fpc\/","title":{"rendered":"Webinar: #ReadForReal celebrate the European Authors Day!"},"content":{"rendered":"<div data-elementor-type=\"wp-post\" data-elementor-id=\"995560\" class=\"elementor elementor-995560\" data-elementor-post-type=\"post\">\n\t\t\t\t<div class=\"elementor-element elementor-element-ca01a6f e-flex e-con-boxed e-con e-parent\" data-id=\"ca01a6f\" data-element_type=\"container\" data-e-type=\"container\">\n\t\t\t\t\t<div class=\"e-con-inner\">\n\t\t\t\t<div class=\"elementor-element elementor-element-3487237 elementor-widget elementor-widget-text-editor\" data-id=\"3487237\" data-element_type=\"widget\" data-e-type=\"widget\" data-widget_type=\"text-editor.default\">\n\t\t\t\t<div class=\"elementor-widget-container\">\n\t\t\t\t\t\t\t\t\t<div><p><strong>Join the online information meeting about the European project led by the Universal Reading Foundation, co-funded by Creative Europe. <\/strong><\/p><p>\u00a0<img decoding=\"async\" style=\"font-family: Aptos, sans-serif; font-size: 12pt;\" src=\"data:image\/png;base64,iVBORw0KGgoAAAANSUhEUgAAABAAAAAQCAMAAAAoLQ9TAAAASFBMVEUVFhsnKDEvMToYGR4XGB4VFhsxMz0dHiQZGiAbHCI9QE07PUouMDo2OEM0NkEnKTEsLjcyND89QEwlJy4gIikoKjI3OURER1WnPHdEAAAAEHRSTlMB46z7kkmSGKvr7+RJqO1J0va8nQAAAG5JREFUeNpVz4MVwFAMBdDXbxv7b1rrxsfBznlbivUOJynMPBghj5uUeSlEAhBlls3RigBiKKM8QgQZPwRLzmOLuy9I+Sehp5+O5X8vULV\/VAWu66trDrBWH40BkKo91PkM0+epmcSJK02pVhybFbsrDiyAkvcgAAAAAElFTkSuQmCC\" alt=\"\u26ab\ufe0f\" width=\"16\" height=\"16\" \/><span style=\"font-family: Aptos, sans-serif; font-size: 12pt;\">\u00a0<\/span>WEBINAR: #ReadForReal! Discover the new project celebrating European Authors Day<\/p><p class=\"translation-block\">Register: https:\/\/platon.clickmeeting.com\/readforreal\/register<\/p><p>The webinar will be led by the Universal Reading Foundation, the project\u2019s lead organisation.<\/p><p class=\"translation-block\">Hosted by the Universal Reading Foundation, the National Library of Poland, and book distributor Platon, this webinar introduces a pan-European initiative celebrating book creators, shared reading, and the joy of literature \u2013 as well as the idea that, at the end of the year, it\u2019s always worth remembering the well-known truth: #GoodBookGoodGift.<\/p><p>The webinar will be led by the Universal Reading Foundation, the project\u2019s lead organisation.<\/p><p>\u00a0<span style=\"font-size: 12pt; line-height: 115%; font-family: Aptos, sans-serif;\"><img decoding=\"async\" src=\"data:image\/png;base64,iVBORw0KGgoAAAANSUhEUgAAABAAAAAQCAMAAAAoLQ9TAAAAV1BMVEUAAADfWgDmZwDgXwD4hwH6jgX7kAX0gADaVQDeWwDgXgD9nA\/+nxL+nxH8kwf9lQXtcgDeXAD\/lAD1fgD4hAD\/qBn\/nwz8jQD\/mgX6iQD\/oxLxdwDscADdGjwhAAAAEnRSTlMABhirSaiS40mS6uT777Ht7ftUp6e0AAAAcklEQVR42lXPtQEAIRAF0b8sfm4G9F\/nub1swsGGpMryPFOScBC6GA6FFkeXYbiEUgCkx\/AYNUFW40cloeavVsG0PwZ9+9Ojm346mOWrN+Cu\/+gYtu4+agty8e3oCBCc4iXxOeN8OngncCDLvmk8WwKwAn3cEBbFERKKAAAAAElFTkSuQmCC\" alt=\"\ud83d\udfe0\" width=\"16\" height=\"16\" \/><\/span><span style=\"font-size: 12pt; line-height: 115%; font-family: Aptos, sans-serif;\">\u00a0<\/span>During the online meeting:<\/p><ul><li>You\u2019ll discover how you can co-create the European Authors Day under the slogan #ReadForReal.<\/li><li class=\"translation-block\">We\u2019ll show you how to make the most of the materials available at www.readforreal.eu to effectively promote events, authors, illustrators, translators, and their books.<\/li><li>You\u2019ll have the chance to sign up to receive a printed Welcome Pack for the campaign.<\/li><li>And you\u2019ll become part of a vibrant community that, despite geographical distance, creates together, connects with one another, and has a great time doing it!<\/li><\/ul><p>\u00a0<span style=\"font-size: 12pt; line-height: 115%; font-family: Aptos, sans-serif;\"><img decoding=\"async\" src=\"data:image\/png;base64,iVBORw0KGgoAAAANSUhEUgAAABAAAAAQCAMAAAAoLQ9TAAAAXVBMVEVHcExrGNFmFMtfEMNvGtSTNPWML\/BpFtKbPfp1HtqeQPqpTP6PMfOmSf2YOvigQfyMLvFqF8+gQf+oSv+ML\/GUNfixVP+QMvWYOfucPf2kRf+sT\/+EKOqILO59I+O6RffwAAAAEnRSTlMAkkkYq0njBqvzku8Y5JLtGOS\/pSZIAAAAdUlEQVR42lXHgxXAQBAFwH9SpN0Y\/ZcZax4HG2d8SpR643BIorg5xFGyv\/Bjcxl9AbiMxgdlDianj9zAV8NH5WGrH4u2\/2nB3Q\/D1l+theb2gzVk4A8r4cQ0PybhAKWX6bJohY0SYVm2LUEcB5zUZQillm7LCjfeEU6VK8ChAAAAAElFTkSuQmCC\" alt=\"\ud83d\udfe3\" width=\"16\" height=\"16\" \/><\/span><span style=\"font-size: 12pt; line-height: 115%; font-family: Aptos, sans-serif;\">\u00a0<\/span>Because celebrating literature and building meaningful encounters with real creativity is, of course, our shared mission \u2013 but we also want this to be a genuine celebration of everyone involved: authors and creators, readers, libraries and schools, publishers, and booksellers<\/p><p>The online event will take place:<br \/>in English, on November 5 at 3:30 p.m. https:\/\/platon.clickmeeting.com\/readforreal\/register <a href=\"https:\/\/platon.clickmeeting.com\/czytajserio\/register\" target=\"_blank\" rel=\"noopener\">https:\/\/platon.clickmeeting.com\/czytajserio\/register<\/a>\u00a0<\/p><p class=\"translation-block\">in Polish, on November 5 at 1:30 p.m. https:\/\/platon.clickmeeting.com\/czytajserio\/register<\/p><\/div>\t\t\t\t\t\t\t\t<\/div>\n\t\t\t\t<\/div>\n\t\t\t\t\t<\/div>\n\t\t\t\t<\/div>\n\t\t<div class=\"elementor-element elementor-element-952288a e-flex e-con-boxed e-con e-parent\" data-id=\"952288a\" data-element_type=\"container\" data-e-type=\"container\">\n\t\t\t\t\t<div class=\"e-con-inner\">\n\t\t\t\t<div class=\"elementor-element elementor-element-434bedc elementor-widget elementor-widget-image\" data-id=\"434bedc\" data-element_type=\"widget\" data-e-type=\"widget\" data-widget_type=\"image.default\">\n\t\t\t\t<div class=\"elementor-widget-container\">\n\t\t\t\t\t\t\t\t\t<div class=\"elementor-image\">\n\t\t\t\t\t\t\t\t\t\t\t\t\t\t\t\t\t\t\t\t\t<img loading=\"lazy\" decoding=\"async\" width=\"1024\" height=\"576\" src=\"https:\/\/www.fpc.org.pl\/wp-content\/uploads\/2025\/10\/Read-for-Real_webinar_aktualnosci_ENG.jpg\" class=\"attachment-large size-large wp-image-995561\" alt=\"\" srcset=\"https:\/\/www.fpc.org.pl\/wp-content\/uploads\/2025\/10\/Read-for-Real_webinar_aktualnosci_ENG.jpg 1920w, https:\/\/www.fpc.org.pl\/wp-content\/uploads\/2025\/10\/Read-for-Real_webinar_aktualnosci_ENG-300x169.jpg 300w, https:\/\/www.fpc.org.pl\/wp-content\/uploads\/2025\/10\/Read-for-Real_webinar_aktualnosci_ENG-1024x576.jpg 1024w, https:\/\/www.fpc.org.pl\/wp-content\/uploads\/2025\/10\/Read-for-Real_webinar_aktualnosci_ENG-768x432.jpg 768w, https:\/\/www.fpc.org.pl\/wp-content\/uploads\/2025\/10\/Read-for-Real_webinar_aktualnosci_ENG-1536x864.jpg 1536w, https:\/\/www.fpc.org.pl\/wp-content\/uploads\/2025\/10\/Read-for-Real_webinar_aktualnosci_ENG-18x10.jpg 18w, https:\/\/www.fpc.org.pl\/wp-content\/uploads\/2025\/10\/Read-for-Real_webinar_aktualnosci_ENG-1260x709.jpg 1260w, https:\/\/www.fpc.org.pl\/wp-content\/uploads\/2025\/10\/Read-for-Real_webinar_aktualnosci_ENG-630x354.jpg 630w\" sizes=\"(max-width: 1024px) 100vw, 1024px\" \/>\t\t\t\t\t\t\t\t\t\t\t\t\t\t\t\t\t\t\t\t\t\t\t\t<\/div>\n\t\t\t\t\t\t\t\t<\/div>\n\t\t\t\t<\/div>\n\t\t\t\t\t<\/div>\n\t\t\t\t<\/div>\n\t\t<div class=\"elementor-element elementor-element-9788f69 e-flex e-con-boxed e-con e-parent\" data-id=\"9788f69\" data-element_type=\"container\" data-e-type=\"container\">\n\t\t\t\t\t<div class=\"e-con-inner\">\n\t\t\t\t\t<\/div>\n\t\t\t\t<\/div>\n\t\t\t\t<\/div>","protected":false},"excerpt":{"rendered":"<p>Zapraszamy na informacyjne spotkanie online dotycz\u0105ce europejskiego projektu, kt\u00f3rego liderem jest Fundacja Powszechnego Czytania: \u00a0\u00a0WEBINARIUM: #Czytaj.Serio! Poznaj nowy projekt Fundacji Powszechnego Czytania Rejestracja: https:\/\/platon.clickmeeting.com\/czytajserio\/register Zaprasza Fundacja Powszechnego Czytania, Biblioteka Narodowa, Platon oraz Read For Real \u00a0\u00a0Poznaj najnowszy europejski projekt celebruj\u0105cy Tw\u00f3rc\u00f3w i Tw\u00f3rczynie ksi\u0105\u017cek, wsp\u00f3lne czytanie i prze\u017cywanie literatury, oraz ide\u0119, \u017ce na koniec roku&#8230;<\/p>","protected":false},"author":17,"featured_media":995561,"comment_status":"closed","ping_status":"open","sticky":false,"template":"","format":"standard","meta":{"_acf_changed":false,"give_campaign_id":0,"footnotes":""},"categories":[110],"tags":[169,150,96,165],"class_list":["post-995560","post","type-post","status-publish","format-standard","has-post-thumbnail","hentry","category-zapraszamy","tag-czytajserio","tag-fpc","tag-fundacja-powszechnego-czytania","tag-webinar","odd"],"acf":[],"_links":{"self":[{"href":"https:\/\/www.fpc.org.pl\/eng\/wp-json\/wp\/v2\/posts\/995560","targetHints":{"allow":["GET"]}}],"collection":[{"href":"https:\/\/www.fpc.org.pl\/eng\/wp-json\/wp\/v2\/posts"}],"about":[{"href":"https:\/\/www.fpc.org.pl\/eng\/wp-json\/wp\/v2\/types\/post"}],"author":[{"embeddable":true,"href":"https:\/\/www.fpc.org.pl\/eng\/wp-json\/wp\/v2\/users\/17"}],"replies":[{"embeddable":true,"href":"https:\/\/www.fpc.org.pl\/eng\/wp-json\/wp\/v2\/comments?post=995560"}],"version-history":[{"count":8,"href":"https:\/\/www.fpc.org.pl\/eng\/wp-json\/wp\/v2\/posts\/995560\/revisions"}],"predecessor-version":[{"id":995570,"href":"https:\/\/www.fpc.org.pl\/eng\/wp-json\/wp\/v2\/posts\/995560\/revisions\/995570"}],"wp:featuredmedia":[{"embeddable":true,"href":"https:\/\/www.fpc.org.pl\/eng\/wp-json\/wp\/v2\/media\/995561"}],"wp:attachment":[{"href":"https:\/\/www.fpc.org.pl\/eng\/wp-json\/wp\/v2\/media?parent=995560"}],"wp:term":[{"taxonomy":"category","embeddable":true,"href":"https:\/\/www.fpc.org.pl\/eng\/wp-json\/wp\/v2\/categories?post=995560"},{"taxonomy":"post_tag","embeddable":true,"href":"https:\/\/www.fpc.org.pl\/eng\/wp-json\/wp\/v2\/tags?post=995560"}],"curies":[{"name":"wp","href":"https:\/\/api.w.org\/{rel}","templated":true}]}}