{"id":995458,"date":"2025-10-15T16:26:05","date_gmt":"2025-10-15T14:26:05","guid":{"rendered":"https:\/\/www.fpc.org.pl\/?p=995458"},"modified":"2025-10-15T16:35:10","modified_gmt":"2025-10-15T14:35:10","slug":"do-dziela-fpc-wspiera-kolejna-edycje-nocy-bibliotek","status":"publish","type":"post","link":"https:\/\/www.fpc.org.pl\/eng\/do-dziela-fpc-wspiera-kolejna-edycje-nocy-bibliotek\/","title":{"rendered":"&#8222;Do dzie\u0142a&#8221;- FPC wspiera kolejn\u0105 edycj\u0119 Nocy Bibliotek"},"content":{"rendered":"<div data-elementor-type=\"wp-post\" data-elementor-id=\"995458\" class=\"elementor elementor-995458\" data-elementor-post-type=\"post\">\n\t\t\t\t<div class=\"elementor-element elementor-element-ca01a6f e-flex e-con-boxed e-con e-parent\" data-id=\"ca01a6f\" data-element_type=\"container\" data-e-type=\"container\">\n\t\t\t\t\t<div class=\"e-con-inner\">\n\t\t\t\t<div class=\"elementor-element elementor-element-3487237 elementor-widget elementor-widget-text-editor\" data-id=\"3487237\" data-element_type=\"widget\" data-e-type=\"widget\" data-widget_type=\"text-editor.default\">\n\t\t\t\t<div class=\"elementor-widget-container\">\n\t\t\t\t\t\t\t\t\t<p><b>17 pa\u017adziernika w ca\u0142ej Polsce odb\u0119dzie si\u0119 Noc Bibliotek, og\u00f3lnopolskie wydarzenie promuj\u0105ce czytanie i korzystanie z bibliotek. W tym roku tysi\u0105ce atrakcji i wydarze\u0144 specjalnych \u0142\u0105czy has\u0142o \u201eDo dzie\u0142a!\u201d.\u00a0<\/b><b>Sw\u00f3j udzia\u0142 zg\u0142osi\u0142o ju\u017c prawie 1600 bibliotek, a codziennie do\u0142\u0105czaj\u0105 kolejne.<\/b><\/p>\t\t\t\t\t\t\t\t<\/div>\n\t\t\t\t<\/div>\n\t\t\t\t<div class=\"elementor-element elementor-element-6dcd367 elementor-widget elementor-widget-text-editor\" data-id=\"6dcd367\" data-element_type=\"widget\" data-e-type=\"widget\" data-widget_type=\"text-editor.default\">\n\t\t\t\t<div class=\"elementor-widget-container\">\n\t\t\t\t\t\t\t\t\t<p><span style=\"font-weight: 400;\">Noc Bibliotek to jedno z najwi\u0119kszych wydarze\u0144 czytelniczych w Polsce. Co roku bior\u0105 w niej udzia\u0142 biblioteki z wszystkich cz\u0119\u015bci kraju, przygotowuj\u0105c nocowanki i strefy relaksu mi\u0119dzy rega\u0142ami, seanse ekranizacji ksi\u0105\u017cek, gry i zabawy literackie, pota\u0144c\u00f3wki z muzyk\u0105 do r\u00f3\u017cnych gatunk\u00f3w literackich oraz setki spotka\u0144 autorskich z gwiazdami literatury.<\/span><\/p><p><span style=\"font-weight: 400;\">Akcj\u0105 przypominamy, \u017ce biblioteki to miejsca niezwyk\u0142e, z ogromnym potencja\u0142em nie tylko kulturowym, ale te\u017c spo\u0142ecznym. Zale\u017cy nam, by by\u0142y obecne w powszechnej \u015bwiadomo\u015bci jako przestrzenie sprzyjaj\u0105ce integracji, do kt\u00f3rych warto zagl\u0105da\u0107 nie tylko po wypo\u017cyczenie ksi\u0105\u017cki. Przez wiele niekonwencjonalnych dzia\u0142a\u0144 \u0142amiemy stereotypy, pokazuj\u0105c je jako miejsca nowoczesne, z nowo\u015bciami ksi\u0105\u017ckowymi, audiobookami i abonamentami na e-booki, du\u017cym wyborem prasy i gier, r\u00f3\u017cnorodnymi warsztatami i zaj\u0119ciami.\u00a0<\/span><\/p><p><span style=\"font-weight: 400;\">Has\u0142o tegorocznej edycji, \u201eDo dzie\u0142a!\u201d, to zaproszenie do aktywno\u015bci, wsp\u00f3\u0142tworzenia i odwagi w dzia\u0142aniu. Nawi\u0105zuje nie tylko do literatury, ale tak\u017ce do sztuki, kreatywno\u015bci, edukacji i zaanga\u017cowania spo\u0142ecznego. Zach\u0119camy biblioteki i ich go\u015bci oraz go\u015bcinie do podejmowania wsp\u00f3lnych inicjatyw \u0142\u0105cz\u0105cych ludzi i uruchamiaj\u0105cych lokalny potencja\u0142.<\/span><\/p><p><span style=\"font-weight: 400;\">\u2013 Kierujemy tej wyj\u0105tkowej Nocy \u015bwiat\u0142o na biblioteki, by jak najwi\u0119cej ludzi je pozna\u0142o i uzna\u0142o za swoje miejsca, w kt\u00f3rych po prostu warto bywa\u0107\u00a0 \u2013 m\u00f3wi Katarzyna So\u0142tan-M\u0142odo\u017ceniec z Centrum Edukacji Obywatelskiej, krajowa koordynatorka wydarzenia od pierwszej edycji. &#8211; Warto podkre\u015bli\u0107, \u017ce biblioteki s\u0105 jednymi z nielicznych miejsc nikogo nie wykluczaj\u0105cych, daj\u0105cych wszystkim r\u00f3wny, otwarty dost\u0119p do d\u00f3br kultury, wolnych od komercji, a do tego ze swej natury ekologicznych, promuj\u0105cych ide\u0119 wymiany \u2013 oczywi\u015bcie ksi\u0105\u017cek, ale coraz cz\u0119\u015bciej r\u00f3wnie\u017c innych zasob\u00f3w &#8211; idei, rzeczy i s\u0105siedzkich umiej\u0119tno\u015bci &#8211; dodaje.<\/span><\/p><p><span style=\"font-weight: 400;\">Wydarzeniu co roku towarzyszy akcja \u201ePodziel si\u0119 ksi\u0105\u017ckami\u201d \u2013 zach\u0119caj\u0105ca do przynoszenia do bibliotek przeczytanych nowo\u015bci wydawniczych i innych poszukiwanych tytu\u0142\u00f3w.<\/span><\/p><p><span style=\"font-weight: 400;\">\u00a0<\/span><span style=\"font-weight: 400;\">Biblioteki w\u0142\u0105czaj\u0105 si\u0119 w akcj\u0119<\/span><\/p><p><span style=\"font-weight: 400;\">Do udzia\u0142u w wydarzeniu zaproszone s\u0105 wszystkie biblioteki: publiczne, szkolne, akademickie, rozmaitych instytucji i organizacji. Od najstarszych polskich ksi\u0105\u017cnic ze skarbami pi\u015bmiennictwa, po biblioteki spo\u0142eczne z otwartymi rega\u0142ami. Zg\u0142oszenia trwaj\u0105 do 17 pa\u017adziernika.<\/span><\/p><p><span style=\"font-weight: 400;\">CEO og\u0142osi wkr\u00f3tce program z wybranymi najciekawszymi wydarzeniami w bibliotekach w ca\u0142ej Polsce. W ramach programu Nocy Bibliotek odb\u0119d\u0105 si\u0119 m.in.: og\u00f3lnopolski flirt literacki z cytatami z mistrz\u00f3w s\u0142owa, w tym patronki roku Marii Pawlikowskiej-Jasnorzewskiej, warsztaty detektywistyczne i zagadki kryminalne, rozgrzewki z opas\u0142ymi tomami, nocne ostre dy\u017cury ksi\u0105\u017ckowe, przebieranki za bohater\u00f3w ksi\u0105\u017cek, ca\u0142onocne maratony czytania, r\u00f3wnie\u017c w ciemno\u015bci, wsp\u00f3lne tworzenie opowie\u015bci grozy, wystawy zbior\u00f3w specjalnych i zwiedzanie magazyn\u00f3w, koncerty i warsztaty \u015bpiewacze, \u0142asuchy literackie i konkursy czytania do g\u00f3ry nogami \u015bwietnie rozwijaj\u0105ce m\u00f3zg.<\/span><\/p><p><a href=\"https:\/\/fb.me\/e\/7QvPct9m7\" target=\"_blank\" rel=\"noopener\"><span style=\"font-weight: 400;\">Uroczysta inauguracja Nocy Bibliotek<\/span><\/a><span style=\"font-weight: 400;\"> odb\u0119dzie si\u0119 w Warszawie\u00a0 w nowo otwartej bibliotece w metrze &#8211; <\/span><a href=\"https:\/\/www.multibiblioteka.waw.pl\/kategoria\/metroteka\/\" target=\"_blank\" rel=\"noopener\"><span style=\"font-weight: 400;\">Metrotece &#8211; Bibliotece na stacji metra Kondratowicza<\/span><\/a><span style=\"font-weight: 400;\"> (oddzia\u0142 Biblioteki Publicznej w Dzielnicy Targ\u00f3wek m.st. Warszawy).<\/span><\/p><p><span style=\"font-weight: 400;\">In the program:<br \/><\/span><span style=\"font-weight: 400;\">18:00 &#8211; 19:00 &#8211; oficjalna inauguracja (prowadzenie: Grupa Impro).<br \/><\/span><span style=\"font-weight: 400;\">19:00 &#8211; 20:30 spotkanie z Paw\u0142em So\u0142tysem. Prowadzenie: Olga Drenda.<br \/><\/span><span style=\"font-weight: 400;\">20:30 &#8211; 22:00 &#8211; koncert Wojciech Waglewski &amp; Mateusz Pospieszalski<\/span><\/p><p><span style=\"font-weight: 400;\">Otwarcie b\u0119dzie transmitowane do bibliotek w ca\u0142ej Polsce.<\/span><\/p><p><span style=\"font-weight: 400;\">Akcja z gwiazdk\u0105<\/span><\/p><p><span style=\"font-weight: 400;\">Z okazji otwarcia og\u00f3lnopolskiej Nocy Bibliotek 2025 w Metrotece zach\u0119camy wszystkich do pokazania si\u0119 tego dnia w dowolnym \u015brodku komunikacji z ksi\u0105\u017ck\u0105 wypo\u017cyczon\u0105 z biblioteki. Mo\u017ce by\u0107 na czytniku \ud83d\ude42 I oczywi\u015bcie jej czytania \u2013 najlepiej na g\u0142os! Zobaczmy, jak wiele os\u00f3b ju\u017c kocha biblioteki i z nich korzysta, a b\u0119dzie nas jeszcze wi\u0119cej! Do dzie\u0142a!\u00a0\u00a0<\/span><\/p><p><span style=\"font-weight: 400;\">MAPA BIBLIOTEK z planami lokalnych wydarze\u0144: <\/span><a href=\"https:\/\/nocbibliotek2025.ceo.org.pl\/\" target=\"_blank\" rel=\"noopener\"><span style=\"font-weight: 400;\">nocbibliotek.pl<\/span><\/a><\/p><p>Fundacja Powszechnego Czytania, jako partner wspieraj\u0105cy, razem z organizatorem wydarzenia zaprasza do udzia\u0142u. Do zobaczania w bibliotece, po zmroku!\u00a0<\/p>\t\t\t\t\t\t\t\t<\/div>\n\t\t\t\t<\/div>\n\t\t\t\t\t<\/div>\n\t\t\t\t<\/div>\n\t\t\t\t<\/div>","protected":false},"excerpt":{"rendered":"<p>17 pa\u017adziernika w ca\u0142ej Polsce odb\u0119dzie si\u0119 Noc Bibliotek, og\u00f3lnopolskie wydarzenie promuj\u0105ce czytanie i korzystanie z bibliotek. W tym roku tysi\u0105ce atrakcji i wydarze\u0144 specjalnych \u0142\u0105czy has\u0142o \u201eDo dzie\u0142a!\u201d.\u00a0Sw\u00f3j udzia\u0142 zg\u0142osi\u0142o ju\u017c prawie 1600 bibliotek, a codziennie do\u0142\u0105czaj\u0105 kolejne. Noc Bibliotek to jedno z najwi\u0119kszych wydarze\u0144 czytelniczych w Polsce. Co roku bior\u0105 w niej udzia\u0142&#8230;<\/p>","protected":false},"author":9,"featured_media":995460,"comment_status":"closed","ping_status":"open","sticky":false,"template":"","format":"standard","meta":{"_acf_changed":false,"give_campaign_id":0,"footnotes":""},"categories":[110,115],"tags":[150,96,167],"class_list":["post-995458","post","type-post","status-publish","format-standard","has-post-thumbnail","hentry","category-zapraszamy","category-polecamy","tag-fpc","tag-fundacja-powszechnego-czytania","tag-noc-bibliotek","odd"],"acf":[],"_links":{"self":[{"href":"https:\/\/www.fpc.org.pl\/eng\/wp-json\/wp\/v2\/posts\/995458","targetHints":{"allow":["GET"]}}],"collection":[{"href":"https:\/\/www.fpc.org.pl\/eng\/wp-json\/wp\/v2\/posts"}],"about":[{"href":"https:\/\/www.fpc.org.pl\/eng\/wp-json\/wp\/v2\/types\/post"}],"author":[{"embeddable":true,"href":"https:\/\/www.fpc.org.pl\/eng\/wp-json\/wp\/v2\/users\/9"}],"replies":[{"embeddable":true,"href":"https:\/\/www.fpc.org.pl\/eng\/wp-json\/wp\/v2\/comments?post=995458"}],"version-history":[{"count":8,"href":"https:\/\/www.fpc.org.pl\/eng\/wp-json\/wp\/v2\/posts\/995458\/revisions"}],"predecessor-version":[{"id":995468,"href":"https:\/\/www.fpc.org.pl\/eng\/wp-json\/wp\/v2\/posts\/995458\/revisions\/995468"}],"wp:featuredmedia":[{"embeddable":true,"href":"https:\/\/www.fpc.org.pl\/eng\/wp-json\/wp\/v2\/media\/995460"}],"wp:attachment":[{"href":"https:\/\/www.fpc.org.pl\/eng\/wp-json\/wp\/v2\/media?parent=995458"}],"wp:term":[{"taxonomy":"category","embeddable":true,"href":"https:\/\/www.fpc.org.pl\/eng\/wp-json\/wp\/v2\/categories?post=995458"},{"taxonomy":"post_tag","embeddable":true,"href":"https:\/\/www.fpc.org.pl\/eng\/wp-json\/wp\/v2\/tags?post=995458"}],"curies":[{"name":"wp","href":"https:\/\/api.w.org\/{rel}","templated":true}]}}