{"id":995352,"date":"2025-10-10T09:29:12","date_gmt":"2025-10-10T07:29:12","guid":{"rendered":"https:\/\/www.fpc.org.pl\/?p=995352"},"modified":"2025-10-10T11:36:52","modified_gmt":"2025-10-10T09:36:52","slug":"czytanie-rzadzi-aktualnosci-fundacja-powszechnego-czytania","status":"publish","type":"post","link":"https:\/\/www.fpc.org.pl\/eng\/czytanie-rzadzi-aktualnosci-fundacja-powszechnego-czytania\/","title":{"rendered":"#CzytanieRz\u0105dzi \u2013 Dwa spotkania wok\u00f3\u0142 ksi\u0105\u017cki \u201eDziki poradnik przetrwania\u201d Agnieszki Graclik &#8211; Pani z pszyry"},"content":{"rendered":"<div data-elementor-type=\"wp-post\" data-elementor-id=\"995352\" class=\"elementor elementor-995352\" data-elementor-post-type=\"post\">\n\t\t\t\t<div class=\"elementor-element elementor-element-ca01a6f e-flex e-con-boxed e-con e-parent\" data-id=\"ca01a6f\" data-element_type=\"container\" data-e-type=\"container\">\n\t\t\t\t\t<div class=\"e-con-inner\">\n\t\t\t\t<div class=\"elementor-element elementor-element-3487237 elementor-widget elementor-widget-text-editor\" data-id=\"3487237\" data-element_type=\"widget\" data-e-type=\"widget\" data-widget_type=\"text-editor.default\">\n\t\t\t\t<div class=\"elementor-widget-container\">\n\t\t\t\t\t\t\t\t\t<p><b>#ReadingRules<\/b> w Domu Literatury to cykl spotka\u0144 czytelniczych dla dzieci z najbardziej cenionymi autorami i ilustratorami literatury dzieci\u0119cej.<\/p><p>W pa\u017adzierniku zapraszamy na dwa wyj\u0105tkowe wydarzenia wok\u00f3\u0142 ksi\u0105\u017cki <b>Pani z pszyry<\/b>\u00a0<strong>Agnieszki Graclik \u201eDziki poradnik przetrwania\u201d<\/strong> \u2013 pe\u0142nej humoru, ciekawostek i niezwyk\u0142ych historii o \u015bwiecie zwierz\u0105t, kt\u00f3ry zaskakuje pomys\u0142owo\u015bci\u0105 i r\u00f3\u017cnorodno\u015bci\u0105 natury.<\/p><p>To okazja, by razem z dzie\u0107mi odkry\u0107 dziki \u015bwiat przyrody, nauczy\u0107 si\u0119 uwa\u017cno\u015bci i po prostu<br \/>dobrze si\u0119 bawi\u0107!<\/p><p><strong>In the program:<\/strong><\/p><p>&#8211; wsp\u00f3lne czytanie fragment\u00f3w ksi\u0105\u017cki,<\/p><p>&#8211; kreatywna cz\u0119\u015b\u0107 artystyczna, podczas kt\u00f3rej dzieci b\u0119d\u0105 mog\u0142y tworzy\u0107 prace inspirowane \u015bwiatem zwierz\u0105t.<\/p><p><strong>Szczeg\u00f3\u0142y dotycz\u0105ce wydarze\u0144:<br \/><\/strong><strong><br \/>1. Warsztat czytelniczy dla grup zorganizowanych: Dziki \u015bwiat przyrody dla dzieci<br \/><br \/><\/strong>&#8211; Kiedy: czwartek, 23 pa\u017adziernika, godz. 16:00\u201318:00<\/p><p>&#8211; Gdzie: Aula Domu Literatury, ul. Krakowskie Przedmie\u015bcie 87\/89, Warszawa<\/p><p>&#8211; Dla kogo: Dzieci w wieku szkolnym \u2013 podopieczni \u015bwietlic, bibliotek i innych grup zorganizowanych.<\/p><p>&#8211; Wst\u0119p wolny \u2013 obowi\u0105zuj\u0105 zapisy! Liczba miejsc ograniczona.<\/p><p>&#8211; Zg\u0142oszenia: <a href=\"mailto:poranki@fpc.org.pl\">poranki@fpc.org.pl<\/a>\u00a0<\/p><p>&#8211; Wydarzenie na Facebooku: <a href=\"https:\/\/fb.me\/e\/63FkjmWvA\" target=\"_blank\" rel=\"noopener\">LINK<\/a>\u00a0<\/p><p><strong>2. Spotkanie z autork\u0105: Agnieszka Graclik i jej dzikie historie<\/strong><\/p><p>&#8211; Kiedy: sobota, 25 pa\u017adziernika, godz. 11:00\u201313:00<\/p><p>&#8211; Gdzie: Biblioteka Domu Literatury, ul. Krakowskie Przedmie\u015bcie 87\/89, Warszawa<\/p><p>&#8211; Dla kogo: Dzieci w wieku szkolnym wraz z rodzicami.<\/p><p>&#8211; Wst\u0119p wolny \u2013 obowi\u0105zuj\u0105 zapisy!<br \/>Liczba miejsc ograniczona.<\/p><p>&#8211; Zg\u0142oszenia: <a href=\"mailto:poranki@fpc.org.pl\">poranki@fpc.org.pl<\/a>\u00a0<\/p><p>&#8211; Wydarzenie na Facebooku: <a href=\"https:\/\/fb.me\/e\/63FkjmWvA\" target=\"_blank\" rel=\"noopener\">LINK<\/a>\u00a0<\/p><p><strong><br \/>Edycja cyklu #CzytanieRz\u0105dzi<\/strong>\u00a0jest organizowana w ramach wsp\u00f3\u0142pracy Fundacji Powszechnego Czytania z Dzielnic\u0105 \u015ar\u00f3dmie\u015bcie m.st. Warszawy. Kluczowymi partnerami wydarzenia s\u0105 Fundacja Domu Literatury i Dom\u00f3w Pracy Tw\u00f3rczej, Magazyn \u201e\u015awierszczyk dla Dzieci\u201d oraz wydawnictwo Wilga, <br \/>kt\u00f3re aktywnie dzia\u0142aj\u0105 na rzecz rozwoju czytelnictwa w\u015br\u00f3d dzieci.<\/p>\t\t\t\t\t\t\t\t<\/div>\n\t\t\t\t<\/div>\n\t\t\t\t\t<\/div>\n\t\t\t\t<\/div>\n\t\t<div class=\"elementor-element elementor-element-952288a e-flex e-con-boxed e-con e-parent\" data-id=\"952288a\" data-element_type=\"container\" data-e-type=\"container\">\n\t\t\t\t\t<div class=\"e-con-inner\">\n\t\t\t\t\t<\/div>\n\t\t\t\t<\/div>\n\t\t<div class=\"elementor-element elementor-element-9788f69 e-flex e-con-boxed e-con e-parent\" data-id=\"9788f69\" data-element_type=\"container\" data-e-type=\"container\">\n\t\t\t\t\t<div class=\"e-con-inner\">\n\t\t\t\t\t<\/div>\n\t\t\t\t<\/div>\n\t\t\t\t<\/div>","protected":false},"excerpt":{"rendered":"<p>#CzytanieRz\u0105dzi w Domu Literatury to cykl spotka\u0144 czytelniczych dla dzieci z najbardziej cenionymi autorami i ilustratorami literatury dzieci\u0119cej. W pa\u017adzierniku zapraszamy na dwa wyj\u0105tkowe wydarzenia wok\u00f3\u0142 ksi\u0105\u017cki Pani z pszyry\u00a0Agnieszki Graclik \u201eDziki poradnik przetrwania\u201d \u2013 pe\u0142nej humoru, ciekawostek i niezwyk\u0142ych historii o \u015bwiecie zwierz\u0105t, kt\u00f3ry zaskakuje pomys\u0142owo\u015bci\u0105 i r\u00f3\u017cnorodno\u015bci\u0105 natury. To okazja, by razem z&#8230;<\/p>","protected":false},"author":17,"featured_media":995354,"comment_status":"closed","ping_status":"open","sticky":false,"template":"","format":"standard","meta":{"_acf_changed":false,"give_campaign_id":0,"footnotes":""},"categories":[110],"tags":[153,150,96,155],"class_list":["post-995352","post","type-post","status-publish","format-standard","has-post-thumbnail","hentry","category-zapraszamy","tag-bibliotekon","tag-fpc","tag-fundacja-powszechnego-czytania","tag-spotkania","odd"],"acf":[],"_links":{"self":[{"href":"https:\/\/www.fpc.org.pl\/eng\/wp-json\/wp\/v2\/posts\/995352","targetHints":{"allow":["GET"]}}],"collection":[{"href":"https:\/\/www.fpc.org.pl\/eng\/wp-json\/wp\/v2\/posts"}],"about":[{"href":"https:\/\/www.fpc.org.pl\/eng\/wp-json\/wp\/v2\/types\/post"}],"author":[{"embeddable":true,"href":"https:\/\/www.fpc.org.pl\/eng\/wp-json\/wp\/v2\/users\/17"}],"replies":[{"embeddable":true,"href":"https:\/\/www.fpc.org.pl\/eng\/wp-json\/wp\/v2\/comments?post=995352"}],"version-history":[{"count":26,"href":"https:\/\/www.fpc.org.pl\/eng\/wp-json\/wp\/v2\/posts\/995352\/revisions"}],"predecessor-version":[{"id":995381,"href":"https:\/\/www.fpc.org.pl\/eng\/wp-json\/wp\/v2\/posts\/995352\/revisions\/995381"}],"wp:featuredmedia":[{"embeddable":true,"href":"https:\/\/www.fpc.org.pl\/eng\/wp-json\/wp\/v2\/media\/995354"}],"wp:attachment":[{"href":"https:\/\/www.fpc.org.pl\/eng\/wp-json\/wp\/v2\/media?parent=995352"}],"wp:term":[{"taxonomy":"category","embeddable":true,"href":"https:\/\/www.fpc.org.pl\/eng\/wp-json\/wp\/v2\/categories?post=995352"},{"taxonomy":"post_tag","embeddable":true,"href":"https:\/\/www.fpc.org.pl\/eng\/wp-json\/wp\/v2\/tags?post=995352"}],"curies":[{"name":"wp","href":"https:\/\/api.w.org\/{rel}","templated":true}]}}