{"id":995263,"date":"2025-10-07T22:53:21","date_gmt":"2025-10-07T20:53:21","guid":{"rendered":"https:\/\/www.fpc.org.pl\/?p=995263"},"modified":"2025-10-07T23:21:32","modified_gmt":"2025-10-07T21:21:32","slug":"noc-ksiegarn-2025","status":"publish","type":"post","link":"https:\/\/www.fpc.org.pl\/eng\/noc-ksiegarn-2025\/","title":{"rendered":"Jedna noc, setki historii \u2013 Noc Ksi\u0119gar\u0144 wraca 10 pa\u017adziernika"},"content":{"rendered":"<div data-elementor-type=\"wp-post\" data-elementor-id=\"995263\" class=\"elementor elementor-995263\" data-elementor-post-type=\"post\">\n\t\t\t\t<div class=\"elementor-element elementor-element-ca01a6f e-flex e-con-boxed e-con e-parent\" data-id=\"ca01a6f\" data-element_type=\"container\" data-e-type=\"container\">\n\t\t\t\t\t<div class=\"e-con-inner\">\n\t\t\t\t<div class=\"elementor-element elementor-element-3487237 elementor-widget elementor-widget-text-editor\" data-id=\"3487237\" data-element_type=\"widget\" data-e-type=\"widget\" data-widget_type=\"text-editor.default\">\n\t\t\t\t<div class=\"elementor-widget-container\">\n\t\t\t\t\t\t\t\t\t<p class=\"Standard\" style=\"text-align: justify;\"><b><span style=\"font-size: 18.0pt; font-family: 'Verdana',sans-serif;\"><strong>Ju\u017c po raz si\u00f3dmy w ca\u0142ej Polsce odb\u0119dzie si\u0119 Noc Ksi\u0119gar\u0144 &#8211; wyj\u0105tkowe wydarzenie, podczas kt\u00f3rego ks\u0105\u017ci, muzyka i spotkania literackie tworz\u0105 niezapomnian\u0105 atmosfer\u0119. Po raz kolejny Fundacja Powszechnego Czytania obj\u0119\u0142a patronat nad wydarzeniem.<\/strong><\/span><\/b><\/p>\t\t\t\t\t\t\t\t<\/div>\n\t\t\t\t<\/div>\n\t\t\t\t<div class=\"elementor-element elementor-element-6dcd367 elementor-widget elementor-widget-text-editor\" data-id=\"6dcd367\" data-element_type=\"widget\" data-e-type=\"widget\" data-widget_type=\"text-editor.default\">\n\t\t\t\t<div class=\"elementor-widget-container\">\n\t\t\t\t\t\t\t\t\t<p>Tegoroczna edycja po\u0142\u0105czy 156 kameralnych ksi\u0119gar\u0144 w 44 miastach w ca\u0142ym kraju, a nawet dotrze do Wilna! Na uczestnik\u00f3w czeka mn\u00f3stwo atrakcji przygotowanych przez ksi\u0119garzy: spotkania z autorami, artystami, koncerty muzyki kameralnej, sety DJ-skie, warsztaty dla dzieci i doros\u0142ych, rabaty na ksi\u0105\u017cki, a tak\u017ce nietypowe wydarzenia, kt\u00f3re czyni\u0105 Noc Ksi\u0119gar\u0144 wyj\u0105tkow\u0105 &#8211; randka w ciemno z ksi\u0105\u017ck\u0105, literacka fotobudka, rekrutacja do Hogwartu, ksi\u0105\u017ckowe bingo i wiele innych literackich niespodzianek.<\/p>\n<p><strong>Kilka s\u0142\u00f3w o historii Nocy Ksi\u0119gar\u0144<\/strong><\/p>\n<p>Pomys\u0142 Nocy Ksi\u0119gar\u0144 narodzi\u0142 si\u0119 w 2019 roku w Azymucie \u2013 firmie dystrybucyjnej dzia\u0142aj\u0105cej w ramach Grupy PWN. Wydarzenie powsta\u0142o z potrzeby zwr\u00f3cenia uwagi na ksi\u0119garnie kameralne, kt\u00f3re odgrywaj\u0105 kluczow\u0105 rol\u0119 w \u017cyciu kulturalnym i spo\u0142ecznym. To w\u0142a\u015bnie one tworz\u0105 lokalne spo\u0142eczno\u015bci, buduj\u0105 kultur\u0119 i promuj\u0105 czytelnictwo, a ksi\u0119garze, kt\u00f3rzy je prowadz\u0105, z pasj\u0105 dziel\u0105 si\u0119 swoj\u0105 wiedz\u0105 i mi\u0142o\u015bci\u0105 do ksi\u0105\u017cek.<br \/>Noc Ksi\u0119gar\u0144 przypomina, \u017ce te miejsca s\u0105 czym\u015b wi\u0119cej ni\u017c punktami sprzeda\u017cy \u2013 to przestrzenie spotka\u0144, inspiracji i rozm\u00f3w o literaturze.<\/p>\n<p><strong>Spotkaj si\u0119 z ulubionymi pisarzami i tw\u00f3rcami<\/strong><\/p>\n<p>Noc Ksi\u0119gar\u0144 to przede wszystkim spotkania &#8211; zar\u00f3wno z ksi\u0119garzami, kt\u00f3rzy polec\u0105 dobre ksi\u0105\u017cki, jak i tw\u00f3rcami: pisarkami, pisarzami, t\u0142umaczkami, t\u0142umaczami, ilustratorkami i ilustratorami, dziennikarkami, dziennikarzami, artystkami i artystami.<\/p>\n<p>Na li\u015bcie go\u015bci Nocy Ksi\u0119gar\u0144 2025 znale\u017ali si\u0119 znani j\u0119zykoznawcy, dziennikarze i publicy\u015bci, m.in. Mariusz Szczygie\u0142, \u0141ukasz Wojtusik, Jan \u015apiewak oraz Pawe\u0142 \u015aredzi\u0144ski. W\u015br\u00f3d pisarzy, poet\u00f3w i scenarzyst\u00f3w pojawi\u0105 si\u0119 m.in. Barbara Sadurska, laureatka Nagrody Conrada, Filip Zawada, finalista Nagrody Literackiej Nike, a tak\u017ce tw\u00f3rcy literatury dzieci\u0119cej \u2013 Dominika Czerniak-Chojnacka, Agnieszka Pranica i Micha\u0142 \u0141uczy\u0144ski.<\/p>\n<p>Nie zabraknie te\u017c ilustrator\u00f3w i artyst\u00f3w wizualnych, takich jak Aleksandra i Daniel Mizieli\u0144scy, autorzy bestsellerowych <em>Map<\/em>, Olga Wr\u00f3bel, autorka bloga <em>Kurzojady<\/em>, Greta Samuel, Magdalena Milert (@pieing), popularyzatorka wiedzy o miastach, oraz bracia Bartosz i Tomasz Minkiewiczowie, tw\u00f3rcy kultowego komiksu <em>Wilq Superbohater<\/em>.<\/p>\n<p>W gronie artyst\u00f3w scenicznych i muzyk\u00f3w znale\u017ali si\u0119 m.in. Alicja Janosz oraz Robert Gonera, kt\u00f3ry podczas Nocy Ksi\u0119gar\u0144 wcieli si\u0119 w rol\u0119 ksi\u0119garza&#8230;<\/p>\n<p>Do grona ludzi ksi\u0105\u017cki, kultury i edukacji do\u0142\u0105cz\u0105 m.in. El\u017cbieta \u017bukowska, Stanis\u0142aw Kryci\u0144ski, dr Leon Popek, dr Pawe\u0142 Soko\u0142owski, Jadwiga Rodowicz-Czechowska, Joanna Czerska-Thomas oraz Krzysztof Majer \u2013 laureat Nagrody \u201eLiteratury na \u015awiecie\u201d.<\/p>\n<p><strong>Noc Ksi\u0119gar\u0144 dla najm\u0142odszych<\/strong><\/p>\n<p>W ramach tegorocznej Nocy Ksi\u0119gar\u0144 dzieci b\u0119d\u0105 mog\u0142y wzi\u0105\u0107 udzia\u0142 w wyj\u0105tkowych warsztatach i spektaklach:<\/p>\n<ul>\n<li>G\u0142o\u015bne czytanie ksi\u0105\u017cki \u201eJestem Ciemno\u015bci\u0105\u201d autorstwa Joanny Mi\u015b-Skrzypczak i Agaty Bali\u0144skiej, po\u0142\u0105czone z warsztatami plastyczno-ilustracyjnymi dotycz\u0105cymi ciemno\u015bci i nocnych stworze\u0144.<\/li>\n<li>Teatr kukie\u0142kowy z bajkami Ignacego Krasickiego w Muzeum Pana Tadeusza oraz gry i zabawy ruchowe inspirowane literatur\u0105.<\/li>\n<li>Warsztaty komiksowe z Gret\u0105 Samuel wok\u00f3\u0142 zmys\u0142\u00f3w, w trakcie kt\u00f3rych dzieci stworz\u0105 w\u0142asny komiks wra\u017ceniowy lub narracyjny.<\/li>\n<li>Tworzenie zak\u0142adek do ksi\u0105\u017cek metod\u0105 embossingu oraz mini warsztaty plastyczne \u2013 np. wielkie kolorowanie na pod\u0142odze czy anielskie prace inspirowane literatur\u0105.<\/li>\n<\/ul>\n<p><strong>Noc Ksi\u0119gar\u0144 dla starszych Czytelnik\u00f3w<\/strong><\/p>\n<p>Doro\u015bli r\u00f3wnie\u017c znajd\u0105 co\u015b dla siebie &#8211; od spotka\u0144 autorskich, przez koncerty, po literackie gry:<\/p>\n<ul>\n<li>Spotkania autorskie i dyskusje literackie, m.in. z Barbar\u0105 Sadursk\u0105, Tomaszem S\u0142omczy\u0144skim, Janem \u015apiewakiem oraz autorem komiks\u00f3w Bartoszem Minkiewiczem.<\/li>\n<li>Escape roomy i gry literackie, np. \u201eZaginiony r\u0119kopis\u201d czy literackie bingo.<\/li>\n<li>Koncerty i muzyka na \u017cywo, w tym DJ sety oraz muzyka dawna w kameralnym wykonaniu.<\/li>\n<li>Warsztaty i pokazy artystyczne, np. sitodruk, introligatornia dla doros\u0142ych z dzie\u0107mi, tworzenie kola\u017cy z japo\u0144skich magazyn\u00f3w.<\/li>\n<li>Spotkania tematyczne, m.in. rozmowy o architekturze, historii regionu, popkulturze, a tak\u017ce degustacje i wieczory przy lampce wina.<\/li>\n<\/ul>\n<p><strong>Kiermasze i promocje<\/strong><\/p>\n<p>Przez ca\u0142\u0105 noc dost\u0119pne b\u0119d\u0105 kiermasze ksi\u0105\u017cek z atrakcyjnymi rabatami. Opr\u00f3cz polece\u0144 ksi\u0105\u017cek w ksi\u0119garniach b\u0119dzie dost\u0119pny specjalny katalog, kt\u00f3ry pomo\u017ce zaplanowa\u0107 zakupy i znale\u017a\u0107 ciekawe tytu\u0142y.<\/p>\n<p>\u00a0<\/p>\n<p><strong>Konkursy i nagrody podczas Nocy Ksi\u0119gar\u0144<\/strong><\/p>\n<p>Na uczestnik\u00f3w wydarzenia czeka te\u017c wyj\u0105tkowy konkurs \u201eZosta\u0144 Kr\u00f3low\u0105 lub Kr\u00f3lem Nocy Ksi\u0119gar\u0144\u201d, w kt\u00f3rym nagrodzimy najbardziej zaanga\u017cowanych mi\u0142o\u015bnik\u00f3w literatury. Spo\u015br\u00f3d ksi\u0119gar\u0144 bior\u0105cych udzia\u0142 w akcji wy\u0142onimy tak\u017ce \u201eTop Ksi\u0119garni\u0119 Nocy Ksi\u0119gar\u0144 2025\u201d.<\/p>\n<p><strong>Patronaty<\/strong><\/p>\n<p>Tegoroczna edycja odbywa si\u0119 pod patronatem <strong>Haliny Po\u015bwiatowskiej<\/strong>, jednej z najwybitniejszych polskich poetek, kt\u00f3rej tw\u00f3rczo\u015b\u0107 wci\u0105\u017c inspiruje kolejne pokolenia czytelnik\u00f3w.<\/p>\n<p>Honorowy patronat nad wydarzeniem obj\u0119li Prezydenci miast: <strong>Warszawy, Sopotu, Gdyni, Wroc\u0142awia, Szczecina, Krakowa, \u0141odzi i Poznania oraz instytucje: Polska Izba Ksi\u0105\u017cki, Fundacja Powszechnego Czytania, Narodowe Centrum Kultury, Stowarzyszenie Ksi\u0119garzy Polskich oraz Fundacja Miasto Literatury<\/strong>. <strong>Patronem medialnym <\/strong>jest: <strong>TVP <\/strong>Kultura a partnerem wydarzenia:<strong> Rynek Zabawek. <\/strong><\/p>\n<p>Pe\u0142ny program wydarze\u0144 oraz lista ksi\u0119gar\u0144 uczestnicz\u0105cych w akcji dost\u0119pne s\u0105 na stronie: <a href=\"https:\/\/nocksiegarn.pl\/program\/\" target=\"_blank\" rel=\"noopener\">https:\/\/nocksiegarn.pl\/program\/<\/a>.<\/p>\n<p><strong>Noc Ksi\u0119gar\u0144 w pigu\u0142ce:<\/strong><\/p>\n<ul>\n<li>155 ksi\u0119gar\u0144<\/li>\n<li>44 miasta<\/li>\n<li>Setki wydarze\u0144 literackich i muzycznych<\/li>\n<li>Tysi\u0105ce czytelnik\u00f3w spotykaj\u0105cych si\u0119 w ksi\u0119garniach<\/li>\n<li>Wsp\u00f3lne \u015bwi\u0119to literatury, muzyki i dobrej zabawy<\/li>\n<li>Tegoroczny plakat i projekt wizualny przygotowa\u0142a <strong>Pola Augustynowicz<\/strong><\/li>\n<\/ul>\t\t\t\t\t\t\t\t<\/div>\n\t\t\t\t<\/div>\n\t\t\t\t\t<\/div>\n\t\t\t\t<\/div>\n\t\t<div class=\"elementor-element elementor-element-05212cd e-con-full e-flex e-con e-parent\" data-id=\"05212cd\" data-element_type=\"container\" data-e-type=\"container\">\n\t\t\t\t<div class=\"elementor-element elementor-element-ac98984 elementor-widget elementor-widget-image\" data-id=\"ac98984\" data-element_type=\"widget\" data-e-type=\"widget\" data-widget_type=\"image.default\">\n\t\t\t\t<div class=\"elementor-widget-container\">\n\t\t\t\t\t\t\t\t\t<div class=\"elementor-image\">\n\t\t\t\t\t\t\t\t\t\t\t\t\t\t\t\t\t\t\t\t\t<img fetchpriority=\"high\" decoding=\"async\" width=\"734\" height=\"1024\" src=\"https:\/\/www.fpc.org.pl\/wp-content\/uploads\/2025\/10\/Plakat-Noc-Ksiegarn-2025_page-0001-734x1024.jpg\" class=\"attachment-large size-large wp-image-995291\" alt=\"\" srcset=\"https:\/\/www.fpc.org.pl\/wp-content\/uploads\/2025\/10\/Plakat-Noc-Ksiegarn-2025_page-0001-734x1024.jpg 734w, https:\/\/www.fpc.org.pl\/wp-content\/uploads\/2025\/10\/Plakat-Noc-Ksiegarn-2025_page-0001-215x300.jpg 215w, https:\/\/www.fpc.org.pl\/wp-content\/uploads\/2025\/10\/Plakat-Noc-Ksiegarn-2025_page-0001-768x1072.jpg 768w, https:\/\/www.fpc.org.pl\/wp-content\/uploads\/2025\/10\/Plakat-Noc-Ksiegarn-2025_page-0001-1101x1536.jpg 1101w, https:\/\/www.fpc.org.pl\/wp-content\/uploads\/2025\/10\/Plakat-Noc-Ksiegarn-2025_page-0001-1468x2048.jpg 1468w, https:\/\/www.fpc.org.pl\/wp-content\/uploads\/2025\/10\/Plakat-Noc-Ksiegarn-2025_page-0001-9x12.jpg 9w, https:\/\/www.fpc.org.pl\/wp-content\/uploads\/2025\/10\/Plakat-Noc-Ksiegarn-2025_page-0001-1260x1758.jpg 1260w, https:\/\/www.fpc.org.pl\/wp-content\/uploads\/2025\/10\/Plakat-Noc-Ksiegarn-2025_page-0001-630x879.jpg 630w, https:\/\/www.fpc.org.pl\/wp-content\/uploads\/2025\/10\/Plakat-Noc-Ksiegarn-2025_page-0001-scaled.jpg 1835w\" sizes=\"(max-width: 734px) 100vw, 734px\" \/>\t\t\t\t\t\t\t\t\t\t\t\t\t\t\t\t\t\t\t\t\t\t\t\t<\/div>\n\t\t\t\t\t\t\t\t<\/div>\n\t\t\t\t<\/div>\n\t\t\t\t<\/div>\n\t\t\t\t<\/div>","protected":false},"excerpt":{"rendered":"<p>Ju\u017c po raz si\u00f3dmy w ca\u0142ej Polsce odb\u0119dzie si\u0119 Noc Ksi\u0119gar\u0144 &#8211; wyj\u0105tkowe wydarzenie, podczas kt\u00f3rego ks\u0105\u017ci, muzyka i spotkania literackie tworz\u0105 niezapomnian\u0105 atmosfer\u0119. Po raz kolejny Fundacja Powszechnego Czytania obj\u0119\u0142a patronat nad wydarzeniem. Tegoroczna edycja po\u0142\u0105czy 156 kameralnych ksi\u0119gar\u0144 w 44 miastach w ca\u0142ym kraju, a nawet dotrze do Wilna! Na uczestnik\u00f3w czeka mn\u00f3stwo&#8230;<\/p>","protected":false},"author":9,"featured_media":995278,"comment_status":"closed","ping_status":"open","sticky":false,"template":"","format":"standard","meta":{"_acf_changed":false,"give_campaign_id":0,"footnotes":""},"categories":[115],"tags":[150,96],"class_list":["post-995263","post","type-post","status-publish","format-standard","has-post-thumbnail","hentry","category-polecamy","tag-fpc","tag-fundacja-powszechnego-czytania","odd"],"acf":[],"_links":{"self":[{"href":"https:\/\/www.fpc.org.pl\/eng\/wp-json\/wp\/v2\/posts\/995263","targetHints":{"allow":["GET"]}}],"collection":[{"href":"https:\/\/www.fpc.org.pl\/eng\/wp-json\/wp\/v2\/posts"}],"about":[{"href":"https:\/\/www.fpc.org.pl\/eng\/wp-json\/wp\/v2\/types\/post"}],"author":[{"embeddable":true,"href":"https:\/\/www.fpc.org.pl\/eng\/wp-json\/wp\/v2\/users\/9"}],"replies":[{"embeddable":true,"href":"https:\/\/www.fpc.org.pl\/eng\/wp-json\/wp\/v2\/comments?post=995263"}],"version-history":[{"count":8,"href":"https:\/\/www.fpc.org.pl\/eng\/wp-json\/wp\/v2\/posts\/995263\/revisions"}],"predecessor-version":[{"id":995297,"href":"https:\/\/www.fpc.org.pl\/eng\/wp-json\/wp\/v2\/posts\/995263\/revisions\/995297"}],"wp:featuredmedia":[{"embeddable":true,"href":"https:\/\/www.fpc.org.pl\/eng\/wp-json\/wp\/v2\/media\/995278"}],"wp:attachment":[{"href":"https:\/\/www.fpc.org.pl\/eng\/wp-json\/wp\/v2\/media?parent=995263"}],"wp:term":[{"taxonomy":"category","embeddable":true,"href":"https:\/\/www.fpc.org.pl\/eng\/wp-json\/wp\/v2\/categories?post=995263"},{"taxonomy":"post_tag","embeddable":true,"href":"https:\/\/www.fpc.org.pl\/eng\/wp-json\/wp\/v2\/tags?post=995263"}],"curies":[{"name":"wp","href":"https:\/\/api.w.org\/{rel}","templated":true}]}}