{"id":995158,"date":"2025-09-24T21:18:08","date_gmt":"2025-09-24T19:18:08","guid":{"rendered":"https:\/\/www.fpc.org.pl\/?p=995158"},"modified":"2025-09-24T21:37:03","modified_gmt":"2025-09-24T19:37:03","slug":"jesien-pediatryczna-warsztat-ksiazka-na-recepte","status":"publish","type":"post","link":"https:\/\/www.fpc.org.pl\/eng\/jesien-pediatryczna-warsztat-ksiazka-na-recepte\/","title":{"rendered":"Jesie\u0144 pediatryczna &#8211; warsztat Ksi\u0105\u017cka na Recept\u0119"},"content":{"rendered":"<div data-elementor-type=\"wp-post\" data-elementor-id=\"995158\" class=\"elementor elementor-995158\" data-elementor-post-type=\"post\">\n\t\t\t\t<div class=\"elementor-element elementor-element-ca01a6f e-flex e-con-boxed e-con e-parent\" data-id=\"ca01a6f\" data-element_type=\"container\" data-e-type=\"container\">\n\t\t\t\t\t<div class=\"e-con-inner\">\n\t\t\t\t<div class=\"elementor-element elementor-element-3487237 elementor-widget elementor-widget-text-editor\" data-id=\"3487237\" data-element_type=\"widget\" data-e-type=\"widget\" data-widget_type=\"text-editor.default\">\n\t\t\t\t<div class=\"elementor-widget-container\">\n\t\t\t\t\t\t\t\t\t<p class=\"Standard\" style=\"text-align: justify;\"><b><span style=\"font-size: 18.0pt; font-family: 'Verdana',sans-serif;\"><strong>Podczas tegorocznej Jesieni Pediatrycznej odbywaj\u0105cej si\u0119 w dniach 26-27 wrze\u015bnia w Krakowie, zapraszamy do udzia\u0142u w spotkaniu z ekspertami programu \u201eKsi\u0105\u017cka na recept\u0119. Recepta na sukces\u201d.<\/strong><\/span><\/b><\/p>\t\t\t\t\t\t\t\t<\/div>\n\t\t\t\t<\/div>\n\t\t\t\t<div class=\"elementor-element elementor-element-6dcd367 elementor-widget elementor-widget-text-editor\" data-id=\"6dcd367\" data-element_type=\"widget\" data-e-type=\"widget\" data-widget_type=\"text-editor.default\">\n\t\t\t\t<div class=\"elementor-widget-container\">\n\t\t\t\t\t\t\t\t\t<p class=\"title\">Spotkanie b\u0119dzie po\u015bwi\u0119cone temu, jak czytanie wspiera zdrowie i rozw\u00f3j najm\u0142odszych: Czytanie dialogowe \u2013 czym jest i w jaki spos\u00f3b mo\u017ce wspiera\u0107 stabilny rozw\u00f3j dzieci?<\/p>\n<p>Spotkanie poprowadz\u0105:<br \/>lek. Magdalena Ossoli\u0144ska \u2013 ambasadorka programu \u201eKsi\u0105\u017cka na recept\u0119\u201d<br \/>Katarzyna Konopka \u2013 Cz\u0142onek Rady Fundacji Powszechnego Czytania<\/p>\n<p>Udzia\u0142 w spotkaniu jest bezp\u0142atny i dost\u0119pny dla uczestnik\u00f3w stacjonarnych konferencji.<\/p>\n<p>Wi\u0119cej na temat programu Ksi\u0105\u017cka na Recept\u0119, prowadzonego przez Fundacj\u0119 Powszechnego Czytania mo\u017cna przeczyta\u0107 na stronie: <a href=\"http:\/\/www.ksiazkanarecepte.pl\" target=\"_blank\" rel=\"noopener\">www.ksiazkanarecepte.pl\u00a0<\/a><\/p>\t\t\t\t\t\t\t\t<\/div>\n\t\t\t\t<\/div>\n\t\t\t\t\t<\/div>\n\t\t\t\t<\/div>\n\t\t\t\t<\/div>","protected":false},"excerpt":{"rendered":"<p>Podczas tegorocznej Jesieni Pediatrycznej odbywaj\u0105cej si\u0119 w dniach 26-27 wrze\u015bnia w Krakowie, zapraszamy do udzia\u0142u w spotkaniu z ekspertami programu \u201eKsi\u0105\u017cka na recept\u0119. Recepta na sukces\u201d. Spotkanie b\u0119dzie po\u015bwi\u0119cone temu, jak czytanie wspiera zdrowie i rozw\u00f3j najm\u0142odszych: Czytanie dialogowe \u2013 czym jest i w jaki spos\u00f3b mo\u017ce wspiera\u0107 stabilny rozw\u00f3j dzieci? Spotkanie poprowadz\u0105:lek. Magdalena Ossoli\u0144ska&#8230;<\/p>","protected":false},"author":9,"featured_media":995159,"comment_status":"closed","ping_status":"open","sticky":false,"template":"","format":"standard","meta":{"_acf_changed":false,"give_campaign_id":0,"footnotes":""},"categories":[110],"tags":[150,96,100],"class_list":["post-995158","post","type-post","status-publish","format-standard","has-post-thumbnail","hentry","category-zapraszamy","tag-fpc","tag-fundacja-powszechnego-czytania","tag-ksiazka-na-recepte","odd"],"acf":[],"_links":{"self":[{"href":"https:\/\/www.fpc.org.pl\/eng\/wp-json\/wp\/v2\/posts\/995158","targetHints":{"allow":["GET"]}}],"collection":[{"href":"https:\/\/www.fpc.org.pl\/eng\/wp-json\/wp\/v2\/posts"}],"about":[{"href":"https:\/\/www.fpc.org.pl\/eng\/wp-json\/wp\/v2\/types\/post"}],"author":[{"embeddable":true,"href":"https:\/\/www.fpc.org.pl\/eng\/wp-json\/wp\/v2\/users\/9"}],"replies":[{"embeddable":true,"href":"https:\/\/www.fpc.org.pl\/eng\/wp-json\/wp\/v2\/comments?post=995158"}],"version-history":[{"count":5,"href":"https:\/\/www.fpc.org.pl\/eng\/wp-json\/wp\/v2\/posts\/995158\/revisions"}],"predecessor-version":[{"id":995164,"href":"https:\/\/www.fpc.org.pl\/eng\/wp-json\/wp\/v2\/posts\/995158\/revisions\/995164"}],"wp:featuredmedia":[{"embeddable":true,"href":"https:\/\/www.fpc.org.pl\/eng\/wp-json\/wp\/v2\/media\/995159"}],"wp:attachment":[{"href":"https:\/\/www.fpc.org.pl\/eng\/wp-json\/wp\/v2\/media?parent=995158"}],"wp:term":[{"taxonomy":"category","embeddable":true,"href":"https:\/\/www.fpc.org.pl\/eng\/wp-json\/wp\/v2\/categories?post=995158"},{"taxonomy":"post_tag","embeddable":true,"href":"https:\/\/www.fpc.org.pl\/eng\/wp-json\/wp\/v2\/tags?post=995158"}],"curies":[{"name":"wp","href":"https:\/\/api.w.org\/{rel}","templated":true}]}}