{"id":995121,"date":"2025-09-19T18:00:38","date_gmt":"2025-09-19T16:00:38","guid":{"rendered":"https:\/\/www.fpc.org.pl\/?p=995121"},"modified":"2025-09-19T18:10:20","modified_gmt":"2025-09-19T16:10:20","slug":"konferencja-podsumowujaca-nprcz-2-0","status":"publish","type":"post","link":"https:\/\/www.fpc.org.pl\/eng\/konferencja-podsumowujaca-nprcz-2-0\/","title":{"rendered":"FPC na Konferencji podsumowuj\u0105cej NPRCz 2.0"},"content":{"rendered":"<div data-elementor-type=\"wp-post\" data-elementor-id=\"995121\" class=\"elementor elementor-995121\" data-elementor-post-type=\"post\">\n\t\t\t\t<div class=\"elementor-element elementor-element-ca01a6f e-flex e-con-boxed e-con e-parent\" data-id=\"ca01a6f\" data-element_type=\"container\" data-e-type=\"container\">\n\t\t\t\t\t<div class=\"e-con-inner\">\n\t\t\t\t<div class=\"elementor-element elementor-element-3487237 elementor-widget elementor-widget-text-editor\" data-id=\"3487237\" data-element_type=\"widget\" data-e-type=\"widget\" data-widget_type=\"text-editor.default\">\n\t\t\t\t<div class=\"elementor-widget-container\">\n\t\t\t\t\t\t\t\t\t<p class=\"Standard\" style=\"text-align: justify;\"><b><span style=\"font-size: 18.0pt; font-family: 'Verdana',sans-serif;\"><strong>\u201eCzytanie ma tylko dobre strony&#8221; &#8211; konferencja podsumowuj\u0105ca NPRCz 2.0 to dwudniowe wydarzenie, kt\u00f3rego celem jest integracja \u015brodowisk zwi\u0105zanych z dzia\u0142alno\u015bci\u0105 na rzecz promocji czytelnictwa w Polsce, rozmowa o dotychczasowych dzia\u0142aniach <\/strong><strong>w ramach Narodowego Programu Rozwoju Czytelnictwa 2.0<\/strong><strong>\u00a0and\u00a0<\/strong><strong>nakre\u015blenie kierunku dalszych krok\u00f3w.<\/strong><\/span><\/b><\/p>\t\t\t\t\t\t\t\t<\/div>\n\t\t\t\t<\/div>\n\t\t\t\t<div class=\"elementor-element elementor-element-6dcd367 elementor-widget elementor-widget-text-editor\" data-id=\"6dcd367\" data-element_type=\"widget\" data-e-type=\"widget\" data-widget_type=\"text-editor.default\">\n\t\t\t\t<div class=\"elementor-widget-container\">\n\t\t\t\t\t\t\t\t\t<p>W dniach 23-24 wrze\u015bnia 2025 w Warszawie, w Ursynowskim Centrum Kultury \u201eAlternatywy\u201d, odb\u0119dzie si\u0119 wydarzenie \u201eCzytanie ma tylko dobre strony\u201d &#8211; konferencja podsumowuj\u0105ca NPRCz 2.0. To dwudniowe spotkanie b\u0119dzie tw\u00f3rczym podsumowaniem jednego z najwa\u017cniejszych program\u00f3w publicznych na rzecz kultury i edukacji w Polsce, czyli Narodowego Programu Rozwoju Czytelnictwa 2.0 oraz okazj\u0105 do dyskusji nad tym, jak wsp\u00f3lnie wspiera\u0107 biblioteki i promowa\u0107 mod\u0119 na czytanie w przysz\u0142o\u015bci.<\/p><p>W spotkaniu wezm\u0105 udzia\u0142 osoby i instytucje od lat dzia\u0142aj\u0105ce na rzecz rozwoju czytelnictwa, zar\u00f3wno te tworz\u0105ce Narodowy Program Rozwoju Czytelnictwa 2.0, b\u0119d\u0105ce jego beneficjentami, jak i przedstawiciele samorz\u0105d\u00f3w lokalnych, organizacji pozarz\u0105dowych oraz reprezentant\u00f3w innych \u015brodowisk, kt\u00f3rym zale\u017cy na podnoszeniu poziomu czytelnictwa w Polsce.<\/p><p>Celem spotkania jest integracja \u015brodowisk zwi\u0105zanych z rynkiem ksi\u0105\u017cki, wymiana do\u015bwiadcze\u0144, dyskusja z kr\u0119gami czytelniczymi oraz prezentacja dotychczasowych dzia\u0142a\u0144 wspieraj\u0105cych zainteresowanie literatur\u0105.<\/p><p>W dw\u00f3ch dyskusjach we\u017amie udzia\u0142 Maria Deskur, prezes Fundacji Powszechnego Czytania.<\/p>\t\t\t\t\t\t\t\t<\/div>\n\t\t\t\t<\/div>\n\t\t\t\t\t<\/div>\n\t\t\t\t<\/div>\n\t\t<div class=\"elementor-element elementor-element-d26aa35 e-con-full e-flex e-con e-parent\" data-id=\"d26aa35\" data-element_type=\"container\" data-e-type=\"container\">\n\t\t<div class=\"elementor-element elementor-element-16ea29a e-con-full e-flex e-con e-child\" data-id=\"16ea29a\" data-element_type=\"container\" data-e-type=\"container\">\n\t\t\t\t<div class=\"elementor-element elementor-element-1c4fa62 elementor-widget elementor-widget-text-editor\" data-id=\"1c4fa62\" data-element_type=\"widget\" data-e-type=\"widget\" data-widget_type=\"text-editor.default\">\n\t\t\t\t<div class=\"elementor-widget-container\">\n\t\t\t\t\t\t\t\t\t<p>23 wrze\u015bnia, 15:30 &#8211; 16:40<\/p><h4 class=\"card__title heading\">Dlaczego czytelnictwo jest wa\u017cne dla lokalnych spo\u0142eczno\u015bci? Jak wykorzysta\u0107 potencja\u0142 bibliotek? Perspektywa i do\u015bwiadczenia samorz\u0105d\u00f3w<\/h4><div class=\"card__content\"><ul><li>Ma\u0142gorzata Giela, naczelniczka w Urz\u0119dzie Miasta Zabrza, sygnatariuszka pierwszej miejskiej deklaracji na rzecz czytelnictwa w Polsce: \u201ePorozumienia Zabrza\u0144skiego\u201d<\/li><li>Stanis\u0142aw Jastrz\u0119bski, przewodnicz\u0105cy Zwi\u0105zku Gmin Wiejskich Rzeczypospolitej Polskiej, w\u00f3jt Gminy D\u0142ugosiod\u0142o<\/li><li>Magdalena Krupa, starosta Powiatu Strzeli\u0144skiego<\/li><li>Adrianna Walendziak, director of the Provincial Public Library in Olsztyn.<\/li><\/ul><p>moderacja: Maria Deskur, prezes zarz\u0105du Fundacji Powszechnego Czytania<\/p><p>Panel samorz\u0105dowy po\u015bwi\u0119cony b\u0119dzie kluczowej roli samorz\u0105d\u00f3w w rozwoju czytelnictwa na poziomie lokalnym i regionalnym oraz kwestii wp\u0142ywu czytelnictwa i bibliotek na wzmacnianie wi\u0119zi i to\u017csamo\u015bci lokalnych wsp\u00f3lnot i\u00a0budowanie kapita\u0142u spo\u0142ecznego. Opowiemy te\u017c o udziale samorz\u0105d\u00f3w w realizacji\u00a0dzia\u0142a\u0144 Narodowego Programu Rozwoju Czytelnictwa 2.0.<\/p><\/div>\t\t\t\t\t\t\t\t<\/div>\n\t\t\t\t<\/div>\n\t\t\t\t<\/div>\n\t\t<div class=\"elementor-element elementor-element-bdc1dcf e-con-full e-flex e-con e-child\" data-id=\"bdc1dcf\" data-element_type=\"container\" data-e-type=\"container\">\n\t\t\t\t<div class=\"elementor-element elementor-element-c20ec39 elementor-widget elementor-widget-image\" data-id=\"c20ec39\" data-element_type=\"widget\" data-e-type=\"widget\" data-widget_type=\"image.default\">\n\t\t\t\t<div class=\"elementor-widget-container\">\n\t\t\t\t\t\t\t\t\t<div class=\"elementor-image\">\n\t\t\t\t\t\t\t\t\t\t\t\t\t\t\t\t\t\t\t\t\t<img fetchpriority=\"high\" decoding=\"async\" width=\"819\" height=\"1024\" src=\"https:\/\/www.fpc.org.pl\/wp-content\/uploads\/2025\/09\/1-1-819x1024.png\" class=\"attachment-large size-large wp-image-995128\" alt=\"\" srcset=\"https:\/\/www.fpc.org.pl\/wp-content\/uploads\/2025\/09\/1-1-819x1024.png 819w, https:\/\/www.fpc.org.pl\/wp-content\/uploads\/2025\/09\/1-1-240x300.png 240w, https:\/\/www.fpc.org.pl\/wp-content\/uploads\/2025\/09\/1-1-768x960.png 768w, https:\/\/www.fpc.org.pl\/wp-content\/uploads\/2025\/09\/1-1-10x12.png 10w, https:\/\/www.fpc.org.pl\/wp-content\/uploads\/2025\/09\/1-1-630x788.png 630w, https:\/\/www.fpc.org.pl\/wp-content\/uploads\/2025\/09\/1-1.png 1080w\" sizes=\"(max-width: 819px) 100vw, 819px\" \/>\t\t\t\t\t\t\t\t\t\t\t\t\t\t\t\t\t\t\t\t\t\t\t\t<\/div>\n\t\t\t\t\t\t\t\t<\/div>\n\t\t\t\t<\/div>\n\t\t\t\t<\/div>\n\t\t\t\t<\/div>\n\t\t<div class=\"elementor-element elementor-element-b10d255 e-con-full e-flex e-con e-parent\" data-id=\"b10d255\" data-element_type=\"container\" data-e-type=\"container\">\n\t\t<div class=\"elementor-element elementor-element-7b08fb7 e-con-full e-flex e-con e-child\" data-id=\"7b08fb7\" data-element_type=\"container\" data-e-type=\"container\">\n\t\t\t\t<div class=\"elementor-element elementor-element-8dfb6cc elementor-widget elementor-widget-image\" data-id=\"8dfb6cc\" data-element_type=\"widget\" data-e-type=\"widget\" data-widget_type=\"image.default\">\n\t\t\t\t<div class=\"elementor-widget-container\">\n\t\t\t\t\t\t\t\t\t<div class=\"elementor-image\">\n\t\t\t\t\t\t\t\t\t\t\t\t\t\t\t\t\t\t\t\t\t<img decoding=\"async\" width=\"819\" height=\"1024\" src=\"https:\/\/www.fpc.org.pl\/wp-content\/uploads\/2025\/09\/3-2-819x1024.png\" class=\"attachment-large size-large wp-image-995133\" alt=\"\" srcset=\"https:\/\/www.fpc.org.pl\/wp-content\/uploads\/2025\/09\/3-2-819x1024.png 819w, https:\/\/www.fpc.org.pl\/wp-content\/uploads\/2025\/09\/3-2-240x300.png 240w, https:\/\/www.fpc.org.pl\/wp-content\/uploads\/2025\/09\/3-2-768x960.png 768w, https:\/\/www.fpc.org.pl\/wp-content\/uploads\/2025\/09\/3-2-10x12.png 10w, https:\/\/www.fpc.org.pl\/wp-content\/uploads\/2025\/09\/3-2-630x788.png 630w, https:\/\/www.fpc.org.pl\/wp-content\/uploads\/2025\/09\/3-2.png 1080w\" sizes=\"(max-width: 819px) 100vw, 819px\" \/>\t\t\t\t\t\t\t\t\t\t\t\t\t\t\t\t\t\t\t\t\t\t\t\t<\/div>\n\t\t\t\t\t\t\t\t<\/div>\n\t\t\t\t<\/div>\n\t\t\t\t<\/div>\n\t\t<div class=\"elementor-element elementor-element-a807f8c e-con-full e-flex e-con e-child\" data-id=\"a807f8c\" data-element_type=\"container\" data-e-type=\"container\">\n\t\t\t\t<div class=\"elementor-element elementor-element-a84e3de elementor-widget elementor-widget-image\" data-id=\"a84e3de\" data-element_type=\"widget\" data-e-type=\"widget\" data-widget_type=\"image.default\">\n\t\t\t\t<div class=\"elementor-widget-container\">\n\t\t\t\t\t\t\t\t\t<div class=\"elementor-image\">\n\t\t\t\t\t\t\t\t\t\t\t\t\t\t\t\t\t\t\t\t\t<img decoding=\"async\" width=\"819\" height=\"1024\" src=\"https:\/\/www.fpc.org.pl\/wp-content\/uploads\/2025\/09\/4-1-819x1024.png\" class=\"attachment-large size-large wp-image-995132\" alt=\"\" srcset=\"https:\/\/www.fpc.org.pl\/wp-content\/uploads\/2025\/09\/4-1-819x1024.png 819w, https:\/\/www.fpc.org.pl\/wp-content\/uploads\/2025\/09\/4-1-240x300.png 240w, https:\/\/www.fpc.org.pl\/wp-content\/uploads\/2025\/09\/4-1-768x960.png 768w, https:\/\/www.fpc.org.pl\/wp-content\/uploads\/2025\/09\/4-1-10x12.png 10w, https:\/\/www.fpc.org.pl\/wp-content\/uploads\/2025\/09\/4-1-630x788.png 630w, https:\/\/www.fpc.org.pl\/wp-content\/uploads\/2025\/09\/4-1.png 1080w\" sizes=\"(max-width: 819px) 100vw, 819px\" \/>\t\t\t\t\t\t\t\t\t\t\t\t\t\t\t\t\t\t\t\t\t\t\t\t<\/div>\n\t\t\t\t\t\t\t\t<\/div>\n\t\t\t\t<\/div>\n\t\t\t\t<\/div>\n\t\t<div class=\"elementor-element elementor-element-1b41bf9 e-con-full e-flex e-con e-child\" data-id=\"1b41bf9\" data-element_type=\"container\" data-e-type=\"container\">\n\t\t\t\t<div class=\"elementor-element elementor-element-57ebad5 elementor-widget elementor-widget-image\" data-id=\"57ebad5\" data-element_type=\"widget\" data-e-type=\"widget\" data-widget_type=\"image.default\">\n\t\t\t\t<div class=\"elementor-widget-container\">\n\t\t\t\t\t\t\t\t\t<div class=\"elementor-image\">\n\t\t\t\t\t\t\t\t\t\t\t\t\t\t\t\t\t\t\t\t\t<img loading=\"lazy\" decoding=\"async\" width=\"819\" height=\"1024\" src=\"https:\/\/www.fpc.org.pl\/wp-content\/uploads\/2025\/09\/5-1-819x1024.png\" class=\"attachment-large size-large wp-image-995131\" alt=\"\" srcset=\"https:\/\/www.fpc.org.pl\/wp-content\/uploads\/2025\/09\/5-1-819x1024.png 819w, https:\/\/www.fpc.org.pl\/wp-content\/uploads\/2025\/09\/5-1-240x300.png 240w, https:\/\/www.fpc.org.pl\/wp-content\/uploads\/2025\/09\/5-1-768x960.png 768w, https:\/\/www.fpc.org.pl\/wp-content\/uploads\/2025\/09\/5-1-10x12.png 10w, https:\/\/www.fpc.org.pl\/wp-content\/uploads\/2025\/09\/5-1-630x788.png 630w, https:\/\/www.fpc.org.pl\/wp-content\/uploads\/2025\/09\/5-1.png 1080w\" sizes=\"(max-width: 819px) 100vw, 819px\" \/>\t\t\t\t\t\t\t\t\t\t\t\t\t\t\t\t\t\t\t\t\t\t\t\t<\/div>\n\t\t\t\t\t\t\t\t<\/div>\n\t\t\t\t<\/div>\n\t\t\t\t<\/div>\n\t\t<div class=\"elementor-element elementor-element-27c8432 e-con-full e-flex e-con e-child\" data-id=\"27c8432\" data-element_type=\"container\" data-e-type=\"container\">\n\t\t\t\t<\/div>\n\t\t\t\t<\/div>\n\t\t<div class=\"elementor-element elementor-element-fdd3bdb e-con-full e-flex e-con e-parent\" data-id=\"fdd3bdb\" data-element_type=\"container\" data-e-type=\"container\">\n\t\t<div class=\"elementor-element elementor-element-31d7126 e-con-full e-flex e-con e-child\" data-id=\"31d7126\" data-element_type=\"container\" data-e-type=\"container\">\n\t\t\t\t<div class=\"elementor-element elementor-element-49e0890 elementor-widget elementor-widget-text-editor\" data-id=\"49e0890\" data-element_type=\"widget\" data-e-type=\"widget\" data-widget_type=\"text-editor.default\">\n\t\t\t\t<div class=\"elementor-widget-container\">\n\t\t\t\t\t\t\t\t\t<p>24 wrze\u015bnia, 10:20 &#8211; 12:30<\/p><h4 class=\"card__title heading\">Proczytelnicze dzia\u0142ania trzeciego sektora. Jak pa\u0144stwo i r\u00f3\u017cne organizacje pozarz\u0105dowe mog\u0105 \u0142\u0105czy\u0107 si\u0142y, by promowa\u0107 czytelnictwo?<\/h4><div class=\"card__content\"><ul><li>Maria Deskur, prezes zarz\u0105du Fundacji Powszechnego Czytania<\/li><li>Agnieszka Karp-Szyma\u0144ska, prezes zarz\u0105du Fundacji Czas Dzieci<\/li><li>Agnieszka Koszowska, redaktorka, koordynatorka projekt\u00f3w w Fundacji Rozwoju Spo\u0142ecze\u0144stwa Informacyjnego<\/li><li>El\u017cbieta Olszewska, cz\u0142onkini zarz\u0105du, dyrektorka programowa Fundacji ABCXXI \u2013 Ca\u0142a Polska czyta dzieciom<\/li><li>Katarzyna So\u0142tan-M\u0142odo\u017ceniec, koordynatorka ekspertka w Dziale Kultura i Media, Centrum Edukacji Obywatelskiej<\/li><\/ul><p>moderacja: Krzysztof \u017bwirski, aktywista literacki<\/p><p>Historia kilku ostatnich dekad kultury w wolnej Polsce obejmuje liczne przyk\u0142ady dzia\u0142a\u0144 zainicjowanych przez organizacje pozarz\u0105dowe celem propagowania zwyczaju czytania od najm\u0142odszych lat. W jaki spos\u00f3b spotykaj\u0105 si\u0119 te inicjatywy z krajowymi politykami na rzecz rozwoju czytelnictwa? Oraz co dobrego mo\u017cemy osi\u0105gn\u0105\u0107 pozostaj\u0105c w sta\u0142ym dialogu?<\/p><\/div>\t\t\t\t\t\t\t\t<\/div>\n\t\t\t\t<\/div>\n\t\t\t\t<\/div>\n\t\t<div class=\"elementor-element elementor-element-a6ed2fb e-con-full e-flex e-con e-child\" data-id=\"a6ed2fb\" data-element_type=\"container\" data-e-type=\"container\">\n\t\t\t\t<div class=\"elementor-element elementor-element-bcb83aa elementor-widget elementor-widget-image\" data-id=\"bcb83aa\" data-element_type=\"widget\" data-e-type=\"widget\" data-widget_type=\"image.default\">\n\t\t\t\t<div class=\"elementor-widget-container\">\n\t\t\t\t\t\t\t\t\t<div class=\"elementor-image\">\n\t\t\t\t\t\t\t\t\t\t\t\t\t\t\t\t\t\t\t\t\t<img loading=\"lazy\" decoding=\"async\" width=\"819\" height=\"1024\" src=\"https:\/\/www.fpc.org.pl\/wp-content\/uploads\/2025\/09\/1-819x1024.png\" class=\"attachment-large size-large wp-image-995129\" alt=\"\" srcset=\"https:\/\/www.fpc.org.pl\/wp-content\/uploads\/2025\/09\/1-819x1024.png 819w, https:\/\/www.fpc.org.pl\/wp-content\/uploads\/2025\/09\/1-240x300.png 240w, https:\/\/www.fpc.org.pl\/wp-content\/uploads\/2025\/09\/1-768x960.png 768w, https:\/\/www.fpc.org.pl\/wp-content\/uploads\/2025\/09\/1-10x12.png 10w, https:\/\/www.fpc.org.pl\/wp-content\/uploads\/2025\/09\/1-630x788.png 630w, https:\/\/www.fpc.org.pl\/wp-content\/uploads\/2025\/09\/1.png 1080w\" sizes=\"(max-width: 819px) 100vw, 819px\" \/>\t\t\t\t\t\t\t\t\t\t\t\t\t\t\t\t\t\t\t\t\t\t\t\t<\/div>\n\t\t\t\t\t\t\t\t<\/div>\n\t\t\t\t<\/div>\n\t\t\t\t<\/div>\n\t\t\t\t<\/div>\n\t\t<div class=\"elementor-element elementor-element-95a9362 e-con-full e-flex e-con e-parent\" data-id=\"95a9362\" data-element_type=\"container\" data-e-type=\"container\">\n\t\t<div class=\"elementor-element elementor-element-ecfef81 e-con-full e-flex e-con e-child\" data-id=\"ecfef81\" data-element_type=\"container\" data-e-type=\"container\">\n\t\t\t\t<div class=\"elementor-element elementor-element-38eb508 elementor-widget elementor-widget-image\" data-id=\"38eb508\" data-element_type=\"widget\" data-e-type=\"widget\" data-widget_type=\"image.default\">\n\t\t\t\t<div class=\"elementor-widget-container\">\n\t\t\t\t\t\t\t\t\t<div class=\"elementor-image\">\n\t\t\t\t\t\t\t\t\t\t\t\t\t\t\t\t\t\t\t\t\t<img loading=\"lazy\" decoding=\"async\" width=\"819\" height=\"1024\" src=\"https:\/\/www.fpc.org.pl\/wp-content\/uploads\/2025\/09\/3-1-819x1024.png\" class=\"attachment-large size-large wp-image-995139\" alt=\"\" srcset=\"https:\/\/www.fpc.org.pl\/wp-content\/uploads\/2025\/09\/3-1-819x1024.png 819w, https:\/\/www.fpc.org.pl\/wp-content\/uploads\/2025\/09\/3-1-240x300.png 240w, https:\/\/www.fpc.org.pl\/wp-content\/uploads\/2025\/09\/3-1-768x960.png 768w, https:\/\/www.fpc.org.pl\/wp-content\/uploads\/2025\/09\/3-1-10x12.png 10w, https:\/\/www.fpc.org.pl\/wp-content\/uploads\/2025\/09\/3-1-630x788.png 630w, https:\/\/www.fpc.org.pl\/wp-content\/uploads\/2025\/09\/3-1.png 1080w\" sizes=\"(max-width: 819px) 100vw, 819px\" \/>\t\t\t\t\t\t\t\t\t\t\t\t\t\t\t\t\t\t\t\t\t\t\t\t<\/div>\n\t\t\t\t\t\t\t\t<\/div>\n\t\t\t\t<\/div>\n\t\t\t\t<div class=\"elementor-element elementor-element-1295c23 elementor-widget elementor-widget-image\" data-id=\"1295c23\" data-element_type=\"widget\" data-e-type=\"widget\" data-widget_type=\"image.default\">\n\t\t\t\t<div class=\"elementor-widget-container\">\n\t\t\t\t\t\t\t\t\t<div class=\"elementor-image\">\n\t\t\t\t\t\t\t\t\t\t\t\t\t\t\t\t\t\t\t\t\t<img loading=\"lazy\" decoding=\"async\" width=\"819\" height=\"1024\" src=\"https:\/\/www.fpc.org.pl\/wp-content\/uploads\/2025\/09\/7-819x1024.png\" class=\"attachment-large size-large wp-image-995135\" alt=\"\" srcset=\"https:\/\/www.fpc.org.pl\/wp-content\/uploads\/2025\/09\/7-819x1024.png 819w, https:\/\/www.fpc.org.pl\/wp-content\/uploads\/2025\/09\/7-240x300.png 240w, https:\/\/www.fpc.org.pl\/wp-content\/uploads\/2025\/09\/7-768x960.png 768w, https:\/\/www.fpc.org.pl\/wp-content\/uploads\/2025\/09\/7-10x12.png 10w, https:\/\/www.fpc.org.pl\/wp-content\/uploads\/2025\/09\/7-630x788.png 630w, https:\/\/www.fpc.org.pl\/wp-content\/uploads\/2025\/09\/7.png 1080w\" sizes=\"(max-width: 819px) 100vw, 819px\" \/>\t\t\t\t\t\t\t\t\t\t\t\t\t\t\t\t\t\t\t\t\t\t\t\t<\/div>\n\t\t\t\t\t\t\t\t<\/div>\n\t\t\t\t<\/div>\n\t\t\t\t<\/div>\n\t\t<div class=\"elementor-element elementor-element-72f1bc3 e-con-full e-flex e-con e-child\" data-id=\"72f1bc3\" data-element_type=\"container\" data-e-type=\"container\">\n\t\t\t\t<div class=\"elementor-element elementor-element-b52c2ba elementor-widget elementor-widget-image\" data-id=\"b52c2ba\" data-element_type=\"widget\" data-e-type=\"widget\" data-widget_type=\"image.default\">\n\t\t\t\t<div class=\"elementor-widget-container\">\n\t\t\t\t\t\t\t\t\t<div class=\"elementor-image\">\n\t\t\t\t\t\t\t\t\t\t\t\t\t\t\t\t\t\t\t\t\t<img loading=\"lazy\" decoding=\"async\" width=\"819\" height=\"1024\" src=\"https:\/\/www.fpc.org.pl\/wp-content\/uploads\/2025\/09\/4-819x1024.png\" class=\"attachment-large size-large wp-image-995138\" alt=\"\" srcset=\"https:\/\/www.fpc.org.pl\/wp-content\/uploads\/2025\/09\/4-819x1024.png 819w, https:\/\/www.fpc.org.pl\/wp-content\/uploads\/2025\/09\/4-240x300.png 240w, https:\/\/www.fpc.org.pl\/wp-content\/uploads\/2025\/09\/4-768x960.png 768w, https:\/\/www.fpc.org.pl\/wp-content\/uploads\/2025\/09\/4-10x12.png 10w, https:\/\/www.fpc.org.pl\/wp-content\/uploads\/2025\/09\/4-630x788.png 630w, https:\/\/www.fpc.org.pl\/wp-content\/uploads\/2025\/09\/4.png 1080w\" sizes=\"(max-width: 819px) 100vw, 819px\" \/>\t\t\t\t\t\t\t\t\t\t\t\t\t\t\t\t\t\t\t\t\t\t\t\t<\/div>\n\t\t\t\t\t\t\t\t<\/div>\n\t\t\t\t<\/div>\n\t\t\t\t<div class=\"elementor-element elementor-element-408a610 elementor-widget elementor-widget-image\" data-id=\"408a610\" data-element_type=\"widget\" data-e-type=\"widget\" data-widget_type=\"image.default\">\n\t\t\t\t<div class=\"elementor-widget-container\">\n\t\t\t\t\t\t\t\t\t<div class=\"elementor-image\">\n\t\t\t\t\t\t\t\t\t\t\t\t\t\t\t\t\t\t\t\t\t<img loading=\"lazy\" decoding=\"async\" width=\"819\" height=\"1024\" src=\"https:\/\/www.fpc.org.pl\/wp-content\/uploads\/2025\/09\/2-819x1024.png\" class=\"attachment-large size-large wp-image-995140\" alt=\"\" srcset=\"https:\/\/www.fpc.org.pl\/wp-content\/uploads\/2025\/09\/2-819x1024.png 819w, https:\/\/www.fpc.org.pl\/wp-content\/uploads\/2025\/09\/2-240x300.png 240w, https:\/\/www.fpc.org.pl\/wp-content\/uploads\/2025\/09\/2-768x960.png 768w, https:\/\/www.fpc.org.pl\/wp-content\/uploads\/2025\/09\/2-10x12.png 10w, https:\/\/www.fpc.org.pl\/wp-content\/uploads\/2025\/09\/2-630x788.png 630w, https:\/\/www.fpc.org.pl\/wp-content\/uploads\/2025\/09\/2.png 1080w\" sizes=\"(max-width: 819px) 100vw, 819px\" \/>\t\t\t\t\t\t\t\t\t\t\t\t\t\t\t\t\t\t\t\t\t\t\t\t<\/div>\n\t\t\t\t\t\t\t\t<\/div>\n\t\t\t\t<\/div>\n\t\t\t\t<\/div>\n\t\t<div class=\"elementor-element elementor-element-5c8fd55 e-con-full e-flex e-con e-child\" data-id=\"5c8fd55\" data-element_type=\"container\" data-e-type=\"container\">\n\t\t\t\t<div class=\"elementor-element elementor-element-7bc362c elementor-widget elementor-widget-image\" data-id=\"7bc362c\" data-element_type=\"widget\" data-e-type=\"widget\" data-widget_type=\"image.default\">\n\t\t\t\t<div class=\"elementor-widget-container\">\n\t\t\t\t\t\t\t\t\t<div class=\"elementor-image\">\n\t\t\t\t\t\t\t\t\t\t\t\t\t\t\t\t\t\t\t\t\t<img loading=\"lazy\" decoding=\"async\" width=\"819\" height=\"1024\" src=\"https:\/\/www.fpc.org.pl\/wp-content\/uploads\/2025\/09\/5-819x1024.png\" class=\"attachment-large size-large wp-image-995137\" alt=\"\" srcset=\"https:\/\/www.fpc.org.pl\/wp-content\/uploads\/2025\/09\/5-819x1024.png 819w, https:\/\/www.fpc.org.pl\/wp-content\/uploads\/2025\/09\/5-240x300.png 240w, https:\/\/www.fpc.org.pl\/wp-content\/uploads\/2025\/09\/5-768x960.png 768w, https:\/\/www.fpc.org.pl\/wp-content\/uploads\/2025\/09\/5-10x12.png 10w, https:\/\/www.fpc.org.pl\/wp-content\/uploads\/2025\/09\/5-630x788.png 630w, https:\/\/www.fpc.org.pl\/wp-content\/uploads\/2025\/09\/5.png 1080w\" sizes=\"(max-width: 819px) 100vw, 819px\" \/>\t\t\t\t\t\t\t\t\t\t\t\t\t\t\t\t\t\t\t\t\t\t\t\t<\/div>\n\t\t\t\t\t\t\t\t<\/div>\n\t\t\t\t<\/div>\n\t\t\t\t<\/div>\n\t\t<div class=\"elementor-element elementor-element-6f70bc9 e-con-full e-flex e-con e-child\" data-id=\"6f70bc9\" data-element_type=\"container\" data-e-type=\"container\">\n\t\t\t\t<div class=\"elementor-element elementor-element-72e404c elementor-widget elementor-widget-image\" data-id=\"72e404c\" data-element_type=\"widget\" data-e-type=\"widget\" data-widget_type=\"image.default\">\n\t\t\t\t<div class=\"elementor-widget-container\">\n\t\t\t\t\t\t\t\t\t<div class=\"elementor-image\">\n\t\t\t\t\t\t\t\t\t\t\t\t\t\t\t\t\t\t\t\t\t<img loading=\"lazy\" decoding=\"async\" width=\"819\" height=\"1024\" src=\"https:\/\/www.fpc.org.pl\/wp-content\/uploads\/2025\/09\/6-819x1024.png\" class=\"attachment-large size-large wp-image-995136\" alt=\"\" srcset=\"https:\/\/www.fpc.org.pl\/wp-content\/uploads\/2025\/09\/6-819x1024.png 819w, https:\/\/www.fpc.org.pl\/wp-content\/uploads\/2025\/09\/6-240x300.png 240w, https:\/\/www.fpc.org.pl\/wp-content\/uploads\/2025\/09\/6-768x960.png 768w, https:\/\/www.fpc.org.pl\/wp-content\/uploads\/2025\/09\/6-10x12.png 10w, https:\/\/www.fpc.org.pl\/wp-content\/uploads\/2025\/09\/6-630x788.png 630w, https:\/\/www.fpc.org.pl\/wp-content\/uploads\/2025\/09\/6.png 1080w\" sizes=\"(max-width: 819px) 100vw, 819px\" \/>\t\t\t\t\t\t\t\t\t\t\t\t\t\t\t\t\t\t\t\t\t\t\t\t<\/div>\n\t\t\t\t\t\t\t\t<\/div>\n\t\t\t\t<\/div>\n\t\t\t\t<\/div>\n\t\t\t\t<\/div>\n\t\t<div class=\"elementor-element elementor-element-de8ac13 e-flex e-con-boxed e-con e-parent\" data-id=\"de8ac13\" data-element_type=\"container\" data-e-type=\"container\">\n\t\t\t\t\t<div class=\"e-con-inner\">\n\t\t\t\t<div class=\"elementor-element elementor-element-e2e0108 elementor-widget elementor-widget-text-editor\" data-id=\"e2e0108\" data-element_type=\"widget\" data-e-type=\"widget\" data-widget_type=\"text-editor.default\">\n\t\t\t\t<div class=\"elementor-widget-container\">\n\t\t\t\t\t\t\t\t\t<p>Szczeg\u00f3\u0142owe informacje i pe\u0142ny program konferencji dost\u0119pny na: <a class=\"x1i10hfl xjbqb8w x1ejq31n x18oe1m7 x1sy0etr xstzfhl x972fbf x10w94by x1qhh985 x14e42zd x9f619 x1ypdohk xt0psk2 x3ct3a4 xdj266r x14z9mp xat24cr x1lziwak xexx8yu xyri2b x18d9i69 x1c1uobl x16tdsg8 x1hl2dhg xggy1nq x1a2a7pz xkrqix3 x1sur9pj x1fey0fg x1s688f\" tabindex=\"0\" role=\"link\" href=\"http:\/\/nprcz.pl\/konferencja_nprcz\/?fbclid=IwZXh0bgNhZW0CMTAAYnJpZBExM1ZzM1hlQkdQRGZsanpMSwEevyvvfrww4q8bR8qEwO0BJJFsEOx-UgxllqZT3sIIFrblmLiFBdqRhJCnCE0_aem_3m9x-PAp-fnFdTRnITLAkQ\" target=\"_blank\" rel=\"nofollow noopener\">nprcz.pl\/konferencja_nprcz\/<\/a><\/p><p>Zapraszamy do \u015bledzenia wydarzenia online: <a href=\"https:\/\/fb.me\/e\/2Dkt35uR7\" target=\"_blank\" rel=\"noopener\">Konferencja podsumowuj\u0105ca NPRCz 2.0<\/a><\/p>\t\t\t\t\t\t\t\t<\/div>\n\t\t\t\t<\/div>\n\t\t\t\t\t<\/div>\n\t\t\t\t<\/div>\n\t\t\t\t<\/div>","protected":false},"excerpt":{"rendered":"<p>\u201eCzytanie ma tylko dobre strony&#8221; &#8211; konferencja podsumowuj\u0105ca NPRCz 2.0 to dwudniowe wydarzenie, kt\u00f3rego celem jest integracja \u015brodowisk zwi\u0105zanych z dzia\u0142alno\u015bci\u0105 na rzecz promocji czytelnictwa w Polsce, rozmowa o dotychczasowych dzia\u0142aniach w ramach Narodowego Programu Rozwoju Czytelnictwa 2.0\u00a0i\u00a0nakre\u015blenie kierunku dalszych krok\u00f3w. W dniach 23-24 wrze\u015bnia 2025 w Warszawie, w Ursynowskim Centrum Kultury \u201eAlternatywy\u201d, odb\u0119dzie si\u0119&#8230;<\/p>","protected":false},"author":9,"featured_media":995146,"comment_status":"closed","ping_status":"open","sticky":false,"template":"","format":"standard","meta":{"_acf_changed":false,"give_campaign_id":0,"footnotes":""},"categories":[110],"tags":[150,96,157],"class_list":["post-995121","post","type-post","status-publish","format-standard","has-post-thumbnail","hentry","category-zapraszamy","tag-fpc","tag-fundacja-powszechnego-czytania","tag-nprcz","odd"],"acf":[],"_links":{"self":[{"href":"https:\/\/www.fpc.org.pl\/eng\/wp-json\/wp\/v2\/posts\/995121","targetHints":{"allow":["GET"]}}],"collection":[{"href":"https:\/\/www.fpc.org.pl\/eng\/wp-json\/wp\/v2\/posts"}],"about":[{"href":"https:\/\/www.fpc.org.pl\/eng\/wp-json\/wp\/v2\/types\/post"}],"author":[{"embeddable":true,"href":"https:\/\/www.fpc.org.pl\/eng\/wp-json\/wp\/v2\/users\/9"}],"replies":[{"embeddable":true,"href":"https:\/\/www.fpc.org.pl\/eng\/wp-json\/wp\/v2\/comments?post=995121"}],"version-history":[{"count":11,"href":"https:\/\/www.fpc.org.pl\/eng\/wp-json\/wp\/v2\/posts\/995121\/revisions"}],"predecessor-version":[{"id":995148,"href":"https:\/\/www.fpc.org.pl\/eng\/wp-json\/wp\/v2\/posts\/995121\/revisions\/995148"}],"wp:featuredmedia":[{"embeddable":true,"href":"https:\/\/www.fpc.org.pl\/eng\/wp-json\/wp\/v2\/media\/995146"}],"wp:attachment":[{"href":"https:\/\/www.fpc.org.pl\/eng\/wp-json\/wp\/v2\/media?parent=995121"}],"wp:term":[{"taxonomy":"category","embeddable":true,"href":"https:\/\/www.fpc.org.pl\/eng\/wp-json\/wp\/v2\/categories?post=995121"},{"taxonomy":"post_tag","embeddable":true,"href":"https:\/\/www.fpc.org.pl\/eng\/wp-json\/wp\/v2\/tags?post=995121"}],"curies":[{"name":"wp","href":"https:\/\/api.w.org\/{rel}","templated":true}]}}