{"id":994804,"date":"2025-08-26T09:29:37","date_gmt":"2025-08-26T07:29:37","guid":{"rendered":"https:\/\/www.fpc.org.pl\/?p=994804"},"modified":"2025-08-26T16:21:04","modified_gmt":"2025-08-26T14:21:04","slug":"ratownicy-czytelnictwa-podsumowanie-edycji-2024-2025","status":"publish","type":"post","link":"https:\/\/www.fpc.org.pl\/eng\/ratownicy-czytelnictwa-podsumowanie-edycji-2024-2025\/","title":{"rendered":"Ratownicy Czytelnictwa \u2013 podsumowanie edycji 2024\/2025"},"content":{"rendered":"<div data-elementor-type=\"wp-post\" data-elementor-id=\"994804\" class=\"elementor elementor-994804\" data-elementor-post-type=\"post\">\n\t\t\t\t<div class=\"elementor-element elementor-element-ca01a6f e-flex e-con-boxed e-con e-parent\" data-id=\"ca01a6f\" data-element_type=\"container\" data-e-type=\"container\">\n\t\t\t\t\t<div class=\"e-con-inner\">\n\t\t\t\t<div class=\"elementor-element elementor-element-3487237 elementor-widget elementor-widget-text-editor\" data-id=\"3487237\" data-element_type=\"widget\" data-e-type=\"widget\" data-widget_type=\"text-editor.default\">\n\t\t\t\t<div class=\"elementor-widget-container\">\n\t\t\t\t\t\t\t\t\t<div class=\"xdj266r x14z9mp xat24cr x1lziwak x1vvkbs x126k92a\"><div dir=\"auto\"><p><strong>Ratownicy Czytelnictwa \u2013 podsumowanie edycji 2024\/2025<\/strong><\/p><p>Z ogromn\u0105 rado\u015bci\u0105 podsumowujemy kolejn\u0105 edycj\u0119 programu Ratownicy Czytelnictwa, realizowanego przez Fundacj\u0119 Powszechnego Czytania, kt\u00f3ry dzi\u0119ki zaanga\u017cowaniu setek uczestnik\u00f3w, przyczynia si\u0119 do promocji czytania w\u015br\u00f3d dzieci i m\u0142odzie\u017cy. W tym roku odbywa\u0142a si\u0119 pod has\u0142em \u201eRado\u015b\u0107 p\u0142ynie z czytania\u201d.<\/p><p>Spo\u015br\u00f3d ponad 1500 uczestnik\u00f3w bior\u0105cych udzia\u0142 w tegorocznej edycji, dane ankietowe wype\u0142ni\u0142y <strong>324 plac\u00f3wki<\/strong>, kt\u00f3re zg\u0142osi\u0142y \u0142\u0105cznie <strong>2091 dzia\u0142a\u0144<\/strong> skierowanych do dzieci, nauczycieli, rodzic\u00f3w oraz odbiorc\u00f3w zewn\u0119trznych. To liczby, za kt\u00f3rymi kryje si\u0119 ogromny wysi\u0142ek, pasja i kreatywno\u015b\u0107.<\/p><p>Najliczniejsz\u0105 grup\u0105 beneficjent\u00f3w by\u0142y <strong>dzieci<\/strong> \u2013 a\u017c <strong>82 342 uczestnik\u00f3w<\/strong> wzi\u0119\u0142o udzia\u0142 w <strong>1288 aktywno\u015bciach<\/strong>. To a\u017c <strong>89% wszystkich uczestnik\u00f3w<\/strong> i najlepsze potwierdzenie, \u017ce g\u0142\u00f3wny cel programu \u2013 promocja czytelnictwa w\u015br\u00f3d najm\u0142odszych \u2013 zosta\u0142 zrealizowany. \u015arednio jedno dzia\u0142anie anga\u017cowa\u0142o oko\u0142o 64 dzieci!<\/p><p>Niemniej wa\u017cne by\u0142y jednak dzia\u0142ania skierowane do innych grup:<\/p><ul><li><strong>Teachers<\/strong> \u2013 <strong>3166 uczestnik\u00f3w<\/strong> w <strong>370 dzia\u0142aniach<\/strong>, skoncentrowanych na rozwijaniu kompetencji i wspieraniu kadry pedagogicznej.<\/li><li><strong>Parents<\/strong> \u2013 <strong>4560 uczestnik\u00f3w<\/strong> w <strong>210 dzia\u0142aniach<\/strong>, dzi\u0119ki czemu program przenosi\u0142 warto\u015bci czytelnicze tak\u017ce do dom\u00f3w zinnych.<\/li><li><strong>Odbiorcy zewn\u0119trzni<\/strong> \u2013 <strong>7308 uczestnik\u00f3w<\/strong> w <strong>223 dzia\u0142aniach<\/strong>, w tym seniorzy, podopieczni dom\u00f3w opieki czy instytucje partnerskie. To dow\u00f3d na to, \u017ce program skutecznie wychodzi poza mury szk\u00f3\u0142 i przedszkoli, promuj\u0105c czytelnictwo w szerszym \u015brodowisku, anga\u017cuj\u0105c uczni\u00f3w.<\/li><\/ul><p>\u00a0<\/p><p><strong>Odbiorcy zewn\u0119trzni<\/strong> \u2013 <strong>7308 uczestnik\u00f3w<\/strong> w <strong>223 dzia\u0142aniach<\/strong>, w tym seniorzy, podopieczni dom\u00f3w opieki czy instytucje partnerskie. To dow\u00f3d na to, \u017ce program skutecznie wychodzi poza mury szk\u00f3\u0142 i przedszkoli, promuj\u0105c czytelnictwo w szerszym \u015brodowisku, anga\u017cuj\u0105c uczni\u00f3w.<\/p><p>W ubieg\u0142ym roku szkolnym po raz pierwszy w\u0142\u0105czyli si\u0119 uczniowie w ramach <strong>wolontariatu Ratownik\u00f3w Czytelnictwa<\/strong>, potwierdzanego certyfikatem.<\/p><p>Ogromnie cieszy tak\u017ce bogactwo inicjatyw: od dzia\u0142a\u0144 inspirowanych Bankiem Pomys\u0142\u00f3w po autorskie projekty. Plac\u00f3wki i koordynatorzy ch\u0119tnie si\u0119gaj\u0105 zar\u00f3wno po gotowe rozwi\u0105zania, ale tak\u017ce tworz\u0105 w\u0142asne, dopasowane do lokalnych potrzeb \u2013 od projekt\u00f3w klasowych po og\u00f3lnoszkolne.<\/p><p>W\u015br\u00f3d uczestnik\u00f3w dominowa\u0142y <strong>szko\u0142y podstawowe (280 plac\u00f3wek)<\/strong>, ale aktywnie w\u0142\u0105czy\u0142y si\u0119 r\u00f3wnie\u017c biblioteki i przedszkola. Program obj\u0105\u0142 zasi\u0119giem ponad <strong>150 miejscowo\u015bci w ca\u0142ej Polsce<\/strong> \u2013 od du\u017cych miast, po mniejsze o\u015brodki.<\/p><p>Co najwa\u017cniejsze, a\u017c <strong>ponad 290 plac\u00f3wek<\/strong> potwierdzi\u0142o pozytywny wp\u0142yw udzia\u0142u w programie. Wskazywano m.in. na:<br \/>&#8211; wzrost zainteresowania ksi\u0105\u017ck\u0105, <br \/>&#8211; rozw\u00f3j kompetencji czytelniczych, <br \/>&#8211; wi\u0119ksze zaanga\u017cowanie uczni\u00f3w, nauczycieli i rodzic\u00f3w <br \/>&#8211; popularyzacj\u0119 czytelnictwa w lokalnych spo\u0142eczno\u015bciach.<\/p><p>Uczestnicy niemal jednog\u0142o\u015bnie ocenili pozytywnie skuteczno\u015b\u0107 dzia\u0142a\u0144 i wp\u0142yw udzia\u0142u w programie na rozw\u00f3j czytelnictwa w plac\u00f3wkach.<\/p><p>W minionej edycji w ramach wsp\u00f3\u0142pracy z HarperKids, Harper Collins Polska oraz wydawnictwem Nowa Era, odby\u0142a si\u0119 tak\u017ce specjalna <strong>akcja skierowana do klas pierwszych szk\u00f3\u0142 podstawowych \u2013 <em>Czytam Sobie z Rado\u015bci\u0105<\/em><\/strong>. By\u0142a to inicjatywa zapraszaj\u0105ca do czytania uczni\u00f3w rozpoczynaj\u0105cych szkoln\u0105 drog\u0119. 1000 klas pierwszych otrzyma\u0142o pakiety ksi\u0105\u017cek, a dzi\u0119ki dost\u0119pnym bezp\u0142atnym materia\u0142om odby\u0142o si\u0119 jeszcze wi\u0119cej czytelniczych aktywno\u015bci z udzia\u0142em pierwszoklasist\u00f3w.<\/p><p><strong>Reading Rescuers<\/strong> to program, kt\u00f3ry tworzy pracuj\u0105c\u0105 razem i wzajemnie wspieraj\u0105c\u0105 si\u0119 spo\u0142eczno\u015b\u0107 lider\u00f3w \u2013 edukator\u00f3w, nauczycieli, bibliotekarzy i ekspert\u00f3w. Jego celem jest wymiana wiedzy, do\u015bwiadcze\u0144 i pomys\u0142\u00f3w, kt\u00f3re pomog\u0105 w realizacji podstawy programowej i u\u0142atwi\u0105 promocj\u0119 czytania w\u015br\u00f3d dzieci i m\u0142odzie\u017cy.<\/p><p><strong>Ratownicza spo\u0142eczno\u015b\u0107 liczy ju\u017c prawie 5 tysi\u0119cy cz\u0142onk\u00f3w<\/strong>! Jej celem jest to, aby uczniowie i nauczyciele rozwijali si\u0119 wszechstronnie, troszczyli si\u0119 o siebie nawzajem, dbali o otaczaj\u0105cy \u015bwiat, potrafili rozmawia\u0107 ze sob\u0105 rozumiej\u0105c si\u0119 i szanuj\u0105c wzajemnie. Czytanie ksi\u0105\u017cek buduje takie spo\u0142eczno\u015bci.<\/p><p><strong>The Universal Reading Foundation<\/strong> oraz koordynatorzy programu dzi\u0119kuj\u0105 wszystkim plac\u00f3wkom, nauczycielom, rodzicom, partnerom, a tak\u017ce dzieciom i m\u0142odzie\u017cy za aktywne uczestnictwo. Razem pokazujemy, \u017ce czytanie zmienia \u015bwiat na lepsze.<\/p><p><strong>Partnerem edycji 2024\/2025 programu Ratownicy Czytelnictwa by\u0142a marka Lajkonik.<\/strong><\/p><p><strong>Kolejna edycja programu ju\u017c niebawem.<\/strong> Zach\u0119camy do udzia\u0142u oraz polecania inicjatywy wszystkim osobom pracuj\u0105cym z dzie\u0107mi i m\u0142odzie\u017c\u0105. W tym roku ponownie ruszy akcja specjalna dla klas pierwszych, tym razem we wsp\u00f3\u0142pracy z Bankiem Pekao, pod has\u0142em \u201eCzytanie si\u0119 op\u0142aca\u201d. <strong>Szczeg\u00f3\u0142y na stronie: <a href=\"http:\/\/www.ratownicyczytelnictwa.pl\" target=\"_blank\" rel=\"noopener\">www.ratownicyczytelnictwa.pl<\/a><\/strong><\/p><\/div><\/div>\t\t\t\t\t\t\t\t<\/div>\n\t\t\t\t<\/div>\n\t\t\t\t\t<\/div>\n\t\t\t\t<\/div>\n\t\t<div class=\"elementor-element elementor-element-8b2b55c e-con-full e-flex e-con e-parent\" data-id=\"8b2b55c\" data-element_type=\"container\" data-e-type=\"container\">\n\t\t\t\t<div class=\"elementor-element elementor-element-b8d7b70 elementor-widget elementor-widget-image\" data-id=\"b8d7b70\" data-element_type=\"widget\" data-e-type=\"widget\" data-widget_type=\"image.default\">\n\t\t\t\t<div class=\"elementor-widget-container\">\n\t\t\t\t\t\t\t\t\t<div class=\"elementor-image\">\n\t\t\t\t\t\t\t\t\t\t\t\t\t\t\t\t\t\t\t\t\t<img fetchpriority=\"high\" decoding=\"async\" width=\"1024\" height=\"410\" src=\"https:\/\/www.fpc.org.pl\/wp-content\/uploads\/2025\/08\/rc_2425PODZIEKWOANIE-1024x410.jpg\" class=\"attachment-large size-large wp-image-994810\" alt=\"\" srcset=\"https:\/\/www.fpc.org.pl\/wp-content\/uploads\/2025\/08\/rc_2425PODZIEKWOANIE-1024x410.jpg 1024w, https:\/\/www.fpc.org.pl\/wp-content\/uploads\/2025\/08\/rc_2425PODZIEKWOANIE-300x120.jpg 300w, https:\/\/www.fpc.org.pl\/wp-content\/uploads\/2025\/08\/rc_2425PODZIEKWOANIE-768x307.jpg 768w, https:\/\/www.fpc.org.pl\/wp-content\/uploads\/2025\/08\/rc_2425PODZIEKWOANIE-1536x614.jpg 1536w, https:\/\/www.fpc.org.pl\/wp-content\/uploads\/2025\/08\/rc_2425PODZIEKWOANIE-18x7.jpg 18w, https:\/\/www.fpc.org.pl\/wp-content\/uploads\/2025\/08\/rc_2425PODZIEKWOANIE-1260x504.jpg 1260w, https:\/\/www.fpc.org.pl\/wp-content\/uploads\/2025\/08\/rc_2425PODZIEKWOANIE-630x252.jpg 630w, https:\/\/www.fpc.org.pl\/wp-content\/uploads\/2025\/08\/rc_2425PODZIEKWOANIE.jpg 1920w\" sizes=\"(max-width: 1024px) 100vw, 1024px\" \/>\t\t\t\t\t\t\t\t\t\t\t\t\t\t\t\t\t\t\t\t\t\t\t\t<\/div>\n\t\t\t\t\t\t\t\t<\/div>\n\t\t\t\t<\/div>\n\t\t\t\t<\/div>\n\t\t\t\t<\/div>","protected":false},"excerpt":{"rendered":"<p>Ratownicy Czytelnictwa \u2013 podsumowanie edycji 2024\/2025 Z ogromn\u0105 rado\u015bci\u0105 podsumowujemy kolejn\u0105 edycj\u0119 programu Ratownicy Czytelnictwa, realizowanego przez Fundacj\u0119 Powszechnego Czytania, kt\u00f3ry dzi\u0119ki zaanga\u017cowaniu setek uczestnik\u00f3w, przyczynia si\u0119 do promocji czytania w\u015br\u00f3d dzieci i m\u0142odzie\u017cy. W tym roku odbywa\u0142a si\u0119 pod has\u0142em \u201eRado\u015b\u0107 p\u0142ynie z czytania\u201d. Spo\u015br\u00f3d ponad 1500 uczestnik\u00f3w bior\u0105cych udzia\u0142 w tegorocznej edycji, dane&#8230;<\/p>","protected":false},"author":9,"featured_media":994829,"comment_status":"closed","ping_status":"open","sticky":false,"template":"","format":"standard","meta":{"_acf_changed":false,"give_campaign_id":0,"footnotes":""},"categories":[109,111],"tags":[96,99],"class_list":["post-994804","post","type-post","status-publish","format-standard","has-post-thumbnail","hentry","category-nasze-dzialania","category-dziekujemy","tag-fundacja-powszechnego-czytania","tag-ratownicy-czytelnictwa","odd"],"acf":[],"_links":{"self":[{"href":"https:\/\/www.fpc.org.pl\/eng\/wp-json\/wp\/v2\/posts\/994804","targetHints":{"allow":["GET"]}}],"collection":[{"href":"https:\/\/www.fpc.org.pl\/eng\/wp-json\/wp\/v2\/posts"}],"about":[{"href":"https:\/\/www.fpc.org.pl\/eng\/wp-json\/wp\/v2\/types\/post"}],"author":[{"embeddable":true,"href":"https:\/\/www.fpc.org.pl\/eng\/wp-json\/wp\/v2\/users\/9"}],"replies":[{"embeddable":true,"href":"https:\/\/www.fpc.org.pl\/eng\/wp-json\/wp\/v2\/comments?post=994804"}],"version-history":[{"count":16,"href":"https:\/\/www.fpc.org.pl\/eng\/wp-json\/wp\/v2\/posts\/994804\/revisions"}],"predecessor-version":[{"id":994833,"href":"https:\/\/www.fpc.org.pl\/eng\/wp-json\/wp\/v2\/posts\/994804\/revisions\/994833"}],"wp:featuredmedia":[{"embeddable":true,"href":"https:\/\/www.fpc.org.pl\/eng\/wp-json\/wp\/v2\/media\/994829"}],"wp:attachment":[{"href":"https:\/\/www.fpc.org.pl\/eng\/wp-json\/wp\/v2\/media?parent=994804"}],"wp:term":[{"taxonomy":"category","embeddable":true,"href":"https:\/\/www.fpc.org.pl\/eng\/wp-json\/wp\/v2\/categories?post=994804"},{"taxonomy":"post_tag","embeddable":true,"href":"https:\/\/www.fpc.org.pl\/eng\/wp-json\/wp\/v2\/tags?post=994804"}],"curies":[{"name":"wp","href":"https:\/\/api.w.org\/{rel}","templated":true}]}}