{"id":994692,"date":"2025-08-04T11:05:12","date_gmt":"2025-08-04T09:05:12","guid":{"rendered":"https:\/\/www.fpc.org.pl\/?p=994692"},"modified":"2025-08-05T09:47:33","modified_gmt":"2025-08-05T07:47:33","slug":"magdalena-kosch-mackowiak-nowa-dyrektor-zarzadzajaca-fpc","status":"publish","type":"post","link":"https:\/\/www.fpc.org.pl\/eng\/magdalena-kosch-mackowiak-nowa-dyrektor-zarzadzajaca-fpc\/","title":{"rendered":"Magdalena Kosch-Ma\u0107kowiak now\u0105 Dyrektor Zarz\u0105dzaj\u0105c\u0105 FPC"},"content":{"rendered":"<div data-elementor-type=\"wp-post\" data-elementor-id=\"994692\" class=\"elementor elementor-994692\" data-elementor-post-type=\"post\">\n\t\t\t\t<div class=\"elementor-element elementor-element-ca01a6f e-flex e-con-boxed e-con e-parent\" data-id=\"ca01a6f\" data-element_type=\"container\" data-e-type=\"container\">\n\t\t\t\t\t<div class=\"e-con-inner\">\n\t\t\t\t<div class=\"elementor-element elementor-element-3487237 elementor-widget elementor-widget-text-editor\" data-id=\"3487237\" data-element_type=\"widget\" data-e-type=\"widget\" data-widget_type=\"text-editor.default\">\n\t\t\t\t<div class=\"elementor-widget-container\">\n\t\t\t\t\t\t\t\t\t<div class=\"xdj266r x14z9mp xat24cr x1lziwak x1vvkbs x126k92a\">\n<div dir=\"auto\"><strong>Do zespo\u0142u Fundacji Powszechnego Czytania do\u0142\u0105czy\u0142a Magdalena Kosch-Ma\u0107kowiak, obejmuj\u0105c stanowisko Dyrektor Zarz\u0105dzaj\u0105cej.<\/strong><\/div>\n<div dir=\"auto\">\u00a0<\/div>\n<\/div>\n<div class=\"x14z9mp xat24cr x1lziwak x1vvkbs xtlvy1s x126k92a\">\n<div dir=\"auto\">Magda jest ekspertk\u0105 w zakresie marketingu i komunikacji digitalowej, zdobywczyni\u0105 2 nagr\u00f3d E-commerce Award oraz srebra w konkursie Power of Content Marketing Awards, nagr\u00f3d bran\u017cowych za dzia\u0142ania promocyjne i akcje spo\u0142eczne promuj\u0105ce czytelnictwo w\u015br\u00f3d dzieci. Magda pracowa\u0142a wiele lat jako dyrektor marketingu w Wolters Kluwer, Egmont i HarperCollins.<\/div>\n<\/div>\n<div class=\"x14z9mp xat24cr x1lziwak x1vvkbs xtlvy1s x126k92a\">\n<div dir=\"auto\">\u00a0<\/div>\n<\/div>\t\t\t\t\t\t\t\t<\/div>\n\t\t\t\t<\/div>\n\t\t\t\t\t<\/div>\n\t\t\t\t<\/div>\n\t\t\t\t<\/div>","protected":false},"excerpt":{"rendered":"<p>Do zespo\u0142u Fundacji Powszechnego Czytania do\u0142\u0105czy\u0142a Magdalena Kosch-Ma\u0107kowiak, obejmuj\u0105c stanowisko Dyrektor Zarz\u0105dzaj\u0105cej. \u00a0 Magda jest ekspertk\u0105 w zakresie marketingu i komunikacji digitalowej, zdobywczyni\u0105 2 nagr\u00f3d E-commerce Award oraz srebra w konkursie Power of Content Marketing Awards, nagr\u00f3d bran\u017cowych za dzia\u0142ania promocyjne i akcje spo\u0142eczne promuj\u0105ce czytelnictwo w\u015br\u00f3d dzieci. Magda pracowa\u0142a wiele lat jako dyrektor marketingu&#8230;<\/p>","protected":false},"author":9,"featured_media":994693,"comment_status":"closed","ping_status":"open","sticky":false,"template":"","format":"standard","meta":{"_acf_changed":false,"give_campaign_id":0,"footnotes":""},"categories":[109],"tags":[96],"class_list":["post-994692","post","type-post","status-publish","format-standard","has-post-thumbnail","hentry","category-nasze-dzialania","tag-fundacja-powszechnego-czytania","odd"],"acf":[],"_links":{"self":[{"href":"https:\/\/www.fpc.org.pl\/eng\/wp-json\/wp\/v2\/posts\/994692","targetHints":{"allow":["GET"]}}],"collection":[{"href":"https:\/\/www.fpc.org.pl\/eng\/wp-json\/wp\/v2\/posts"}],"about":[{"href":"https:\/\/www.fpc.org.pl\/eng\/wp-json\/wp\/v2\/types\/post"}],"author":[{"embeddable":true,"href":"https:\/\/www.fpc.org.pl\/eng\/wp-json\/wp\/v2\/users\/9"}],"replies":[{"embeddable":true,"href":"https:\/\/www.fpc.org.pl\/eng\/wp-json\/wp\/v2\/comments?post=994692"}],"version-history":[{"count":7,"href":"https:\/\/www.fpc.org.pl\/eng\/wp-json\/wp\/v2\/posts\/994692\/revisions"}],"predecessor-version":[{"id":994704,"href":"https:\/\/www.fpc.org.pl\/eng\/wp-json\/wp\/v2\/posts\/994692\/revisions\/994704"}],"wp:featuredmedia":[{"embeddable":true,"href":"https:\/\/www.fpc.org.pl\/eng\/wp-json\/wp\/v2\/media\/994693"}],"wp:attachment":[{"href":"https:\/\/www.fpc.org.pl\/eng\/wp-json\/wp\/v2\/media?parent=994692"}],"wp:term":[{"taxonomy":"category","embeddable":true,"href":"https:\/\/www.fpc.org.pl\/eng\/wp-json\/wp\/v2\/categories?post=994692"},{"taxonomy":"post_tag","embeddable":true,"href":"https:\/\/www.fpc.org.pl\/eng\/wp-json\/wp\/v2\/tags?post=994692"}],"curies":[{"name":"wp","href":"https:\/\/api.w.org\/{rel}","templated":true}]}}