{"id":994505,"date":"2025-06-30T10:17:42","date_gmt":"2025-06-30T08:17:42","guid":{"rendered":"https:\/\/www.fpc.org.pl\/?p=994505"},"modified":"2025-07-01T11:55:18","modified_gmt":"2025-07-01T09:55:18","slug":"fundacja-powszechnego-czytania-wygrala-konkurs-na-upowszechnianie-czytania-w-calej-europie","status":"publish","type":"post","link":"https:\/\/www.fpc.org.pl\/eng\/fundacja-powszechnego-czytania-wygrala-konkurs-na-upowszechnianie-czytania-w-calej-europie\/","title":{"rendered":"Europe really needs reading \u2013 so Read. For Real! \nAn international consortium of seven partners from five countries supported by Creative Europe."},"content":{"rendered":"<div data-elementor-type=\"wp-post\" data-elementor-id=\"994505\" class=\"elementor elementor-994505\" data-elementor-post-type=\"post\">\n\t\t\t\t<div class=\"elementor-element elementor-element-ca01a6f e-flex e-con-boxed e-con e-parent\" data-id=\"ca01a6f\" data-element_type=\"container\" data-e-type=\"container\">\n\t\t\t\t\t<div class=\"e-con-inner\">\n\t\t\t\t<div class=\"elementor-element elementor-element-3487237 elementor-widget elementor-widget-text-editor\" data-id=\"3487237\" data-element_type=\"widget\" data-e-type=\"widget\" data-widget_type=\"text-editor.default\">\n\t\t\t\t<div class=\"elementor-widget-container\">\n\t\t\t\t\t\t\t\t\t<p><strong>Europe really needs reading \u2013 so Read. For Real! <\/strong><\/p>\n<p><strong>This year\u2019s European Authors Day will offer celebrations across Europe \nthanks to the collaboration of an international consortium of seven partners from five countries supported by Creative Europe.<\/strong><\/p>\t\t\t\t\t\t\t\t<\/div>\n\t\t\t\t<\/div>\n\t\t\t\t\t<\/div>\n\t\t\t\t<\/div>\n\t\t<div class=\"elementor-element elementor-element-58f751a e-con-full e-flex e-con e-parent\" data-id=\"58f751a\" data-element_type=\"container\" data-e-type=\"container\">\n\t\t<div class=\"elementor-element elementor-element-a8cf1b1 e-con-full e-flex e-con e-child\" data-id=\"a8cf1b1\" data-element_type=\"container\" data-e-type=\"container\">\n\t\t\t\t<div class=\"elementor-element elementor-element-603f6d8 elementor-widget elementor-widget-text-editor\" data-id=\"603f6d8\" data-element_type=\"widget\" data-e-type=\"widget\" data-widget_type=\"text-editor.default\">\n\t\t\t\t<div class=\"elementor-widget-container\">\n\t\t\t\t\t\t\t\t\t<p><strong>The consortium, led by the Universal Reading Foundation from Poland, with partners including the  National Library of Poland, Stiftung Lesen from Germany, CICLIC, the French public agency for books and images of the Centre-Val de Loire Region, the Bulgarian organisation Chetene, the Belgian-based Federation of European Publishers and the EURead network, has won the privilege to run a multi-level strategy to raise readership in Europe and promote European literature which will be the continuation of the European Authors Day initiated in 2023 by  Creative Europe. <\/strong><\/p>\t\t\t\t\t\t\t\t<\/div>\n\t\t\t\t<\/div>\n\t\t\t\t<\/div>\n\t\t<div class=\"elementor-element elementor-element-a1b3dca e-con-full e-flex e-con e-child\" data-id=\"a1b3dca\" data-element_type=\"container\" data-e-type=\"container\">\n\t\t\t\t<div class=\"elementor-element elementor-element-5b9b53d elementor-widget elementor-widget-image\" data-id=\"5b9b53d\" data-element_type=\"widget\" data-e-type=\"widget\" data-widget_type=\"image.default\">\n\t\t\t\t<div class=\"elementor-widget-container\">\n\t\t\t\t\t\t\t\t\t<div class=\"elementor-image\">\n\t\t\t\t\t\t\t\t\t\t\t\t\t\t\t\t\t\t\t\t\t<img fetchpriority=\"high\" decoding=\"async\" width=\"1024\" height=\"768\" src=\"https:\/\/www.fpc.org.pl\/wp-content\/uploads\/2025\/06\/RfR_1200x900_8-1024x768.jpg\" class=\"attachment-large size-large wp-image-994509\" alt=\"\" srcset=\"https:\/\/www.fpc.org.pl\/wp-content\/uploads\/2025\/06\/RfR_1200x900_8-1024x768.jpg 1024w, https:\/\/www.fpc.org.pl\/wp-content\/uploads\/2025\/06\/RfR_1200x900_8-300x225.jpg 300w, https:\/\/www.fpc.org.pl\/wp-content\/uploads\/2025\/06\/RfR_1200x900_8-768x576.jpg 768w, https:\/\/www.fpc.org.pl\/wp-content\/uploads\/2025\/06\/RfR_1200x900_8-16x12.jpg 16w, https:\/\/www.fpc.org.pl\/wp-content\/uploads\/2025\/06\/RfR_1200x900_8-630x473.jpg 630w, https:\/\/www.fpc.org.pl\/wp-content\/uploads\/2025\/06\/RfR_1200x900_8.jpg 1200w\" sizes=\"(max-width: 1024px) 100vw, 1024px\" \/>\t\t\t\t\t\t\t\t\t\t\t\t\t\t\t\t\t\t\t\t\t\t\t\t<\/div>\n\t\t\t\t\t\t\t\t<\/div>\n\t\t\t\t<\/div>\n\t\t\t\t<\/div>\n\t\t\t\t<\/div>\n\t\t<div class=\"elementor-element elementor-element-130db22 e-con-full e-flex e-con e-parent\" data-id=\"130db22\" data-element_type=\"container\" data-e-type=\"container\">\n\t\t\t\t<div class=\"elementor-element elementor-element-99fc532 elementor-widget__width-initial elementor-widget elementor-widget-text-editor\" data-id=\"99fc532\" data-element_type=\"widget\" data-e-type=\"widget\" data-widget_type=\"text-editor.default\">\n\t\t\t\t<div class=\"elementor-widget-container\">\n\t\t\t\t\t\t\t\t\t<p><strong>Europa naprawd\u0119 potrzebuje wzrostu czytelnictwa. <\/strong>Europe really needs reading. 75 million adult Europeans are unable to read with understanding and lack properly developed literacy skills. A large part of the population does not participate in the life of economies and communities due to insufficient reading skills \u2013 it is a tremendous loss for them individually and for the societies and democracies as a whole. Reading for pleasure (which is a sign of literacy skills) is at the lowest level since years.<\/p><p class=\"translation-block\">The consortium will be continuing Creative Europe\u2019s work around three pillars: annual celebrations of Authors through the pan-European Read.ForReal campaign, annual workshops to strengthen reading promotion professionals and their networks, and annual conferences to create a platform of thought and impact.<\/p><p class=\"translation-block\">The first huge celebration of the European Authors Day will be held during November 11th-December 12th each year. Meetings with European Authors travelling from country to country will take place across Europe. Schools, preschools, libraries and bookstores from all around Europe will be invited to join in with their creativity and unlimited potential. \n\nMore information and details will be published at the end of summer 2025.<\/p><p><strong>#1 Creating the experience<\/strong><\/p><p class=\"translation-block\">\u2018We have committed to organising author meetings in 40 countries. It's a huge challenge, but we are looking forward to this \u2018train of authors\u2019 from one country to another, as well as to seeing the joy of children and young people that these meetings will bring.\u2019 says Julia Konopka-\u017bo\u0142nierczuk from the National Library of Poland, who is responsible for organising the events. \u2018From the beginning, we have liked the idea of the European Authors Day enormously: writers and novelists, illustrators and graphic designers are wonderful people whose talents build our minds and sensibilities. The Federation of European Publishers is delighted to be part of a project that supports the role of creators,\u2019 stresses Anne Bergman, Director of the Federation of European Publishers.<\/p><p class=\"translation-block\">Reading is the future, so read, for real!  The #ReadForReal project will draw on the experience of the nationwide #ReadingDad campaign organised by the URF in Poland, the Read-aloud-Day led by Stiftung Lesen in Germany (and more), also relying on an open formula in which anyone can download a poster, inspirational materials from the website and organise their own meeting - maybe with a writer or novelist, maybe with an illustrator or graphic designer, but maybe also just with an interesting person from the local community.<\/p><p class=\"translation-block\">#ReadForReal is a subversive slogan: underneath the cloak of a certain seriousness lies a strong invitation to multifaceted fun. It emphasizes the importance of experiencing literature in a meaningful way \u2013 through live encounters with authors \u2013 which is especially vital in today\u2019s deeply digitized society. The slogan also highlights the urgent need to turn to books in light of alarming statistics around critical thinking competencies. Meeting scenarios will be a part of the offer for educators, librarians and booksellers. \u2018We have been working this way in France for years and we know that it is a great help and a simple mechanism to simply share and spread the desire to read.\u2019 \u2013 emphasises Annaick Le Ru, Deputy General Manager, from Ciclic Centre-Val de-Loire in France.<\/p><p><strong>#2 Stimulating the expertise<\/strong><\/p><p class=\"translation-block\">Strengthening European reading promotion leaders\u2019 networks during periodic inspiration workshops, is the second pillar of the project. The idea behind the workshops will be to share experiences, co-create new solutions, build a network of mutual support and inspiration, in order to form an international community which, despite its different origins, will share and effectively promote a strongly evidence-based understanding of what reading is to societies. Leadership and substantive team formation is expected to translate into the effectiveness of the other two elements of the strategy.<\/p><p>\u2018Since 2021, we have been working in a workshop format with a number of great Polish organisations as part of the Reading Poland Coalition. As we organise international workshops, we will use this experience, scaling it up to the European level\u2019. - says Maria Deskur, CEO of the Universal Reading Foundation. \u2018I am delighted that the workshop will also be held in Sofia and we already invite you to Bulgaria for 2027!\u2019 - adds Val Stoeva, from Chetene. Meanwhile, in 2026 the workshops for all participating countries will also be held in France.<\/p><p><strong>#3 Building impact<\/strong><\/p><p>Trzecim silnym filarem strategii b\u0119d\u0105 doroczne <strong>mi\u0119dzynarodowe konferencje \u201eLiteracy for Democracy\u201d<\/strong>, organizowane przez Fundacj\u0119 Powszechnego Czytania ju\u017c od trzech lat.<\/p><p class=\"translation-block\">\u2018I attended last year's Literacy for Democracy and Business Conference, and I am delighted that we are all becoming co-organisers of this stimulating event. Intellectual inspiration is important for us, but also for the different participating communities, it shapes our environment, it forms creativity in building influence at state level, but also at European level. And that's what it's all about - we want to have an impact, and to show that investment in reading is not only wildly profitable but, also necessary.\u2019 - emphasises Dr. Joerg F. Maas, CEO of Stiftung Lesen and  long-standing chair of EURead.<\/p><p><strong>The vision<\/strong><\/p><p>Offering the experience of reading REAL books for fun, introducing up-to-date most trendy topics for REAL conversations around books, stimulating pleasure in REAL time around books, treating a conversation with a REAL author or creator as a formative experience - is the vision for #ReadForReal: beyond nationality, latitude, political, social, religious or wealth backgrounds. <strong>ksi\u0105\u017cek naprawd\u0119 (ang.<em> real)<\/em> dla przyjemno\u015bci<\/strong>, prowadzenie <strong>realnego dialogu<\/strong> wok\u00f3\u0142 aktualnych temat\u00f3w literackich, odczuwanie rado\u015bci <strong>w czasie rzeczywistym<\/strong>, traktowanie spotkania z <strong>prawdziwym tw\u00f3rc\u0105<\/strong> jako do\u015bwiadczenia formuj\u0105cego, zupe\u0142nie na serio \u2013 to wizja kampanii #<strong>ReadForReal, <\/strong>czyli <strong>Czytaj.Serio<\/strong>, otwartej ponad podzia\u0142ami, niezale\u017cnie od narodowo\u015bci, szeroko\u015bci geograficznej, przekona\u0144 politycznych, religijnych, spo\u0142ecznych czy ekonomicznych.<\/p><p>European surveys show varying results for reading. Unfortunately, the level of readership in Europe stands at just over 50%.  Only 26.8% of citizens read fewer than five books per year, while just 13.8% read more than ten. Statistically, women read more than men, but the data still leaves much room for improvement. Nevertheless, these statistics are deeply concerning, as they are likely to have tangible consequences for education, the economy, the labour market, and even public health.<\/p><p>Research proves reading to be a factor for development and innovation, a binder of civilisation, social capital and democracy. The consortium dreams to make a positive impact on the European reading landscape.  \nPromotion on traditional media and social platforms will help reach the aim.<\/p>\t\t\t\t\t\t\t\t<\/div>\n\t\t\t\t<\/div>\n\t\t\t\t<\/div>\n\t\t<div class=\"elementor-element elementor-element-90aaeb8 e-con-full e-flex e-con e-parent\" data-id=\"90aaeb8\" data-element_type=\"container\" data-e-type=\"container\">\n\t\t<div class=\"elementor-element elementor-element-049e577 e-con-full e-flex e-con e-child\" data-id=\"049e577\" data-element_type=\"container\" data-e-type=\"container\">\n\t\t\t\t<div class=\"elementor-element elementor-element-279d562 elementor-widget__width-initial elementor-widget elementor-widget-text-editor\" data-id=\"279d562\" data-element_type=\"widget\" data-e-type=\"widget\" data-widget_type=\"text-editor.default\">\n\t\t\t\t<div class=\"elementor-widget-container\">\n\t\t\t\t\t\t\t\t\t<p>\u2018Be the change you  wish to see in the world \u2013 as Mahatma Ghandi said \u2013 is probably the best description of what we want to do together with hundreds of thousands of educators, librarians, booksellers across Europe \u2013 we are all in this together and each one of us can have impact. Our dream is that everyone feels invited to join and have fun while we #ReadForReal !\u201d \u2013 the Consortium members conclude.<\/p>\t\t\t\t\t\t\t\t<\/div>\n\t\t\t\t<\/div>\n\t\t\t\t<\/div>\n\t\t<div class=\"elementor-element elementor-element-ba2709b e-con-full e-flex e-con e-child\" data-id=\"ba2709b\" data-element_type=\"container\" data-e-type=\"container\">\n\t\t\t\t<div class=\"elementor-element elementor-element-7ed5274 elementor-widget elementor-widget-image\" data-id=\"7ed5274\" data-element_type=\"widget\" data-e-type=\"widget\" data-widget_type=\"image.default\">\n\t\t\t\t<div class=\"elementor-widget-container\">\n\t\t\t\t\t\t\t\t\t<div class=\"elementor-image\">\n\t\t\t\t\t\t\t\t\t\t\t\t\t\t\t\t\t\t\t\t\t<img decoding=\"async\" width=\"1024\" height=\"768\" src=\"https:\/\/www.fpc.org.pl\/wp-content\/uploads\/2025\/06\/RfR_1200x900_7-1024x768.jpg\" class=\"attachment-large size-large wp-image-994510\" alt=\"\" srcset=\"https:\/\/www.fpc.org.pl\/wp-content\/uploads\/2025\/06\/RfR_1200x900_7-1024x768.jpg 1024w, https:\/\/www.fpc.org.pl\/wp-content\/uploads\/2025\/06\/RfR_1200x900_7-300x225.jpg 300w, https:\/\/www.fpc.org.pl\/wp-content\/uploads\/2025\/06\/RfR_1200x900_7-768x576.jpg 768w, https:\/\/www.fpc.org.pl\/wp-content\/uploads\/2025\/06\/RfR_1200x900_7-16x12.jpg 16w, https:\/\/www.fpc.org.pl\/wp-content\/uploads\/2025\/06\/RfR_1200x900_7-630x473.jpg 630w, https:\/\/www.fpc.org.pl\/wp-content\/uploads\/2025\/06\/RfR_1200x900_7.jpg 1200w\" sizes=\"(max-width: 1024px) 100vw, 1024px\" \/>\t\t\t\t\t\t\t\t\t\t\t\t\t\t\t\t\t\t\t\t\t\t\t\t<\/div>\n\t\t\t\t\t\t\t\t<\/div>\n\t\t\t\t<\/div>\n\t\t\t\t<\/div>\n\t\t\t\t<\/div>\n\t\t<div class=\"elementor-element elementor-element-0c35e1c e-con-full e-flex e-con e-parent\" data-id=\"0c35e1c\" data-element_type=\"container\" data-e-type=\"container\">\n\t\t\t\t<div class=\"elementor-element elementor-element-50788cd elementor-widget__width-initial elementor-widget elementor-widget-text-editor\" data-id=\"50788cd\" data-element_type=\"widget\" data-e-type=\"widget\" data-widget_type=\"text-editor.default\">\n\t\t\t\t<div class=\"elementor-widget-container\">\n\t\t\t\t\t\t\t\t\t<p>Instagram : <a href=\"https:\/\/www.instagram.com\/read.forreal\/\" target=\"_blank\" rel=\"noopener\"><strong>@read.forreal<\/strong>\u00a0\u00a0<\/a>\u00a0\u00a0 Facebook:\u00a0\u00a0 <a href=\"https:\/\/www.facebook.com\/read.forreal\/\" target=\"_blank\" rel=\"noopener\"><strong>READ.<\/strong><\/a><\/p>\t\t\t\t\t\t\t\t<\/div>\n\t\t\t\t<\/div>\n\t\t\t\t<\/div>\n\t\t\t\t<\/div>","protected":false},"excerpt":{"rendered":"<p>Polska Fundacja Powszechnego Czytania wraz z 6 partnerami wygra\u0142a konkurs na upowszechnianie czytania w ca\u0142ej Europie. Dzi\u015b Europa musi postawi\u0107 na rozw\u00f3j czytelnictwa \u2013 dlatego powstaje projekt CZYTAJ.SERIO! #ReadForReal. Tegoroczny Europejski Dzie\u0144 Autor\u00f3w stanie si\u0119 wyj\u0105tkowym \u015bwi\u0119tem literatury. Konsorcjum, kt\u00f3rego liderem jest FPC, a partnerami Biblioteka Narodowa (Polska), Stiftung Lesen (Niemcy), CICLIC (Francja), \u00a0Chetene (Bu\u0142garia),&#8230;<\/p>","protected":false},"author":9,"featured_media":994514,"comment_status":"closed","ping_status":"open","sticky":false,"template":"","format":"standard","meta":{"_acf_changed":false,"give_campaign_id":0,"footnotes":""},"categories":[109],"tags":[147,96,146],"class_list":["post-994505","post","type-post","status-publish","format-standard","has-post-thumbnail","hentry","category-nasze-dzialania","tag-czytaj-serio","tag-fundacja-powszechnego-czytania","tag-read-for-real","odd"],"acf":[],"_links":{"self":[{"href":"https:\/\/www.fpc.org.pl\/eng\/wp-json\/wp\/v2\/posts\/994505","targetHints":{"allow":["GET"]}}],"collection":[{"href":"https:\/\/www.fpc.org.pl\/eng\/wp-json\/wp\/v2\/posts"}],"about":[{"href":"https:\/\/www.fpc.org.pl\/eng\/wp-json\/wp\/v2\/types\/post"}],"author":[{"embeddable":true,"href":"https:\/\/www.fpc.org.pl\/eng\/wp-json\/wp\/v2\/users\/9"}],"replies":[{"embeddable":true,"href":"https:\/\/www.fpc.org.pl\/eng\/wp-json\/wp\/v2\/comments?post=994505"}],"version-history":[{"count":14,"href":"https:\/\/www.fpc.org.pl\/eng\/wp-json\/wp\/v2\/posts\/994505\/revisions"}],"predecessor-version":[{"id":994537,"href":"https:\/\/www.fpc.org.pl\/eng\/wp-json\/wp\/v2\/posts\/994505\/revisions\/994537"}],"wp:featuredmedia":[{"embeddable":true,"href":"https:\/\/www.fpc.org.pl\/eng\/wp-json\/wp\/v2\/media\/994514"}],"wp:attachment":[{"href":"https:\/\/www.fpc.org.pl\/eng\/wp-json\/wp\/v2\/media?parent=994505"}],"wp:term":[{"taxonomy":"category","embeddable":true,"href":"https:\/\/www.fpc.org.pl\/eng\/wp-json\/wp\/v2\/categories?post=994505"},{"taxonomy":"post_tag","embeddable":true,"href":"https:\/\/www.fpc.org.pl\/eng\/wp-json\/wp\/v2\/tags?post=994505"}],"curies":[{"name":"wp","href":"https:\/\/api.w.org\/{rel}","templated":true}]}}