{"id":994435,"date":"2025-06-23T18:46:39","date_gmt":"2025-06-23T16:46:39","guid":{"rendered":"https:\/\/www.fpc.org.pl\/?p=994435"},"modified":"2025-06-23T18:46:44","modified_gmt":"2025-06-23T16:46:44","slug":"ambasadorzy-ksiazek-o-psychologii-czytania","status":"publish","type":"post","link":"https:\/\/www.fpc.org.pl\/eng\/ambasadorzy-ksiazek-o-psychologii-czytania\/","title":{"rendered":"Ambasadorzy Ksi\u0105\u017cek &#8211; o psychologii czytania"},"content":{"rendered":"<div data-elementor-type=\"wp-post\" data-elementor-id=\"994435\" class=\"elementor elementor-994435\" data-elementor-post-type=\"post\">\n\t\t\t\t<div class=\"elementor-element elementor-element-ca01a6f e-flex e-con-boxed e-con e-parent\" data-id=\"ca01a6f\" data-element_type=\"container\" data-e-type=\"container\">\n\t\t\t\t\t<div class=\"e-con-inner\">\n\t\t\t\t<div class=\"elementor-element elementor-element-3487237 elementor-widget elementor-widget-text-editor\" data-id=\"3487237\" data-element_type=\"widget\" data-e-type=\"widget\" data-widget_type=\"text-editor.default\">\n\t\t\t\t<div class=\"elementor-widget-container\">\n\t\t\t\t\t\t\t\t\t<p>Zapraszamy na spotkanie do Wypo\u017cyczalni nr 69 na spotkanie w ramach projektu <strong><em>Ambasadorzy Ksi\u0105\u017cek<\/em><\/strong>, z udzia\u0142em Marii Deskur, prezeski Fundacji Powszechnego Czytania.<\/p>\n<p>24 czerwca w Wypo\u017cyczalni nr 69 (K\u0142osowa 6a) Maria Deskur, ekspertka ds. upowszechniania czytania, autorka publikacji \u201eSupermoc ksi\u0105\u017cek. Poradnik upowszechniania czytania\u201d. Podczas spotkania opowie nam o psychologii czytania.<\/p>\n<p>Na spotkanie zapraszamy mieszka\u0144c\u00f3w, bibliotekarzy, nauczycieli, animator\u00f3w kultury, m\u0142odzie\u017c oraz wszystkie osoby, kt\u00f3re chc\u0105 wiedzie\u0107, jak dzia\u0142a s\u0142owo pisane na nasz m\u00f3zg.<\/p>\n<p>Zapraszamy 24 czerwca, godz. 17.00 do Wypo\u017cyczalni nr 69 (ul. K\u0142osowa 6a).<\/p>\n<p>Registration:<br \/>pod numerem telefonu: (22) 676 59 00<br \/>wyp69@bibliotekabialoleka.pl <br \/>lub osobi\u015bcie w bibliotece<\/p>\n<p>Design <strong><em>Ambasadorzy Ksi\u0105\u017cek<\/em><\/strong> jest skierowany do bibliotekarzy, nauczycieli ze wszystkich poziom\u00f3w edukacji, animator\u00f3w kultury oraz innych os\u00f3b zwi\u0105zanych z promowaniem czytelnictwa w\u015br\u00f3d dzieci i m\u0142odzie\u017cy. Jego g\u0142\u00f3wnym za\u0142o\u017ceniem jest rozw\u00f3j umiej\u0119tno\u015bci z zakresu edukacji medialnej, psychologii czytelnictwa, pedagogiki i komunikacji. Celem jest, aby uczestniczki i uczestnicy projektu zapoznali si\u0119 z nowoczesnymi metodami promowania ksi\u0105\u017cek i rozwijania pasji czytelniczych, w tym tworzenia narz\u0119dzi edukacyjnych, kt\u00f3re jednocze\u015bnie anga\u017cuj\u0105 i ucz\u0105 przez zabaw\u0119.<\/p>\n<p>Design <strong>Biblioteki Publicznej w Dzielnicy Bia\u0142o\u0142\u0119ka m.st. Warszawy <\/strong>realizowany jest w ramach finansowego wsparcia z Funduszu Edukacji Kulturalnej.<\/p>\t\t\t\t\t\t\t\t<\/div>\n\t\t\t\t<\/div>\n\t\t\t\t\t<\/div>\n\t\t\t\t<\/div>\n\t\t<div class=\"elementor-element elementor-element-d8b7822 e-con-full e-flex e-con e-parent\" data-id=\"d8b7822\" data-element_type=\"container\" data-e-type=\"container\">\n\t\t\t\t<\/div>\n\t\t\t\t<\/div>","protected":false},"excerpt":{"rendered":"<p>Zapraszamy na spotkanie do Wypo\u017cyczalni nr 69 na spotkanie w ramach projektu Ambasadorzy Ksi\u0105\u017cek, z udzia\u0142em Marii Deskur, prezeski Fundacji Powszechnego Czytania. 24 czerwca w Wypo\u017cyczalni nr 69 (K\u0142osowa 6a) Maria Deskur, ekspertka ds. upowszechniania czytania, autorka publikacji \u201eSupermoc ksi\u0105\u017cek. Poradnik upowszechniania czytania\u201d. Podczas spotkania opowie nam o psychologii czytania. Na spotkanie zapraszamy mieszka\u0144c\u00f3w, bibliotekarzy,&#8230;<\/p>","protected":false},"author":9,"featured_media":994431,"comment_status":"closed","ping_status":"open","sticky":false,"template":"","format":"standard","meta":{"_acf_changed":false,"give_campaign_id":0,"footnotes":""},"categories":[110,109],"tags":[96],"class_list":["post-994435","post","type-post","status-publish","format-standard","has-post-thumbnail","hentry","category-zapraszamy","category-nasze-dzialania","tag-fundacja-powszechnego-czytania","odd"],"acf":[],"_links":{"self":[{"href":"https:\/\/www.fpc.org.pl\/eng\/wp-json\/wp\/v2\/posts\/994435","targetHints":{"allow":["GET"]}}],"collection":[{"href":"https:\/\/www.fpc.org.pl\/eng\/wp-json\/wp\/v2\/posts"}],"about":[{"href":"https:\/\/www.fpc.org.pl\/eng\/wp-json\/wp\/v2\/types\/post"}],"author":[{"embeddable":true,"href":"https:\/\/www.fpc.org.pl\/eng\/wp-json\/wp\/v2\/users\/9"}],"replies":[{"embeddable":true,"href":"https:\/\/www.fpc.org.pl\/eng\/wp-json\/wp\/v2\/comments?post=994435"}],"version-history":[{"count":5,"href":"https:\/\/www.fpc.org.pl\/eng\/wp-json\/wp\/v2\/posts\/994435\/revisions"}],"predecessor-version":[{"id":994440,"href":"https:\/\/www.fpc.org.pl\/eng\/wp-json\/wp\/v2\/posts\/994435\/revisions\/994440"}],"wp:featuredmedia":[{"embeddable":true,"href":"https:\/\/www.fpc.org.pl\/eng\/wp-json\/wp\/v2\/media\/994431"}],"wp:attachment":[{"href":"https:\/\/www.fpc.org.pl\/eng\/wp-json\/wp\/v2\/media?parent=994435"}],"wp:term":[{"taxonomy":"category","embeddable":true,"href":"https:\/\/www.fpc.org.pl\/eng\/wp-json\/wp\/v2\/categories?post=994435"},{"taxonomy":"post_tag","embeddable":true,"href":"https:\/\/www.fpc.org.pl\/eng\/wp-json\/wp\/v2\/tags?post=994435"}],"curies":[{"name":"wp","href":"https:\/\/api.w.org\/{rel}","templated":true}]}}