{"id":994311,"date":"2025-06-09T18:01:51","date_gmt":"2025-06-09T16:01:51","guid":{"rendered":"https:\/\/www.fpc.org.pl\/?p=994311"},"modified":"2025-06-09T18:03:21","modified_gmt":"2025-06-09T16:03:21","slug":"25-lat-euread-jubileuszowe-forum","status":"publish","type":"post","link":"https:\/\/www.fpc.org.pl\/eng\/25-lat-euread-jubileuszowe-forum\/","title":{"rendered":"25 lat EURead &#8211; jubileuszowe forum z udzia\u0142em FPC"},"content":{"rendered":"<div data-elementor-type=\"wp-post\" data-elementor-id=\"994311\" class=\"elementor elementor-994311\" data-elementor-post-type=\"post\">\n\t\t\t\t<div class=\"elementor-element elementor-element-ca01a6f e-flex e-con-boxed e-con e-parent\" data-id=\"ca01a6f\" data-element_type=\"container\" data-e-type=\"container\">\n\t\t\t\t\t<div class=\"e-con-inner\">\n\t\t\t\t<div class=\"elementor-element elementor-element-3487237 elementor-widget elementor-widget-text-editor\" data-id=\"3487237\" data-element_type=\"widget\" data-e-type=\"widget\" data-widget_type=\"text-editor.default\">\n\t\t\t\t<div class=\"elementor-widget-container\">\n\t\t\t\t\t\t\t\t\t<p>W tym roku sie\u0107 EURead \u2013 sie\u0107 zrzeszaj\u0105cej europejskie organizacje zaanga\u017cowane w promocj\u0119 czytelnictwa \u015bwi\u0119tuje 25 lat dzia\u0142alno\u015bci. Jubileuszowe forum cz\u0142onk\u00f3w odb\u0119dzie si\u0119 ju\u017c jutro w Brukseli pod has\u0142em \u201e25 years of getting Europe reading\u201d.<\/p>\n<p>Podczas wydarzenia eksperci b\u0119d\u0105 m\u00f3wi\u0107 o korzy\u015bciach p\u0142yn\u0105cych z czytania z perspektywy naukowej oraz o tym, jak promocja czytelnictwa przyczynia si\u0119 do wspierania zmian spo\u0142ecznych w ca\u0142ej Europie. Mi\u0119dzynarodowe grono prelegent\u00f3w podzieli si\u0119 do\u015bwiadczeniami z ostatnich lat, koncentruj\u0105c si\u0119 na tworzeniu i wdra\u017caniu strategii promocji czytelnictwa.<\/p>\n<p>Maria Deskur, prezeska Fundacji Powszechnego Czytania, opowie o dzia\u0142aniach Fundacji zar\u00f3wno w Polsce, jak i w szerszym, europejskim kontek\u015bcie. Zwr\u00f3ci tak\u017ce uwag\u0119 na znaczenie budowania wsp\u00f3\u0142pracy mi\u0119dzysektorowej, strategicznego podej\u015bcia do promocji czytania oraz przedstawi wybrane projekty realizowane przez Fundacj\u0119.<\/p>\t\t\t\t\t\t\t\t<\/div>\n\t\t\t\t<\/div>\n\t\t\t\t\t<\/div>\n\t\t\t\t<\/div>\n\t\t<div class=\"elementor-element elementor-element-d8b7822 e-con-full e-flex e-con e-parent\" data-id=\"d8b7822\" data-element_type=\"container\" data-e-type=\"container\">\n\t\t\t\t<\/div>\n\t\t\t\t<\/div>","protected":false},"excerpt":{"rendered":"<p>W tym roku sie\u0107 EURead \u2013 sie\u0107 zrzeszaj\u0105cej europejskie organizacje zaanga\u017cowane w promocj\u0119 czytelnictwa \u015bwi\u0119tuje 25 lat dzia\u0142alno\u015bci. Jubileuszowe forum cz\u0142onk\u00f3w odb\u0119dzie si\u0119 ju\u017c jutro w Brukseli pod has\u0142em \u201e25 years of getting Europe reading\u201d. Podczas wydarzenia eksperci b\u0119d\u0105 m\u00f3wi\u0107 o korzy\u015bciach p\u0142yn\u0105cych z czytania z perspektywy naukowej oraz o tym, jak promocja czytelnictwa przyczynia&#8230;<\/p>","protected":false},"author":9,"featured_media":994312,"comment_status":"closed","ping_status":"open","sticky":false,"template":"","format":"standard","meta":{"_acf_changed":false,"give_campaign_id":0,"footnotes":""},"categories":[109],"tags":[145,96],"class_list":["post-994311","post","type-post","status-publish","format-standard","has-post-thumbnail","hentry","category-nasze-dzialania","tag-euread","tag-fundacja-powszechnego-czytania","odd"],"acf":[],"_links":{"self":[{"href":"https:\/\/www.fpc.org.pl\/eng\/wp-json\/wp\/v2\/posts\/994311","targetHints":{"allow":["GET"]}}],"collection":[{"href":"https:\/\/www.fpc.org.pl\/eng\/wp-json\/wp\/v2\/posts"}],"about":[{"href":"https:\/\/www.fpc.org.pl\/eng\/wp-json\/wp\/v2\/types\/post"}],"author":[{"embeddable":true,"href":"https:\/\/www.fpc.org.pl\/eng\/wp-json\/wp\/v2\/users\/9"}],"replies":[{"embeddable":true,"href":"https:\/\/www.fpc.org.pl\/eng\/wp-json\/wp\/v2\/comments?post=994311"}],"version-history":[{"count":5,"href":"https:\/\/www.fpc.org.pl\/eng\/wp-json\/wp\/v2\/posts\/994311\/revisions"}],"predecessor-version":[{"id":994317,"href":"https:\/\/www.fpc.org.pl\/eng\/wp-json\/wp\/v2\/posts\/994311\/revisions\/994317"}],"wp:featuredmedia":[{"embeddable":true,"href":"https:\/\/www.fpc.org.pl\/eng\/wp-json\/wp\/v2\/media\/994312"}],"wp:attachment":[{"href":"https:\/\/www.fpc.org.pl\/eng\/wp-json\/wp\/v2\/media?parent=994311"}],"wp:term":[{"taxonomy":"category","embeddable":true,"href":"https:\/\/www.fpc.org.pl\/eng\/wp-json\/wp\/v2\/categories?post=994311"},{"taxonomy":"post_tag","embeddable":true,"href":"https:\/\/www.fpc.org.pl\/eng\/wp-json\/wp\/v2\/tags?post=994311"}],"curies":[{"name":"wp","href":"https:\/\/api.w.org\/{rel}","templated":true}]}}