{"id":994298,"date":"2025-06-09T13:35:09","date_gmt":"2025-06-09T11:35:09","guid":{"rendered":"https:\/\/www.fpc.org.pl\/?p=994298"},"modified":"2025-06-16T15:10:47","modified_gmt":"2025-06-16T13:10:47","slug":"legimi-wspiera-kampanie-tatatezczyta2025","status":"publish","type":"post","link":"https:\/\/www.fpc.org.pl\/eng\/legimi-wspiera-kampanie-tatatezczyta2025\/","title":{"rendered":"Legimi wspiera kampani\u0119 #TataTe\u017cCzyta2025"},"content":{"rendered":"<div data-elementor-type=\"wp-post\" data-elementor-id=\"994298\" class=\"elementor elementor-994298\" data-elementor-post-type=\"post\">\n\t\t\t\t<div class=\"elementor-element elementor-element-ca01a6f e-flex e-con-boxed e-con e-parent\" data-id=\"ca01a6f\" data-element_type=\"container\" data-e-type=\"container\">\n\t\t\t\t\t<div class=\"e-con-inner\">\n\t\t\t\t<div class=\"elementor-element elementor-element-3487237 elementor-widget elementor-widget-text-editor\" data-id=\"3487237\" data-element_type=\"widget\" data-e-type=\"widget\" data-widget_type=\"text-editor.default\">\n\t\t\t\t<div class=\"elementor-widget-container\">\n\t\t\t\t\t\t\t\t\t<div class=\"xdj266r x14z9mp xat24cr x1lziwak x1vvkbs x126k92a\">\n<div dir=\"auto\">\n<p><strong>Legimi wspiera kampani\u0119 #TataTe\u017cCzyta2025<\/strong>, organizowan\u0105 przez Fundacj\u0119 Powszechnego Czytania oraz Wydawnictwo Tatarak, kt\u00f3rej celem jest upowszechnianie czytania w\u015br\u00f3d m\u0119\u017cczyzn, przede wszystkim ojc\u00f3w. <strong>To kolejne proczytelnicze dzia\u0142ania podejmowane w ramach wsp\u00f3\u0142pracy z FPC.<\/strong><\/p>\n<p><strong>W ramach kampanii \u201e#TataTe\u017cCzyta Legimi stworzy\u0142o <a href=\"https:\/\/www.legimi.pl\/tatatezczyta\/\" target=\"_blank\" rel=\"noopener\">kolekcj\u0119 sk\u0142adaj\u0105c\u0105 si\u0119 z 20 wspania\u0142ych pozycji dla dzieci<\/a><\/strong> (w\u015br\u00f3d nich znajdziecie, m.in. zwariowanych <a href=\"https:\/\/www.legimi.pl\/ebooki\/popr-ancy,c4434\/\" target=\"_blank\" rel=\"noopener noreferrer\">POPR-a\u0144c\u00f3w<\/a> Anny Sakowicz). <strong>U\u017cytkownicy mog\u0105 wybra\u0107 swoj\u0105 ksi\u0105\u017ck\u0119 lub ulubionego audiobooka i pobra\u0107 eden tytu\u0142 za darmo.<\/strong> A potem &#8211; cieszy\u0107 si\u0119 wsp\u00f3lnie sp\u0119dzonym czasem przy dobrej lekturze. Akcja trwa od 1 do 30 czerwca.<\/p>\n<p>Campaign <a href=\"http:\/\/www.tatatezczyta.pl\" target=\"_blank\" rel=\"noopener\"><strong>\u201eTata Te\u017c Czyta\u201d<\/strong><\/a> ukazuje, \u017ce czytanie to nie tylko spos\u00f3b na rozw\u00f3j intelektualny, ale przede wszystkim uniwersalny most \u0142\u0105cz\u0105cy pokolenia. Dzi\u0119ki przyk\u0142adom m\u0119skich czytelnik\u00f3w, znanych tatusi\u00f3w i sportowc\u00f3w, inicjatywa ta udowadnia, \u017ce czas sp\u0119dzony na wsp\u00f3lnym czytaniu to inwestycja w przysz\u0142o\u015b\u0107 dziecka, oparta na wiedzy, emocjonalnym wsparciu i budowaniu warto\u015bciowych wi\u0119zi.&nbsp;<\/p>\n<p>Wsp\u00f3lnie z Fundacj\u0105 Powszechnego Czytania i Wydawnictwem Tatarak, firma Legimi zach\u0119ca tatusi\u00f3w, dziadk\u00f3w i opiekun\u00f3w, by niezale\u017cnie od dotychczasowych przyzwyczaje\u0144, otworzyli dziecku drzwi do \u015bwiata literatury i pokazali, \u017ce ksi\u0105\u017cka to doskona\u0142y towarzysz ka\u017cdej \u017cyciowej przygody.<\/p>\n<p><strong>Szczeg\u00f3\u0142y <a href=\"https:\/\/www.legimi.pl\/tatatezczyta\/\" target=\"_blank\" rel=\"noopener\">na stronie Legimi<\/a>:&nbsp;<\/strong><a href=\"https:\/\/www.legimi.pl\/tatatezczyta\/\" target=\"_blank\" rel=\"noopener\"><strong>https:\/\/www.legimi.pl\/tatatezczyta\/<\/strong>&nbsp;&nbsp;<\/a><\/p>\n<\/div>\n<\/div>\t\t\t\t\t\t\t\t<\/div>\n\t\t\t\t<\/div>\n\t\t\t\t\t<\/div>\n\t\t\t\t<\/div>\n\t\t<div class=\"elementor-element elementor-element-d8b7822 e-con-full e-flex e-con e-parent\" data-id=\"d8b7822\" data-element_type=\"container\" data-e-type=\"container\">\n\t\t\t\t<\/div>\n\t\t\t\t<\/div>","protected":false},"excerpt":{"rendered":"<p>Legimi wspiera kampani\u0119 #TataTe\u017cCzyta2025, organizowan\u0105 przez Fundacj\u0119 Powszechnego Czytania oraz Wydawnictwo Tatarak, kt\u00f3rej celem jest upowszechnianie czytania w\u015br\u00f3d m\u0119\u017cczyzn, przede wszystkim ojc\u00f3w. To kolejne proczytelnicze dzia\u0142ania podejmowane w ramach wsp\u00f3\u0142pracy z FPC. W ramach kampanii \u201e#TataTe\u017cCzyta Legimi stworzy\u0142o kolekcj\u0119 sk\u0142adaj\u0105c\u0105 si\u0119 z 20 wspania\u0142ych pozycji dla dzieci (w\u015br\u00f3d nich znajdziecie, m.in. zwariowanych POPR-a\u0144c\u00f3w Anny Sakowicz)&#8230;.<\/p>","protected":false},"author":9,"featured_media":994299,"comment_status":"closed","ping_status":"open","sticky":false,"template":"","format":"standard","meta":{"_acf_changed":false,"give_campaign_id":0,"footnotes":""},"categories":[111],"tags":[96],"class_list":["post-994298","post","type-post","status-publish","format-standard","has-post-thumbnail","hentry","category-dziekujemy","tag-fundacja-powszechnego-czytania","odd"],"acf":[],"_links":{"self":[{"href":"https:\/\/www.fpc.org.pl\/eng\/wp-json\/wp\/v2\/posts\/994298","targetHints":{"allow":["GET"]}}],"collection":[{"href":"https:\/\/www.fpc.org.pl\/eng\/wp-json\/wp\/v2\/posts"}],"about":[{"href":"https:\/\/www.fpc.org.pl\/eng\/wp-json\/wp\/v2\/types\/post"}],"author":[{"embeddable":true,"href":"https:\/\/www.fpc.org.pl\/eng\/wp-json\/wp\/v2\/users\/9"}],"replies":[{"embeddable":true,"href":"https:\/\/www.fpc.org.pl\/eng\/wp-json\/wp\/v2\/comments?post=994298"}],"version-history":[{"count":15,"href":"https:\/\/www.fpc.org.pl\/eng\/wp-json\/wp\/v2\/posts\/994298\/revisions"}],"predecessor-version":[{"id":994398,"href":"https:\/\/www.fpc.org.pl\/eng\/wp-json\/wp\/v2\/posts\/994298\/revisions\/994398"}],"wp:featuredmedia":[{"embeddable":true,"href":"https:\/\/www.fpc.org.pl\/eng\/wp-json\/wp\/v2\/media\/994299"}],"wp:attachment":[{"href":"https:\/\/www.fpc.org.pl\/eng\/wp-json\/wp\/v2\/media?parent=994298"}],"wp:term":[{"taxonomy":"category","embeddable":true,"href":"https:\/\/www.fpc.org.pl\/eng\/wp-json\/wp\/v2\/categories?post=994298"},{"taxonomy":"post_tag","embeddable":true,"href":"https:\/\/www.fpc.org.pl\/eng\/wp-json\/wp\/v2\/tags?post=994298"}],"curies":[{"name":"wp","href":"https:\/\/api.w.org\/{rel}","templated":true}]}}