{"id":993987,"date":"2025-05-14T14:24:48","date_gmt":"2025-05-14T12:24:48","guid":{"rendered":"https:\/\/www.fpc.org.pl\/?p=993987"},"modified":"2025-06-05T22:29:23","modified_gmt":"2025-06-05T20:29:23","slug":"czytanie-niezbednym-narzedziem-rozwoju-polski-fpc-na-komisji-sejmowej","status":"publish","type":"post","link":"https:\/\/www.fpc.org.pl\/eng\/czytanie-niezbednym-narzedziem-rozwoju-polski-fpc-na-komisji-sejmowej\/","title":{"rendered":"Czytanie niezb\u0119dnym narz\u0119dziem rozwoju Polski &#8211; FPC na komisji Sejmowej"},"content":{"rendered":"<div data-elementor-type=\"wp-post\" data-elementor-id=\"993987\" class=\"elementor elementor-993987\" data-elementor-post-type=\"post\">\n\t\t\t\t<div class=\"elementor-element elementor-element-ca01a6f e-flex e-con-boxed e-con e-parent\" data-id=\"ca01a6f\" data-element_type=\"container\" data-e-type=\"container\">\n\t\t\t\t\t<div class=\"e-con-inner\">\n\t\t\t\t<div class=\"elementor-element elementor-element-3487237 elementor-widget elementor-widget-text-editor\" data-id=\"3487237\" data-element_type=\"widget\" data-e-type=\"widget\" data-widget_type=\"text-editor.default\">\n\t\t\t\t<div class=\"elementor-widget-container\">\n\t\t\t\t\t\t\t\t\t<p>Dlaczego czytelnictwo powinno sta\u0107 si\u0119 naszym &#8222;nowym klimatem&#8221;, i jak uruchomi\u0107 wszystkie r\u0119ce na pok\u0142ad? &#8211; pod takim has\u0142em Maria Deskur, prezes Fundacji Powszechnego Czytania przedstawi\u0142a strategi\u0119 dla &#8222;Czytaj\u0105cej Polski&#8221; w Sejm Rzeczypospolitej Polskiej, na zaproszenie Komisji Kultury, Dziedzictwa Narodowego i \u015arodk\u00f3w Przekazu.<\/p><p>Jednym z temat\u00f3w by\u0142o czytanie jako narz\u0119dzie realizacji cel\u00f3w zr\u00f3wnowa\u017conego rozwoju. W dyskusji udzia\u0142 wzi\u0119\u0142a tak\u017ce Agnieszka Rasi\u0144ska-B\u00f3br (Instytut Ksi\u0105\u017cki), Edyta Wi\u015bniowska (Ministerstwo Kultury i Dziedzictwa Narodowego) oraz Ma\u0142gorzata Szybalska (Ministerstwo Edukacji Narodowej).<\/p><p>Oto najwa\u017cniejsze wnioski przedstawione podczas spotkania. Czytanie jest niezb\u0119dnym narz\u0119dziem:<br \/>&#8211; budowania rozwoju jednostki, dawania ka\u017cdemu dziecku szans na realizacj\u0119 potencja\u0142u<br \/>&#8211; umo\u017cliwia edukacj\u0119 (jest kompetencj\u0105 fundamentaln\u0105, jak to okre\u015bli\u0142o MEN w profilu absolwenta)<br \/>&#8211; budowania kompetencji przysz\u0142o\u015bci dla formacji przysz\u0142ych obywateli sprawczych i gospodarczo skutecznych<br \/>&#8211; odporno\u015bci na dezinformacj\u0119 i rezyliencji demokracji.<\/p><p>Ca\u0142o\u015b\u0107 wypowiedzi oraz potem rozmowa z cz\u0142onkami komisji dost\u0119pna jest do wys\u0142uchania pod <a href=\"https:\/\/sejm.gov.pl\/sejm10.nsf\/transmisje_arch.xsp?rok=2025&amp;month=05&amp;page=5#062AC1E61AEB552CC1258C7B003E7104\" target=\"_blank\" rel=\"noopener\">linkiem<\/a>.<\/p>\t\t\t\t\t\t\t\t<\/div>\n\t\t\t\t<\/div>\n\t\t\t\t\t<\/div>\n\t\t\t\t<\/div>\n\t\t<div class=\"elementor-element elementor-element-225839c e-con-full e-flex e-con e-parent\" data-id=\"225839c\" data-element_type=\"container\" data-e-type=\"container\">\n\t\t<div class=\"elementor-element elementor-element-d82107d e-con-full e-flex e-con e-child\" data-id=\"d82107d\" data-element_type=\"container\" data-e-type=\"container\">\n\t\t\t\t<div class=\"elementor-element elementor-element-1bb79ba elementor-widget__width-initial elementor-widget elementor-widget-image\" data-id=\"1bb79ba\" data-element_type=\"widget\" data-e-type=\"widget\" data-widget_type=\"image.default\">\n\t\t\t\t<div class=\"elementor-widget-container\">\n\t\t\t\t\t\t\t\t\t<div class=\"elementor-image\">\n\t\t\t\t\t\t\t\t\t\t\t\t\t\t\t\t\t\t\t\t\t<img fetchpriority=\"high\" decoding=\"async\" width=\"956\" height=\"536\" src=\"https:\/\/www.fpc.org.pl\/wp-content\/uploads\/2025\/05\/CzytelnictwoKomisjaSejmowaFPC1.jpg\" class=\"attachment-large size-large wp-image-993991\" alt=\"\" srcset=\"https:\/\/www.fpc.org.pl\/wp-content\/uploads\/2025\/05\/CzytelnictwoKomisjaSejmowaFPC1.jpg 956w, https:\/\/www.fpc.org.pl\/wp-content\/uploads\/2025\/05\/CzytelnictwoKomisjaSejmowaFPC1-300x168.jpg 300w, https:\/\/www.fpc.org.pl\/wp-content\/uploads\/2025\/05\/CzytelnictwoKomisjaSejmowaFPC1-768x431.jpg 768w, https:\/\/www.fpc.org.pl\/wp-content\/uploads\/2025\/05\/CzytelnictwoKomisjaSejmowaFPC1-18x10.jpg 18w, https:\/\/www.fpc.org.pl\/wp-content\/uploads\/2025\/05\/CzytelnictwoKomisjaSejmowaFPC1-630x353.jpg 630w\" sizes=\"(max-width: 956px) 100vw, 956px\" \/>\t\t\t\t\t\t\t\t\t\t\t\t\t\t\t\t\t\t\t\t\t\t\t\t<\/div>\n\t\t\t\t\t\t\t\t<\/div>\n\t\t\t\t<\/div>\n\t\t\t\t<\/div>\n\t\t<div class=\"elementor-element elementor-element-5cfdc34 e-con-full e-flex e-con e-child\" data-id=\"5cfdc34\" data-element_type=\"container\" data-e-type=\"container\">\n\t\t\t\t<div class=\"elementor-element elementor-element-3317341 elementor-widget elementor-widget-image\" data-id=\"3317341\" data-element_type=\"widget\" data-e-type=\"widget\" data-widget_type=\"image.default\">\n\t\t\t\t<div class=\"elementor-widget-container\">\n\t\t\t\t\t\t\t\t\t<div class=\"elementor-image\">\n\t\t\t\t\t\t\t\t\t\t\t\t\t\t\t\t\t\t\t\t\t<img decoding=\"async\" width=\"953\" height=\"537\" src=\"https:\/\/www.fpc.org.pl\/wp-content\/uploads\/2025\/05\/CzytelnictwoKomisjaSejmowaFPC2.jpg\" class=\"attachment-large size-large wp-image-993990\" alt=\"\" srcset=\"https:\/\/www.fpc.org.pl\/wp-content\/uploads\/2025\/05\/CzytelnictwoKomisjaSejmowaFPC2.jpg 953w, https:\/\/www.fpc.org.pl\/wp-content\/uploads\/2025\/05\/CzytelnictwoKomisjaSejmowaFPC2-300x169.jpg 300w, https:\/\/www.fpc.org.pl\/wp-content\/uploads\/2025\/05\/CzytelnictwoKomisjaSejmowaFPC2-768x433.jpg 768w, https:\/\/www.fpc.org.pl\/wp-content\/uploads\/2025\/05\/CzytelnictwoKomisjaSejmowaFPC2-18x10.jpg 18w, https:\/\/www.fpc.org.pl\/wp-content\/uploads\/2025\/05\/CzytelnictwoKomisjaSejmowaFPC2-630x355.jpg 630w\" sizes=\"(max-width: 953px) 100vw, 953px\" \/>\t\t\t\t\t\t\t\t\t\t\t\t\t\t\t\t\t\t\t\t\t\t\t\t<\/div>\n\t\t\t\t\t\t\t\t<\/div>\n\t\t\t\t<\/div>\n\t\t\t\t<\/div>\n\t\t\t\t<\/div>\n\t\t<div class=\"elementor-element elementor-element-d0f6373 e-flex e-con-boxed e-con e-parent\" data-id=\"d0f6373\" data-element_type=\"container\" data-e-type=\"container\">\n\t\t\t\t\t<div class=\"e-con-inner\">\n\t\t\t\t<div class=\"elementor-element elementor-element-bbcc482 elementor-widget elementor-widget-image\" data-id=\"bbcc482\" data-element_type=\"widget\" data-e-type=\"widget\" data-widget_type=\"image.default\">\n\t\t\t\t<div class=\"elementor-widget-container\">\n\t\t\t\t\t\t\t\t\t<div class=\"elementor-image\">\n\t\t\t\t\t\t\t\t\t\t\t\t\t\t\t\t\t\t\t\t\t<img decoding=\"async\" width=\"1024\" height=\"577\" src=\"https:\/\/www.fpc.org.pl\/wp-content\/uploads\/2025\/05\/Marynia_sejm-1024x577.jpg\" class=\"attachment-large size-large wp-image-993989\" alt=\"\" srcset=\"https:\/\/www.fpc.org.pl\/wp-content\/uploads\/2025\/05\/Marynia_sejm-1024x577.jpg 1024w, https:\/\/www.fpc.org.pl\/wp-content\/uploads\/2025\/05\/Marynia_sejm-300x169.jpg 300w, https:\/\/www.fpc.org.pl\/wp-content\/uploads\/2025\/05\/Marynia_sejm-768x433.jpg 768w, https:\/\/www.fpc.org.pl\/wp-content\/uploads\/2025\/05\/Marynia_sejm-18x10.jpg 18w, https:\/\/www.fpc.org.pl\/wp-content\/uploads\/2025\/05\/Marynia_sejm-630x355.jpg 630w, https:\/\/www.fpc.org.pl\/wp-content\/uploads\/2025\/05\/Marynia_sejm.jpg 1115w\" sizes=\"(max-width: 1024px) 100vw, 1024px\" \/>\t\t\t\t\t\t\t\t\t\t\t\t\t\t\t\t\t\t\t\t\t\t\t\t<\/div>\n\t\t\t\t\t\t\t\t<\/div>\n\t\t\t\t<\/div>\n\t\t\t\t\t<\/div>\n\t\t\t\t<\/div>\n\t\t\t\t<\/div>","protected":false},"excerpt":{"rendered":"<p>Dlaczego czytelnictwo powinno sta\u0107 si\u0119 naszym &#8222;nowym klimatem&#8221;, i jak uruchomi\u0107 wszystkie r\u0119ce na pok\u0142ad? &#8211; pod takim has\u0142em Maria Deskur, prezes Fundacji Powszechnego Czytania przedstawi\u0142a strategi\u0119 dla &#8222;Czytaj\u0105cej Polski&#8221; w Sejm Rzeczypospolitej Polskiej, na zaproszenie Komisji Kultury, Dziedzictwa Narodowego i \u015arodk\u00f3w Przekazu. Jednym z temat\u00f3w by\u0142o czytanie jako narz\u0119dzie realizacji cel\u00f3w zr\u00f3wnowa\u017conego rozwoju. W&#8230;<\/p>","protected":false},"author":9,"featured_media":993988,"comment_status":"closed","ping_status":"open","sticky":false,"template":"","format":"standard","meta":{"_acf_changed":false,"give_campaign_id":0,"footnotes":""},"categories":[109],"tags":[137,96],"class_list":["post-993987","post","type-post","status-publish","format-standard","has-post-thumbnail","hentry","category-nasze-dzialania","tag-czytelnictwo","tag-fundacja-powszechnego-czytania","odd"],"acf":[],"_links":{"self":[{"href":"https:\/\/www.fpc.org.pl\/eng\/wp-json\/wp\/v2\/posts\/993987","targetHints":{"allow":["GET"]}}],"collection":[{"href":"https:\/\/www.fpc.org.pl\/eng\/wp-json\/wp\/v2\/posts"}],"about":[{"href":"https:\/\/www.fpc.org.pl\/eng\/wp-json\/wp\/v2\/types\/post"}],"author":[{"embeddable":true,"href":"https:\/\/www.fpc.org.pl\/eng\/wp-json\/wp\/v2\/users\/9"}],"replies":[{"embeddable":true,"href":"https:\/\/www.fpc.org.pl\/eng\/wp-json\/wp\/v2\/comments?post=993987"}],"version-history":[{"count":11,"href":"https:\/\/www.fpc.org.pl\/eng\/wp-json\/wp\/v2\/posts\/993987\/revisions"}],"predecessor-version":[{"id":994089,"href":"https:\/\/www.fpc.org.pl\/eng\/wp-json\/wp\/v2\/posts\/993987\/revisions\/994089"}],"wp:featuredmedia":[{"embeddable":true,"href":"https:\/\/www.fpc.org.pl\/eng\/wp-json\/wp\/v2\/media\/993988"}],"wp:attachment":[{"href":"https:\/\/www.fpc.org.pl\/eng\/wp-json\/wp\/v2\/media?parent=993987"}],"wp:term":[{"taxonomy":"category","embeddable":true,"href":"https:\/\/www.fpc.org.pl\/eng\/wp-json\/wp\/v2\/categories?post=993987"},{"taxonomy":"post_tag","embeddable":true,"href":"https:\/\/www.fpc.org.pl\/eng\/wp-json\/wp\/v2\/tags?post=993987"}],"curies":[{"name":"wp","href":"https:\/\/api.w.org\/{rel}","templated":true}]}}