{"id":993960,"date":"2025-05-13T14:20:47","date_gmt":"2025-05-13T12:20:47","guid":{"rendered":"https:\/\/www.fpc.org.pl\/?p=993960"},"modified":"2025-05-16T14:51:38","modified_gmt":"2025-05-16T12:51:38","slug":"tatatezczyta2025_spotkampanii","status":"publish","type":"post","link":"https:\/\/www.fpc.org.pl\/eng\/tatatezczyta2025_spotkampanii\/","title":{"rendered":"Czytaj dziecku, nauczysz je czyta\u0107! &#8211; premiera spotu nowej edycji kampanii #TataTe\u017cCzyta"},"content":{"rendered":"<div data-elementor-type=\"wp-post\" data-elementor-id=\"993960\" class=\"elementor elementor-993960\" data-elementor-post-type=\"post\">\n\t\t\t\t<div class=\"elementor-element elementor-element-ca01a6f e-flex e-con-boxed e-con e-parent\" data-id=\"ca01a6f\" data-element_type=\"container\" data-e-type=\"container\">\n\t\t\t\t\t<div class=\"e-con-inner\">\n\t\t\t\t<div class=\"elementor-element elementor-element-3487237 elementor-widget elementor-widget-text-editor\" data-id=\"3487237\" data-element_type=\"widget\" data-e-type=\"widget\" data-widget_type=\"text-editor.default\">\n\t\t\t\t<div class=\"elementor-widget-container\">\n\t\t\t\t\t\t\t\t\t<p><b>Czyta\u0142em dziecku, nauczy\u0142em je czyta\u0107! &#8211; m\u00f3wi Wojciech Mann w spocie promuj\u0105cym kampani\u0119 #TataTe\u017cCzyta2025, w kt\u00f3rym wyst\u0105pi\u0142 wraz z synem, Marcinem.<\/b><\/p><p class=\"translation-block\">Sitting, lying down, standing. On the tram, in the waiting room, in bed. Read!\nTo yourself and, above all, to your child. At every stage of their development.<\/p><p>#TataTe\u017cCzyta to og\u00f3lnopolska kampania zapraszaj\u0105ca do czytania m\u0119\u017cczyzn &#8211; kt\u00f3rzy statystycznie wci\u0105\u017c czytaj\u0105 mniej ni\u017c kobiety.<\/p><p>Dzieci, kt\u00f3rym rodzice regularnie czytaj\u0105, ju\u017c w wieku trzech lat rozumiej\u0105 dwa razy wi\u0119cej s\u0142\u00f3w ni\u017c ich r\u00f3wie\u015bnicy!<\/p><p>Czytanie wp\u0142ywa na rozw\u00f3j, stymuluje \u017cyciowe sukcesy. Pozwala zrozumie\u0107 siebie i innych; zdystansowa\u0107 si\u0119 wobec trud\u00f3w dorastania. Daje wiedz\u0119, kt\u00f3ra idzie w parze ze sprawczo\u015bci\u0105.<\/p><p>Spot z udzia\u0142em Wojciecha oraz Marcina Mann\u00f3w, powsta\u0142 dzi\u0119ki wsparciu PRO BONO! Spot pojawi si\u0119 w Internecie, w radiu, w telewizji, a tak\u017ce w przestrzeni publicznej i miejskiej.<\/p>\t\t\t\t\t\t\t\t<\/div>\n\t\t\t\t<\/div>\n\t\t\t\t<div class=\"elementor-element elementor-element-67e7d72 elementor-widget elementor-widget-video\" data-id=\"67e7d72\" data-element_type=\"widget\" data-e-type=\"widget\" data-settings=\"{&quot;youtube_url&quot;:&quot;https:\\\/\\\/youtu.be\\\/CRT-fMF5KJA&quot;,&quot;video_type&quot;:&quot;youtube&quot;,&quot;controls&quot;:&quot;yes&quot;}\" data-widget_type=\"video.default\">\n\t\t\t\t<div class=\"elementor-widget-container\">\n\t\t\t\t\t\t\t<div class=\"elementor-wrapper elementor-open-inline\">\n\t\t\t<div class=\"elementor-video\"><\/div>\t\t<\/div>\n\t\t\t\t\t\t<\/div>\n\t\t\t\t<\/div>\n\t\t\t\t<div class=\"elementor-element elementor-element-2055935 elementor-widget elementor-widget-text-editor\" data-id=\"2055935\" data-element_type=\"widget\" data-e-type=\"widget\" data-widget_type=\"text-editor.default\">\n\t\t\t\t<div class=\"elementor-widget-container\">\n\t\t\t\t\t\t\t\t\t<p>Re\u017cyser: Tadeusz \u015aliwa<\/p><p>Operator: Micha\u0142 Soboci\u0144ski<br \/>Koncept kreatywny i scenariusz: Brain<br \/>Producent: Micha\u0142 Wilk<br \/>Kierownik produkcji: Arek Wa\u015b<br \/>Produkcja: Otofilm<br \/>Postprodukcja: OrkaFilm<br \/>Ud\u017awi\u0119kowienie: CafeOle <br \/>As. produkcji: Weronika Preiss<br \/>Monta\u017c: Robert Gryka<br \/>Scenograf: Darek Walaszczyk<br \/>Rekwizytor: Piotr Go\u0142aszewski<br \/>Gaffer: Janusz Bulanda<br \/>Steadicam: Marek Zaj\u0105czkowski<br \/>Ostrzyciel: Przemek Gabryjelski<br \/>As. kamery: Jakub Skrzypczy\u0144ski<br \/>Video: Micha\u0142 Kreft D\u017awi\u0119k: Piotr Pacu\u0142a<br \/>Kostiumy: Martyna Perkowska<br \/>Charakteryzacja: Paulina Mielniczek<br \/>Dy\u017curni planu: Yellow\u00f3z<br \/>Kierownik planu: Remik Kubiak<br \/>Transport: Piotr Wa\u015b<\/p><p><strong>Campaign page:<a href=\"http:\/\/www.tatatezczyta.pl\" target=\"_blank\" rel=\"noopener\"> www.tatatezczyta.pl<\/a><\/strong><\/p><p>Fundacja Powszechnego Czytania dzi\u0119kuje wszystkim zaanga\u017cowanym w powstanie spotu, a tak\u017ce partnerom kampanii. Szczeg\u00f3lne podzi\u0119kowania za wsparcie kieruje tak\u017ce do GroupM, oraz sieci kin Helios.<\/p>\t\t\t\t\t\t\t\t<\/div>\n\t\t\t\t<\/div>\n\t\t\t\t\t<\/div>\n\t\t\t\t<\/div>\n\t\t\t\t<\/div>","protected":false},"excerpt":{"rendered":"<p>Czyta\u0142em dziecku, nauczy\u0142em je czyta\u0107! &#8211; m\u00f3wi Wojciech Mann w spocie promuj\u0105cym kampani\u0119 #TataTe\u017cCzyta2025, w kt\u00f3rym wyst\u0105pi\u0142 wraz z synem, Marcinem. Siedz\u0105c, le\u017c\u0105c, stoj\u0105c. W tramwaju, w poczekalni, w \u0142\u00f3\u017cku. Czytaj! Samemu sobie, a przede wszystkim dziecku. Na ka\u017cdym etapie jego rozwoju. #TataTe\u017cCzyta to og\u00f3lnopolska kampania zapraszaj\u0105ca do czytania m\u0119\u017cczyzn &#8211; kt\u00f3rzy statystycznie wci\u0105\u017c czytaj\u0105&#8230;<\/p>","protected":false},"author":9,"featured_media":993961,"comment_status":"closed","ping_status":"open","sticky":false,"template":"","format":"standard","meta":{"_acf_changed":false,"give_campaign_id":0,"footnotes":""},"categories":[109],"tags":[86,96],"class_list":["post-993960","post","type-post","status-publish","format-standard","has-post-thumbnail","hentry","category-nasze-dzialania","tag-tatatezczyta","tag-fundacja-powszechnego-czytania","odd"],"acf":[],"_links":{"self":[{"href":"https:\/\/www.fpc.org.pl\/eng\/wp-json\/wp\/v2\/posts\/993960","targetHints":{"allow":["GET"]}}],"collection":[{"href":"https:\/\/www.fpc.org.pl\/eng\/wp-json\/wp\/v2\/posts"}],"about":[{"href":"https:\/\/www.fpc.org.pl\/eng\/wp-json\/wp\/v2\/types\/post"}],"author":[{"embeddable":true,"href":"https:\/\/www.fpc.org.pl\/eng\/wp-json\/wp\/v2\/users\/9"}],"replies":[{"embeddable":true,"href":"https:\/\/www.fpc.org.pl\/eng\/wp-json\/wp\/v2\/comments?post=993960"}],"version-history":[{"count":13,"href":"https:\/\/www.fpc.org.pl\/eng\/wp-json\/wp\/v2\/posts\/993960\/revisions"}],"predecessor-version":[{"id":993974,"href":"https:\/\/www.fpc.org.pl\/eng\/wp-json\/wp\/v2\/posts\/993960\/revisions\/993974"}],"wp:featuredmedia":[{"embeddable":true,"href":"https:\/\/www.fpc.org.pl\/eng\/wp-json\/wp\/v2\/media\/993961"}],"wp:attachment":[{"href":"https:\/\/www.fpc.org.pl\/eng\/wp-json\/wp\/v2\/media?parent=993960"}],"wp:term":[{"taxonomy":"category","embeddable":true,"href":"https:\/\/www.fpc.org.pl\/eng\/wp-json\/wp\/v2\/categories?post=993960"},{"taxonomy":"post_tag","embeddable":true,"href":"https:\/\/www.fpc.org.pl\/eng\/wp-json\/wp\/v2\/tags?post=993960"}],"curies":[{"name":"wp","href":"https:\/\/api.w.org\/{rel}","templated":true}]}}