{"id":993857,"date":"2025-05-12T13:16:36","date_gmt":"2025-05-12T11:16:36","guid":{"rendered":"https:\/\/www.fpc.org.pl\/?p=993857"},"modified":"2025-05-12T13:27:48","modified_gmt":"2025-05-12T11:27:48","slug":"zapraszamy-na-panel-dysksyjny-podczas-warszawskiej-edycji-miedzypokoleniowego-festiwalu-literatury-dzieciecej-ojce-i-dziatki","status":"publish","type":"post","link":"https:\/\/www.fpc.org.pl\/eng\/zapraszamy-na-panel-dysksyjny-podczas-warszawskiej-edycji-miedzypokoleniowego-festiwalu-literatury-dzieciecej-ojce-i-dziatki\/","title":{"rendered":"The Warsaw edition of the Intergenerational Festival of Children&#039;s Literature \u2013 Fathers and Children on May 16"},"content":{"rendered":"<div data-elementor-type=\"wp-post\" data-elementor-id=\"993857\" class=\"elementor elementor-993857\" data-elementor-post-type=\"post\">\n\t\t\t\t<div class=\"elementor-element elementor-element-ca01a6f e-flex e-con-boxed e-con e-parent\" data-id=\"ca01a6f\" data-element_type=\"container\" data-e-type=\"container\">\n\t\t\t\t\t<div class=\"e-con-inner\">\n\t\t\t\t<div class=\"elementor-element elementor-element-3487237 elementor-widget elementor-widget-text-editor\" data-id=\"3487237\" data-element_type=\"widget\" data-e-type=\"widget\" data-widget_type=\"text-editor.default\">\n\t\t\t\t<div class=\"elementor-widget-container\">\n\t\t\t\t\t\t\t\t\t<p>We invite you to a panel discussion during the Warsaw edition\u00a0<strong>Me<\/strong><strong>\u0119<\/strong><strong>Intergenerational Children&#039;s Literature Festival<\/strong><strong>\u0119<\/strong><strong>cej \u2013 Fathers and Children<\/strong>.\u00a0<\/p><p><strong>Reading connects, or the interdisciplinary dimension of reading promotion \u2013 Discussion panel for educators, librarians and reading promoters<\/strong> \u00a0<\/p><p>\ud83d\uddd3\ufe0fData: 16 maja 2025 \/ godz. 12.00-13.00\u00a0 \u00a0<\/p><p>?Venue: International Book Fair in Warsaw \u2013 Museum of Modern Art, ul. Marsza\u0142kowska 103<\/p><p>We will meet to talk and together look for answers to the difficult questions that the modern world poses to us:<\/p><p>\u2013 How to promote reading in times when books have such strong competition, and when electronic media and artificial intelligence are fighting for the attention of children and young people? <br \/>\u2013 How to speak with one voice about values and benefits in a polarized world? <br \/>\u2013 How, despite the permanent lack of time and resources, can we build alliances and enjoy shared successes? <br \/>The invited speakers include: <br \/>&#8211;\u00a0<strong>Magdalena Klepczarek<\/strong>, Head of the Department of Cultural Institutions in the Culture Office of the Capital City of Warsaw <br \/>&#8211;\u00a0<strong>Joanna Bancerowska<\/strong>, spokesperson of the National Centre for Culture, <br \/>&#8211;\u00a0<strong>Barbara Balmas<\/strong>, Head of the Krakow UNESCO City of Literature Programme, <br \/>&#8211;\u00a0<strong>Aldona Radomska-Paluchowska<\/strong>, Programme Specialist, ING Children&#039;s Foundation, <br \/>&#8211;\u00a0<strong>Maria Deskur<\/strong>, president of the Universal Reading Foundation, <br \/>&#8211;\u00a0<strong>Agnieszka Rasinska-B\u00f3br<\/strong>, Deputy Director of the Book Institute, <br \/>&#8211;\u00a0<strong>Barbara Sadurska<\/strong>, lawyer and writer.<\/p><p>The panel discussion will be led by\u00a0<strong>Agnieszka Karp-Szyma\u0144ska<\/strong>, president of the Czas Dzieci Group, director of the Intergenerational Festival of Children\u2019s Literature \u2013 Fathers and Children.<\/p><p><strong>Attention:<\/strong>\u00a0The event will not be video recorded and will not be broadcast online.<\/p><p>Full\u00a0<strong>festival program<\/strong>\u00a0you will find on the website:\u00a0<a href=\"https:\/\/festiwalliteraturydzieciecej.pl\/event\/festiwal-warszawa\/\" target=\"_blank\" rel=\"noopener\"><strong>https:\/\/festiwalliteraturydzieciecej.pl\/event\/festiwal-warszawa\/<\/strong><\/a><strong>.<\/strong><\/p><p>One of the partners of the event is <a href=\"https:\/\/www.fpc.org.pl\/eng\/nasze-projekty\/czytajaca-polska-2\/\"><strong>Reading Poland<\/strong><\/a>.<\/p>\t\t\t\t\t\t\t\t<\/div>\n\t\t\t\t<\/div>\n\t\t\t\t\t<\/div>\n\t\t\t\t<\/div>\n\t\t<div class=\"elementor-element elementor-element-0aea9b7 e-con-full e-flex e-con e-parent\" data-id=\"0aea9b7\" data-element_type=\"container\" data-e-type=\"container\">\n\t\t\t\t<div class=\"elementor-element elementor-element-e63c0b1 elementor-widget__width-initial elementor-widget elementor-widget-image\" data-id=\"e63c0b1\" data-element_type=\"widget\" data-e-type=\"widget\" data-widget_type=\"image.default\">\n\t\t\t\t<div class=\"elementor-widget-container\">\n\t\t\t\t\t\t\t\t\t<div class=\"elementor-image\">\n\t\t\t\t\t\t\t\t\t\t\t\t\t\t\t\t\t\t\t\t\t<img fetchpriority=\"high\" decoding=\"async\" width=\"993\" height=\"1024\" src=\"https:\/\/www.fpc.org.pl\/wp-content\/uploads\/2025\/05\/Zaproszenie-993x1024.jpg\" class=\"attachment-large size-large wp-image-993863\" alt=\"\" srcset=\"https:\/\/www.fpc.org.pl\/wp-content\/uploads\/2025\/05\/Zaproszenie-993x1024.jpg 993w, https:\/\/www.fpc.org.pl\/wp-content\/uploads\/2025\/05\/Zaproszenie-291x300.jpg 291w, https:\/\/www.fpc.org.pl\/wp-content\/uploads\/2025\/05\/Zaproszenie-768x792.jpg 768w, https:\/\/www.fpc.org.pl\/wp-content\/uploads\/2025\/05\/Zaproszenie-1489x1536.jpg 1489w, https:\/\/www.fpc.org.pl\/wp-content\/uploads\/2025\/05\/Zaproszenie-12x12.jpg 12w, https:\/\/www.fpc.org.pl\/wp-content\/uploads\/2025\/05\/Zaproszenie-1260x1299.jpg 1260w, https:\/\/www.fpc.org.pl\/wp-content\/uploads\/2025\/05\/Zaproszenie-630x650.jpg 630w, https:\/\/www.fpc.org.pl\/wp-content\/uploads\/2025\/05\/Zaproszenie.jpg 1920w\" sizes=\"(max-width: 993px) 100vw, 993px\" \/>\t\t\t\t\t\t\t\t\t\t\t\t\t\t\t\t\t\t\t\t\t\t\t\t<\/div>\n\t\t\t\t\t\t\t\t<\/div>\n\t\t\t\t<\/div>\n\t\t\t\t<\/div>\n\t\t\t\t<\/div>","protected":false},"excerpt":{"rendered":"<p>Zapraszamy na panel dysksyjny podczas warszawskiej edycji\u00a0Mi\u0119dzypokoleniowego Festiwalu Literatury Dzieci\u0119cej &#8211; Ojce i Dziatki.\u00a0 Czytanie \u0142\u0105czy, czyli interdyscyplinarny wymiar promocji czytelnictwa &#8211; Panel dyskusyjny dla edukator\u00f3w, bibliotekarzy i promotor\u00f3w czytelnictwa \u00a0 ?\ufe0fData: 16 maja 2025 \/ godz. 12.00-13.00\u00a0 \u00a0 ?Miejsce: Mi\u0119dzynarodowe Targi Ksi\u0105\u017cki w Warszawie &#8211; Muzeum Sztuki Nowoczesnej, ul. Marsza\u0142kowska 103 Spotkamy si\u0119, by&#8230;<\/p>","protected":false},"author":11,"featured_media":993858,"comment_status":"closed","ping_status":"open","sticky":false,"template":"","format":"standard","meta":{"_acf_changed":false,"give_campaign_id":0,"footnotes":""},"categories":[110],"tags":[96],"class_list":["post-993857","post","type-post","status-publish","format-standard","has-post-thumbnail","hentry","category-zapraszamy","tag-fundacja-powszechnego-czytania","odd"],"acf":[],"_links":{"self":[{"href":"https:\/\/www.fpc.org.pl\/eng\/wp-json\/wp\/v2\/posts\/993857","targetHints":{"allow":["GET"]}}],"collection":[{"href":"https:\/\/www.fpc.org.pl\/eng\/wp-json\/wp\/v2\/posts"}],"about":[{"href":"https:\/\/www.fpc.org.pl\/eng\/wp-json\/wp\/v2\/types\/post"}],"author":[{"embeddable":true,"href":"https:\/\/www.fpc.org.pl\/eng\/wp-json\/wp\/v2\/users\/11"}],"replies":[{"embeddable":true,"href":"https:\/\/www.fpc.org.pl\/eng\/wp-json\/wp\/v2\/comments?post=993857"}],"version-history":[{"count":16,"href":"https:\/\/www.fpc.org.pl\/eng\/wp-json\/wp\/v2\/posts\/993857\/revisions"}],"predecessor-version":[{"id":993875,"href":"https:\/\/www.fpc.org.pl\/eng\/wp-json\/wp\/v2\/posts\/993857\/revisions\/993875"}],"wp:featuredmedia":[{"embeddable":true,"href":"https:\/\/www.fpc.org.pl\/eng\/wp-json\/wp\/v2\/media\/993858"}],"wp:attachment":[{"href":"https:\/\/www.fpc.org.pl\/eng\/wp-json\/wp\/v2\/media?parent=993857"}],"wp:term":[{"taxonomy":"category","embeddable":true,"href":"https:\/\/www.fpc.org.pl\/eng\/wp-json\/wp\/v2\/categories?post=993857"},{"taxonomy":"post_tag","embeddable":true,"href":"https:\/\/www.fpc.org.pl\/eng\/wp-json\/wp\/v2\/tags?post=993857"}],"curies":[{"name":"wp","href":"https:\/\/api.w.org\/{rel}","templated":true}]}}