{"id":993825,"date":"2025-05-08T12:50:11","date_gmt":"2025-05-08T10:50:11","guid":{"rendered":"https:\/\/www.fpc.org.pl\/?p=993825"},"modified":"2025-05-08T12:56:57","modified_gmt":"2025-05-08T10:56:57","slug":"fpc-zaprasza-do-udzialu-w-kolejnej-edycji-miedzynarodowej-akcji-czytanie-na-polanie","status":"publish","type":"post","link":"https:\/\/www.fpc.org.pl\/eng\/fpc-zaprasza-do-udzialu-w-kolejnej-edycji-miedzynarodowej-akcji-czytanie-na-polanie\/","title":{"rendered":"FPC invites you to participate in the next edition of the International Reading Campaign in the Glade"},"content":{"rendered":"<div data-elementor-type=\"wp-post\" data-elementor-id=\"993825\" class=\"elementor elementor-993825\" data-elementor-post-type=\"post\">\n\t\t\t\t<div class=\"elementor-element elementor-element-ca01a6f e-flex e-con-boxed e-con e-parent\" data-id=\"ca01a6f\" data-element_type=\"container\" data-e-type=\"container\">\n\t\t\t\t\t<div class=\"e-con-inner\">\n\t\t\t\t<div class=\"elementor-element elementor-element-3487237 elementor-widget elementor-widget-text-editor\" data-id=\"3487237\" data-element_type=\"widget\" data-e-type=\"widget\" data-widget_type=\"text-editor.default\">\n\t\t\t\t<div class=\"elementor-widget-container\">\n\t\t\t\t\t\t\t\t\t<p>We invite you to participate in the next edition of the International Campaign <strong>Reading in the Glade<\/strong>The campaign is aimed at students, teachers, the local school and extracurricular community.<\/p><p>The campaign involves organizing a reading event on a single day chosen by the facility between May 5 and June 27, 2025, and it is held outdoors. However, in the event of unfavorable weather conditions, when it is not possible to change the date of the event, it can be held indoors. You can read any book.\u00a0\u00a0<\/p><p>The coordinator of the facility documents the implementation of the action in any way they choose, and then posts a short report of the event on the facility&#039;s website or on social media (without publishing the images of minors) with the hashtag #czytanienapolanie<\/p><p>The campaign is open to all types of cultural and educational institutions (libraries, kindergartens, primary schools, secondary schools, educational and upbringing centres, community centres). The main goal of this initiative is to promote reading among children and young people, integrate the local community and encourage students to reach for a book in every situation and in every place. The campaign is not a competition and no prizes are provided. The institution taking part in the campaign will receive a Certificate of Participation.<\/p><p>The originator and main coordinator of this initiative is Katarzyna Paliga \u2013 teacher-librarian from Primary School No. 29 with Sports Departments named after Alfred Szklarski in D\u0105browa G\u00f3rnicza. Co-organizers of the campaign are: J\u00f3zef Lompa Provincial Pedagogical Library in Katowice, Branch in B\u0119dzin, J\u00f3zef Lompa Provincial Pedagogical Library in Katowice, Branch in Sosnowiec and WSB Academy in D\u0105browa G\u00f3rnicza. Participation in the campaign is open, voluntary and free of charge.<\/p><p>The Universal Reading Foundation, together with the Reading Rescuers program, took the honorary patronage of the event with great pleasure. This is an important initiative organized for a very good purpose, engaging socially and locally.<\/p><p>\ud83d\udccc REGULAMIN &#8211; <span style=\"text-decoration: underline;\"><a href=\"https:\/\/drive.google.com\/file\/d\/11iC0flBAmmalrAltTnYd6j_q77HltCkp\/view\" target=\"_blank\" rel=\"noopener\">https:\/\/drive.google.com\/file\/d\/11iC0flBAmmalrAltTnYd6j_q77HltCkp\/view<\/a><\/span><\/p><p>\ud83d\udcd1 FORMULARZ ZG\u0141OSZENIOWY:<\/p><p><span style=\"text-decoration: underline;\"><a href=\"https:\/\/docs.google.com\/forms\/d\/e\/1FAIpQLSfWkh8Kxq9b4dIRLTgk1TqiatfXmAjTrcLko2QbSmwbET1noA\/viewform?pli=1\" target=\"_blank\" rel=\"noopener\">https:\/\/docs.google.com\/forms\/d\/e\/1FAIpQLSfWkh8Kxq9b4dIRLTgk1TqiatfXmAjTrcLko2QbSmwbET1noA\/viewform?pli=1<\/a><\/span><\/p><p>\ud83d\udcd7 Zg\u0142oszenia do akcji przyjmowane s\u0105 <strong>from April 7 to June 27, 2025<\/strong><\/p><p>\ud83d\udd17 CZYTANIE NA POLANIE &#8211; strona g\u0142\u00f3wna :\u00a0<span style=\"text-decoration: underline;\"><a href=\"https:\/\/sites.google.com\/view\/czytanienapolanie2025\/strona-g%C5%82%C3%B3wna\" target=\"_blank\" rel=\"noopener\">https:\/\/sites.google.com\/view\/czytanienapolanie2025\/strona-g%C5%82%C3%B3wna<\/a><\/span><\/p><p>\ud83d\udd17 Grupa na FB &#8222;Czytanie na Polanie&#8221;- <span style=\"text-decoration: underline;\"><a href=\"https:\/\/www.facebook.com\/groups\/czytanienapolanie\/\" target=\"_blank\" rel=\"noopener\">https:\/\/www.facebook.com\/groups\/czytanienapolanie\/<\/a><\/span><\/p><p><strong>Honorary Patrons:<\/strong><\/p><p>Iwona Pietrzak-P\u0142achta<br \/>Barbara Kosmowska<br \/>Roksana J\u0119drzejewska \u2013 Sparrow<br \/>Agnieszka Fr\u0105czek \u2013 Mustard Seed<br \/>Edyta Antoniak \u2013 Kiedos<br \/>Waldemar Cichon<br \/>Tibum Publishing House<br \/>Gulliver Magazine<br \/>The Universal Reading Foundation <br \/>Wislawa Szymborska Foundation<br \/>All of Poland Reads to Children<br \/>Literature Publishing House<br \/>Two Sisters Publishing House<br \/>Association of Polish Librarians<br \/>Municipal Public Library in D\u0105browa G\u00f3rnicza<br \/>Teacher Training Centre in Sosnowiec<\/p>\t\t\t\t\t\t\t\t<\/div>\n\t\t\t\t<\/div>\n\t\t\t\t\t<\/div>\n\t\t\t\t<\/div>\n\t\t<div class=\"elementor-element elementor-element-f6123c2 e-con-full e-flex e-con e-parent\" data-id=\"f6123c2\" data-element_type=\"container\" data-e-type=\"container\">\n\t\t<div class=\"elementor-element elementor-element-414ae34 e-con-full e-flex e-con e-child\" data-id=\"414ae34\" data-element_type=\"container\" data-e-type=\"container\">\n\t\t\t\t<div class=\"elementor-element elementor-element-40eb45c elementor-widget elementor-widget-image\" data-id=\"40eb45c\" data-element_type=\"widget\" data-e-type=\"widget\" data-widget_type=\"image.default\">\n\t\t\t\t<div class=\"elementor-widget-container\">\n\t\t\t\t\t\t\t\t\t<div class=\"elementor-image\">\n\t\t\t\t\t\t\t\t\t\t\t\t\t\t\t\t\t\t\t\t\t<img fetchpriority=\"high\" decoding=\"async\" width=\"724\" height=\"1024\" src=\"https:\/\/www.fpc.org.pl\/wp-content\/uploads\/2025\/05\/Plakat-Edycja-2025-2-724x1024.png\" class=\"attachment-large size-large wp-image-993837\" alt=\"\" srcset=\"https:\/\/www.fpc.org.pl\/wp-content\/uploads\/2025\/05\/Plakat-Edycja-2025-2-724x1024.png 724w, https:\/\/www.fpc.org.pl\/wp-content\/uploads\/2025\/05\/Plakat-Edycja-2025-2-212x300.png 212w, https:\/\/www.fpc.org.pl\/wp-content\/uploads\/2025\/05\/Plakat-Edycja-2025-2-768x1086.png 768w, https:\/\/www.fpc.org.pl\/wp-content\/uploads\/2025\/05\/Plakat-Edycja-2025-2-1086x1536.png 1086w, https:\/\/www.fpc.org.pl\/wp-content\/uploads\/2025\/05\/Plakat-Edycja-2025-2-1448x2048.png 1448w, https:\/\/www.fpc.org.pl\/wp-content\/uploads\/2025\/05\/Plakat-Edycja-2025-2-8x12.png 8w, https:\/\/www.fpc.org.pl\/wp-content\/uploads\/2025\/05\/Plakat-Edycja-2025-2-1260x1782.png 1260w, https:\/\/www.fpc.org.pl\/wp-content\/uploads\/2025\/05\/Plakat-Edycja-2025-2-630x891.png 630w, https:\/\/www.fpc.org.pl\/wp-content\/uploads\/2025\/05\/Plakat-Edycja-2025-2.png 1587w\" sizes=\"(max-width: 724px) 100vw, 724px\" \/>\t\t\t\t\t\t\t\t\t\t\t\t\t\t\t\t\t\t\t\t\t\t\t\t<\/div>\n\t\t\t\t\t\t\t\t<\/div>\n\t\t\t\t<\/div>\n\t\t\t\t<\/div>\n\t\t<div class=\"elementor-element elementor-element-e49a46a e-con-full e-flex e-con e-child\" data-id=\"e49a46a\" data-element_type=\"container\" data-e-type=\"container\">\n\t\t\t\t<div class=\"elementor-element elementor-element-46d7eda elementor-widget elementor-widget-image\" data-id=\"46d7eda\" data-element_type=\"widget\" data-e-type=\"widget\" data-widget_type=\"image.default\">\n\t\t\t\t<div class=\"elementor-widget-container\">\n\t\t\t\t\t\t\t\t\t<div class=\"elementor-image\">\n\t\t\t\t\t\t\t\t\t\t\t\t\t\t\t\t\t\t\t\t\t<img decoding=\"async\" width=\"724\" height=\"1024\" src=\"https:\/\/www.fpc.org.pl\/wp-content\/uploads\/2025\/05\/Terminarz2025-1-724x1024.png\" class=\"attachment-large size-large wp-image-993838\" alt=\"\" srcset=\"https:\/\/www.fpc.org.pl\/wp-content\/uploads\/2025\/05\/Terminarz2025-1-724x1024.png 724w, https:\/\/www.fpc.org.pl\/wp-content\/uploads\/2025\/05\/Terminarz2025-1-212x300.png 212w, https:\/\/www.fpc.org.pl\/wp-content\/uploads\/2025\/05\/Terminarz2025-1-768x1086.png 768w, https:\/\/www.fpc.org.pl\/wp-content\/uploads\/2025\/05\/Terminarz2025-1-1086x1536.png 1086w, https:\/\/www.fpc.org.pl\/wp-content\/uploads\/2025\/05\/Terminarz2025-1-1448x2048.png 1448w, https:\/\/www.fpc.org.pl\/wp-content\/uploads\/2025\/05\/Terminarz2025-1-8x12.png 8w, https:\/\/www.fpc.org.pl\/wp-content\/uploads\/2025\/05\/Terminarz2025-1-1260x1782.png 1260w, https:\/\/www.fpc.org.pl\/wp-content\/uploads\/2025\/05\/Terminarz2025-1-630x891.png 630w, https:\/\/www.fpc.org.pl\/wp-content\/uploads\/2025\/05\/Terminarz2025-1.png 1587w\" sizes=\"(max-width: 724px) 100vw, 724px\" \/>\t\t\t\t\t\t\t\t\t\t\t\t\t\t\t\t\t\t\t\t\t\t\t\t<\/div>\n\t\t\t\t\t\t\t\t<\/div>\n\t\t\t\t<\/div>\n\t\t\t\t<\/div>\n\t\t\t\t<\/div>\n\t\t\t\t<\/div>","protected":false},"excerpt":{"rendered":"<p>We invite you to participate in the next edition of the International Reading Campaign in the Glade. The campaign is aimed at students, teachers, the local school community and the community outside of school. The campaign consists of organizing a reading event on one day chosen by the institution between May 5 and June 27, 2025, and its implementation takes place outdoors. However, in the event of unfavorable weather conditions...<\/p>","protected":false},"author":11,"featured_media":993826,"comment_status":"closed","ping_status":"open","sticky":false,"template":"","format":"standard","meta":{"_acf_changed":false,"give_campaign_id":0,"footnotes":""},"categories":[110],"tags":[135,96],"class_list":["post-993825","post","type-post","status-publish","format-standard","has-post-thumbnail","hentry","category-zapraszamy","tag-czytanie-na-polanie","tag-fundacja-powszechnego-czytania","odd"],"acf":[],"_links":{"self":[{"href":"https:\/\/www.fpc.org.pl\/eng\/wp-json\/wp\/v2\/posts\/993825","targetHints":{"allow":["GET"]}}],"collection":[{"href":"https:\/\/www.fpc.org.pl\/eng\/wp-json\/wp\/v2\/posts"}],"about":[{"href":"https:\/\/www.fpc.org.pl\/eng\/wp-json\/wp\/v2\/types\/post"}],"author":[{"embeddable":true,"href":"https:\/\/www.fpc.org.pl\/eng\/wp-json\/wp\/v2\/users\/11"}],"replies":[{"embeddable":true,"href":"https:\/\/www.fpc.org.pl\/eng\/wp-json\/wp\/v2\/comments?post=993825"}],"version-history":[{"count":16,"href":"https:\/\/www.fpc.org.pl\/eng\/wp-json\/wp\/v2\/posts\/993825\/revisions"}],"predecessor-version":[{"id":993846,"href":"https:\/\/www.fpc.org.pl\/eng\/wp-json\/wp\/v2\/posts\/993825\/revisions\/993846"}],"wp:featuredmedia":[{"embeddable":true,"href":"https:\/\/www.fpc.org.pl\/eng\/wp-json\/wp\/v2\/media\/993826"}],"wp:attachment":[{"href":"https:\/\/www.fpc.org.pl\/eng\/wp-json\/wp\/v2\/media?parent=993825"}],"wp:term":[{"taxonomy":"category","embeddable":true,"href":"https:\/\/www.fpc.org.pl\/eng\/wp-json\/wp\/v2\/categories?post=993825"},{"taxonomy":"post_tag","embeddable":true,"href":"https:\/\/www.fpc.org.pl\/eng\/wp-json\/wp\/v2\/tags?post=993825"}],"curies":[{"name":"wp","href":"https:\/\/api.w.org\/{rel}","templated":true}]}}