{"id":993044,"date":"2025-02-24T12:58:45","date_gmt":"2025-02-24T11:58:45","guid":{"rendered":"https:\/\/www.fpc.org.pl\/?p=993044"},"modified":"2025-02-24T13:10:31","modified_gmt":"2025-02-24T12:10:31","slug":"ksiazka-na-recepte-recepta-na-sukces-kolejna-konferencja-juz-w-kwietniu","status":"publish","type":"post","link":"https:\/\/www.fpc.org.pl\/eng\/ksiazka-na-recepte-recepta-na-sukces-kolejna-konferencja-juz-w-kwietniu\/","title":{"rendered":"Prescription Book. Recipe for Success \u2013 next conference in April"},"content":{"rendered":"<div data-elementor-type=\"wp-post\" data-elementor-id=\"993044\" class=\"elementor elementor-993044\" data-elementor-post-type=\"post\">\n\t\t\t\t<div class=\"elementor-element elementor-element-ca01a6f e-flex e-con-boxed e-con e-parent\" data-id=\"ca01a6f\" data-element_type=\"container\" data-e-type=\"container\">\n\t\t\t\t\t<div class=\"e-con-inner\">\n\t\t\t\t<div class=\"elementor-element elementor-element-3487237 elementor-widget elementor-widget-text-editor\" data-id=\"3487237\" data-element_type=\"widget\" data-e-type=\"widget\" data-widget_type=\"text-editor.default\">\n\t\t\t\t<div class=\"elementor-widget-container\">\n\t\t\t\t\t\t\t\t\t<p><strong>Book on Prescription<\/strong> is a project of the Universal Reading Foundation that includes supporting the reading habit among children in medical prevention. Its aim is to recommend daily reading to children, their parents and guardians by medical personnel.<\/p><p>This is to support the health and proper emotional and intellectual development of the youngest. Daily reading aloud to children and talking with them is an inalienable foundation for their emotional stability, social competence and intellectual development.<\/p><p>Introducing such a habit from birth yields tangible results! We want the level of mental health of Polish people to be better in 10 years' time, business and science to develop faster and our elites to be more visible!<\/p><p>We invite you to a conference devoted to the impact of reading on children&#039;s health and development, which will allow you to gain theoretical and practical knowledge in the field of recommending and promoting reading among patients and their caregivers.<\/p><p><strong><span style=\"text-decoration: underline;\">Deadline<\/span>: Friday, April 11<\/strong><\/p><p><strong><span style=\"text-decoration: underline;\">Place<\/span>: National Library<\/strong><\/p><p>One of the speakers at the event will be <strong>Paul Wise<\/strong>, professor of pediatrics in the Department of Neonatology and Developmental Medicine and Health Policy at Stanford University, whose work combines issues of equal access to health care with health policy and international security.\u00a0<\/p>\t\t\t\t\t\t\t\t<\/div>\n\t\t\t\t<\/div>\n\t\t\t\t\t<\/div>\n\t\t\t\t<\/div>\n\t\t<div class=\"elementor-element elementor-element-6c75750 e-con-full e-flex e-con e-parent\" data-id=\"6c75750\" data-element_type=\"container\" data-e-type=\"container\">\n\t\t<div class=\"elementor-element elementor-element-dbd8968 e-con-full e-flex e-con e-child\" data-id=\"dbd8968\" data-element_type=\"container\" data-e-type=\"container\">\n\t\t\t\t<div class=\"elementor-element elementor-element-863c368 elementor-widget elementor-widget-image\" data-id=\"863c368\" data-element_type=\"widget\" data-e-type=\"widget\" data-widget_type=\"image.default\">\n\t\t\t\t<div class=\"elementor-widget-container\">\n\t\t\t\t\t\t\t\t\t<div class=\"elementor-image\">\n\t\t\t\t\t\t\t\t\t\t\t\t\t\t\t\t\t\t\t\t\t<img fetchpriority=\"high\" decoding=\"async\" width=\"250\" height=\"250\" src=\"https:\/\/www.fpc.org.pl\/wp-content\/uploads\/2025\/02\/PaulWise.jpg\" class=\"attachment-large size-large wp-image-993048\" alt=\"zdj\u0119cie przedstawiaj\u0105ce portret Paula Wise&#039;a\" srcset=\"https:\/\/www.fpc.org.pl\/wp-content\/uploads\/2025\/02\/PaulWise.jpg 250w, https:\/\/www.fpc.org.pl\/wp-content\/uploads\/2025\/02\/PaulWise-150x150.jpg 150w, https:\/\/www.fpc.org.pl\/wp-content\/uploads\/2025\/02\/PaulWise-12x12.jpg 12w, https:\/\/www.fpc.org.pl\/wp-content\/uploads\/2025\/02\/PaulWise-96x96.jpg 96w\" sizes=\"(max-width: 250px) 100vw, 250px\" \/>\t\t\t\t\t\t\t\t\t\t\t\t\t\t\t\t\t\t\t\t\t\t\t\t<\/div>\n\t\t\t\t\t\t\t\t<\/div>\n\t\t\t\t<\/div>\n\t\t\t\t<\/div>\n\t\t<div class=\"elementor-element elementor-element-d07ef6c e-con-full e-flex e-con e-child\" data-id=\"d07ef6c\" data-element_type=\"container\" data-e-type=\"container\">\n\t\t\t\t<div class=\"elementor-element elementor-element-ee57637 elementor-widget__width-initial elementor-widget elementor-widget-text-editor\" data-id=\"ee57637\" data-element_type=\"widget\" data-e-type=\"widget\" data-widget_type=\"text-editor.default\">\n\t\t\t\t<div class=\"elementor-widget-container\">\n\t\t\t\t\t\t\t\t\t<p>Paul Wise&#039;s work connects health equity, health policy, and international security. He is the Richard E. Behrman Professor of Child Health and Society and Professor of Pediatrics in the Department of Neonatology and Developmental Medicine and Health Policy at Stanford University. He is co-director of the Stanford Center for Prematurity Research and a senior fellow in the Center on Democracy, Development, and the Rule of Law and the Center for International Security and Cooperation at the Freeman Spogli Institute for International Studies at Stanford University. He is a fellow of the American Academy of Arts and Sciences and has served as a Juvenile Welfare Observer for a U.S. federal court.<\/p>\t\t\t\t\t\t\t\t<\/div>\n\t\t\t\t<\/div>\n\t\t\t\t<\/div>\n\t\t\t\t<\/div>\n\t\t<div class=\"elementor-element elementor-element-66caf7c e-con-full e-flex e-con e-parent\" data-id=\"66caf7c\" data-element_type=\"container\" data-e-type=\"container\">\n\t\t\t\t<div class=\"elementor-element elementor-element-c2c3f60 elementor-widget elementor-widget-text-editor\" data-id=\"c2c3f60\" data-element_type=\"widget\" data-e-type=\"widget\" data-widget_type=\"text-editor.default\">\n\t\t\t\t<div class=\"elementor-widget-container\">\n\t\t\t\t\t\t\t\t\t<p>The conference is intended for family doctors, pediatricians, neonatologists, psychologists, and doctors of other specialties who work with children. Librarians and teachers of hospital schools can also participate in the event.<\/p><p>More information on the program website: <a href=\"https:\/\/www.ksiazkanarecepte.pl\/\" target=\"_blank\" rel=\"noopener\"><span style=\"text-decoration: underline;\"><strong>www.ksiazkanarecepte.pl<\/strong><\/span><\/a><\/p>\t\t\t\t\t\t\t\t<\/div>\n\t\t\t\t<\/div>\n\t\t\t\t<\/div>\n\t\t<div class=\"elementor-element elementor-element-7a2e363 e-con-full e-flex e-con e-parent\" data-id=\"7a2e363\" data-element_type=\"container\" data-e-type=\"container\">\n\t\t\t\t<div class=\"elementor-element elementor-element-32b2dd1 elementor-widget elementor-widget-image\" data-id=\"32b2dd1\" data-element_type=\"widget\" data-e-type=\"widget\" data-widget_type=\"image.default\">\n\t\t\t\t<div class=\"elementor-widget-container\">\n\t\t\t\t\t\t\t\t\t<div class=\"elementor-image\">\n\t\t\t\t\t\t\t\t\t\t\t\t\t\t\t\t\t\t\t\t\t<img decoding=\"async\" width=\"1000\" height=\"772\" src=\"https:\/\/www.fpc.org.pl\/wp-content\/uploads\/2025\/02\/KNR_STD3.jpg\" class=\"attachment-large size-large wp-image-993047\" alt=\"\" srcset=\"https:\/\/www.fpc.org.pl\/wp-content\/uploads\/2025\/02\/KNR_STD3.jpg 1000w, https:\/\/www.fpc.org.pl\/wp-content\/uploads\/2025\/02\/KNR_STD3-300x232.jpg 300w, https:\/\/www.fpc.org.pl\/wp-content\/uploads\/2025\/02\/KNR_STD3-768x593.jpg 768w, https:\/\/www.fpc.org.pl\/wp-content\/uploads\/2025\/02\/KNR_STD3-16x12.jpg 16w, https:\/\/www.fpc.org.pl\/wp-content\/uploads\/2025\/02\/KNR_STD3-630x486.jpg 630w\" sizes=\"(max-width: 1000px) 100vw, 1000px\" \/>\t\t\t\t\t\t\t\t\t\t\t\t\t\t\t\t\t\t\t\t\t\t\t\t<\/div>\n\t\t\t\t\t\t\t\t<\/div>\n\t\t\t\t<\/div>\n\t\t\t\t<\/div>\n\t\t\t\t<\/div>","protected":false},"excerpt":{"rendered":"<p>Ksi\u0105\u017cka na recept\u0119 to projekt Fundacji Powszechnego Czytania w\u0142\u0105czaj\u0105cy wspieranie nawyku czytania w\u015br\u00f3d dzieci w profilaktyk\u0119 medyczn\u0105. Jego za\u0142o\u017ceniem jest rekomendowanie codziennej lektury dzieciom, ich rodzicom i opiekunom przez personel medyczny. Ma to na celu wspieranie zdrowia i prawid\u0142owego rozwoju emocjonalnego i intelektualnego najm\u0142odszych. Codzienne g\u0142o\u015bne czytanie dzieciom oraz rozmowa z nimi, to niezbywalny fundament&#8230;<\/p>","protected":false},"author":11,"featured_media":993046,"comment_status":"closed","ping_status":"open","sticky":false,"template":"","format":"standard","meta":{"_acf_changed":false,"give_campaign_id":0,"footnotes":""},"categories":[113],"tags":[96,100],"class_list":["post-993044","post","type-post","status-publish","format-standard","has-post-thumbnail","hentry","category-wydarzenia","tag-fundacja-powszechnego-czytania","tag-ksiazka-na-recepte","odd"],"acf":[],"_links":{"self":[{"href":"https:\/\/www.fpc.org.pl\/eng\/wp-json\/wp\/v2\/posts\/993044","targetHints":{"allow":["GET"]}}],"collection":[{"href":"https:\/\/www.fpc.org.pl\/eng\/wp-json\/wp\/v2\/posts"}],"about":[{"href":"https:\/\/www.fpc.org.pl\/eng\/wp-json\/wp\/v2\/types\/post"}],"author":[{"embeddable":true,"href":"https:\/\/www.fpc.org.pl\/eng\/wp-json\/wp\/v2\/users\/11"}],"replies":[{"embeddable":true,"href":"https:\/\/www.fpc.org.pl\/eng\/wp-json\/wp\/v2\/comments?post=993044"}],"version-history":[{"count":18,"href":"https:\/\/www.fpc.org.pl\/eng\/wp-json\/wp\/v2\/posts\/993044\/revisions"}],"predecessor-version":[{"id":993066,"href":"https:\/\/www.fpc.org.pl\/eng\/wp-json\/wp\/v2\/posts\/993044\/revisions\/993066"}],"wp:featuredmedia":[{"embeddable":true,"href":"https:\/\/www.fpc.org.pl\/eng\/wp-json\/wp\/v2\/media\/993046"}],"wp:attachment":[{"href":"https:\/\/www.fpc.org.pl\/eng\/wp-json\/wp\/v2\/media?parent=993044"}],"wp:term":[{"taxonomy":"category","embeddable":true,"href":"https:\/\/www.fpc.org.pl\/eng\/wp-json\/wp\/v2\/categories?post=993044"},{"taxonomy":"post_tag","embeddable":true,"href":"https:\/\/www.fpc.org.pl\/eng\/wp-json\/wp\/v2\/tags?post=993044"}],"curies":[{"name":"wp","href":"https:\/\/api.w.org\/{rel}","templated":true}]}}