{"id":992161,"date":"2025-01-28T15:56:53","date_gmt":"2025-01-28T14:56:53","guid":{"rendered":"https:\/\/www.fpc.org.pl\/?p=992161"},"modified":"2025-01-28T17:14:31","modified_gmt":"2025-01-28T16:14:31","slug":"czytanierzadzi-w-domu-literatury-w-2025-roku-spotkanie-z-asa-lind","status":"publish","type":"post","link":"https:\/\/www.fpc.org.pl\/eng\/czytanierzadzi-w-domu-literatury-w-2025-roku-spotkanie-z-asa-lind\/","title":{"rendered":"#ReadingRules in the House of Literature in 2025, meeting with \u00c5sa Lind"},"content":{"rendered":"<div data-elementor-type=\"wp-post\" data-elementor-id=\"992161\" class=\"elementor elementor-992161\" data-elementor-post-type=\"post\">\n\t\t\t\t<div class=\"elementor-element elementor-element-ca01a6f e-flex e-con-boxed e-con e-parent\" data-id=\"ca01a6f\" data-element_type=\"container\" data-e-type=\"container\">\n\t\t\t\t\t<div class=\"e-con-inner\">\n\t\t\t\t<div class=\"elementor-element elementor-element-3487237 elementor-widget elementor-widget-text-editor\" data-id=\"3487237\" data-element_type=\"widget\" data-e-type=\"widget\" data-widget_type=\"text-editor.default\">\n\t\t\t\t<div class=\"elementor-widget-container\">\n\t\t\t\t\t\t\t\t\t<p>#CzytanieR\u017cdzi w Dom Literatury, a series of reading meetings for children with the most valued authors and illustrators of children&#039;s literature, returns in 2025.<\/p><p>We invite you to the first meeting this year, which opens the cyclical events. <strong>February 8<\/strong>. The guest will be a Swedish writer <strong>Asa Lind<\/strong>, author of &quot;Piaskowy Wilk&quot;, a favorite title of many children, which has become school reading. It is an extraordinary story about a little girl Karusia, presenting a world on the border between reality and children&#039;s fantasy.<\/p><p>Other well-known titles by the author include &quot;Grandma&#039;s Shawl&quot;, a poetic story that helps the youngest understand the topic of transience, and the story of Elika, who discovers the world and people through meetings and conversations, often intergenerational.<\/p><p>In her books, she tries to capture things that are seemingly elusive, she experiments with language, she tries to rediscover it. Because what can actually be expressed in words? How to &quot;write&quot; a color? How to &quot;tell&quot; a scent? Can you fit the cosmos into a book? \u00c5sa Lind wants to write books that don&#039;t lie and that you want to return to. Because a good book is one that you read over and over again, and preferably out loud.<\/p><p>\u00c5sa Lind is a member of the Swedish Academy of Children&#039;s Literature. She is actively involved in promoting good literature for children and young people, and conducts meetings and lectures in which she talks about the tangible benefits of reading books.<\/p><p>Zakamarki Publishing House in Poland has published her books: &quot;The Sand Wolf&quot;, &quot;The Sand Wolf and Thinking Exercises&quot; and &quot;The Sand Wolf and True Inventions&quot;, &quot;One, Two, Three, the Sand Wolf&quot;, &quot;The Elliki Tomson Expedition&quot; and &quot;Grandma&#039;s Shawl&quot;.<\/p><p>The meeting will be held with the participation of <strong>Agnieszka Str\u00f3\u017cyk<\/strong>, translator of the Swedish language, author of Polish translations of \u00c5sa Lind&#039;s books. <strong>We invite you to a separate meeting dedicated to Swedish children&#039;s literature, with her participation, on February 27th.<\/strong>. This event is intended for organized groups.<\/p>\t\t\t\t\t\t\t\t<\/div>\n\t\t\t\t<\/div>\n\t\t\t\t\t<\/div>\n\t\t\t\t<\/div>\n\t\t<div class=\"elementor-element elementor-element-0aea9b7 e-con-full e-flex e-con e-parent\" data-id=\"0aea9b7\" data-element_type=\"container\" data-e-type=\"container\">\n\t\t\t\t<div class=\"elementor-element elementor-element-df2a781 elementor-widget__width-initial elementor-widget elementor-widget-image\" data-id=\"df2a781\" data-element_type=\"widget\" data-e-type=\"widget\" data-widget_type=\"image.default\">\n\t\t\t\t<div class=\"elementor-widget-container\">\n\t\t\t\t\t\t\t\t\t<div class=\"elementor-image\">\n\t\t\t\t\t\t\t\t\t\t\t\t\t\t\t\t\t\t\t\t\t<img fetchpriority=\"high\" decoding=\"async\" width=\"1024\" height=\"768\" src=\"https:\/\/www.fpc.org.pl\/wp-content\/uploads\/2025\/01\/CR_wpis-1024x768.jpg\" class=\"attachment-large size-large wp-image-992193\" alt=\"\" srcset=\"https:\/\/www.fpc.org.pl\/wp-content\/uploads\/2025\/01\/CR_wpis-1024x768.jpg 1024w, https:\/\/www.fpc.org.pl\/wp-content\/uploads\/2025\/01\/CR_wpis-300x225.jpg 300w, https:\/\/www.fpc.org.pl\/wp-content\/uploads\/2025\/01\/CR_wpis-768x576.jpg 768w, https:\/\/www.fpc.org.pl\/wp-content\/uploads\/2025\/01\/CR_wpis-16x12.jpg 16w, https:\/\/www.fpc.org.pl\/wp-content\/uploads\/2025\/01\/CR_wpis-630x473.jpg 630w, https:\/\/www.fpc.org.pl\/wp-content\/uploads\/2025\/01\/CR_wpis.jpg 1200w\" sizes=\"(max-width: 1024px) 100vw, 1024px\" \/>\t\t\t\t\t\t\t\t\t\t\t\t\t\t\t\t\t\t\t\t\t\t\t\t<\/div>\n\t\t\t\t\t\t\t\t<\/div>\n\t\t\t\t<\/div>\n\t\t\t\t<div class=\"elementor-element elementor-element-3acde07 elementor-widget elementor-widget-text-editor\" data-id=\"3acde07\" data-element_type=\"widget\" data-e-type=\"widget\" data-widget_type=\"text-editor.default\">\n\t\t\t\t<div class=\"elementor-widget-container\">\n\t\t\t\t\t\t\t\t\t<p>The aim of the #CzytanieRz\u0105dzi series is to make children friends with books, promote good children&#039;s literature, both Polish and foreign, and encourage them to visit local public libraries.<\/p><p>The meeting program includes: reading excerpts and creative games around books, conversations about the work of the best authors and illustrators, autographs and photos with favorite authors.<\/p><p>Upcoming meetings:<br \/><strong>Saturday, February 8, 2:00-4:00 p.m.<\/strong><br \/><strong>Thursday, February 27, 2:00-4:00 p.m.<\/strong><\/p><p>Meeting place:<br \/><strong>The meeting will take place in the Auditorium of the House of Literature in Warsaw (ul. Krakowskie Przedmie\u015bcie 87\/89).<\/strong><\/p><p>The number of places is limited. <span style=\"text-decoration: underline;\">Participation is determined by the order of applications.<\/span><br \/>PARTICIPATION REGISTRATIONS: <strong>poranki@fpc.org.pl<\/strong><\/p><p>The organizer of the meeting is the Universal Reading Foundation and the \u015ar\u00f3dmie\u015bcie District of Warsaw. Partners of the events from the #CzytanieRz\u0105dzi series are the Foundation for the House of Literature and Creative Work Houses, the \u015awierszczyk Magazine for Children and the Zakamarki Publishing House.\u00a0<\/p><p>More about the #CzytanieRzadzi series and previous meetings, as well as current meeting dates are available on the project website: <a href=\"https:\/\/www.fpc.org.pl\/eng\/spotkania\/\">www.fpc.org.pl\/spotkania<\/a><\/p><p>\u00a0<\/p>\t\t\t\t\t\t\t\t<\/div>\n\t\t\t\t<\/div>\n\t\t\t\t<\/div>\n\t\t<div class=\"elementor-element elementor-element-d207c84 e-flex e-con-boxed e-con e-parent\" data-id=\"d207c84\" data-element_type=\"container\" data-e-type=\"container\">\n\t\t\t\t\t<div class=\"e-con-inner\">\n\t\t\t\t\t<\/div>\n\t\t\t\t<\/div>\n\t\t\t\t<\/div>","protected":false},"excerpt":{"rendered":"<p>#CzytanieRz\u0105dzi w Domu Literatury, czyli cykl spotka\u0144 czytelniczych dla dzieci z najbardziej cenionymi autorami i ilustratorami literatury dzieci\u0119cej powraca w 2025 roku. Na pierwsze w tym roku spotkanie, otwieraj\u0105ce cykliczne wydarzenia, zapraszamy ju\u017c 8 lutego. Go\u015bciem b\u0119dzie szwedzka pisarka \u00c5sa Lind, autorka \u201ePiaskowego Wilka\u201d, ulubionego tytu\u0142u wielu dzieci, kt\u00f3ry sta\u0142 si\u0119 lektur\u0105 szkoln\u0105. To niezwyk\u0142a&#8230;<\/p>","protected":false},"author":11,"featured_media":992163,"comment_status":"closed","ping_status":"open","sticky":false,"template":"","format":"standard","meta":{"_acf_changed":false,"give_campaign_id":0,"footnotes":""},"categories":[113,115,110],"tags":[104,96],"class_list":["post-992161","post","type-post","status-publish","format-standard","has-post-thumbnail","hentry","category-wydarzenia","category-polecamy","category-zapraszamy","tag-czytanie-rzadzi","tag-fundacja-powszechnego-czytania","odd"],"acf":[],"_links":{"self":[{"href":"https:\/\/www.fpc.org.pl\/eng\/wp-json\/wp\/v2\/posts\/992161","targetHints":{"allow":["GET"]}}],"collection":[{"href":"https:\/\/www.fpc.org.pl\/eng\/wp-json\/wp\/v2\/posts"}],"about":[{"href":"https:\/\/www.fpc.org.pl\/eng\/wp-json\/wp\/v2\/types\/post"}],"author":[{"embeddable":true,"href":"https:\/\/www.fpc.org.pl\/eng\/wp-json\/wp\/v2\/users\/11"}],"replies":[{"embeddable":true,"href":"https:\/\/www.fpc.org.pl\/eng\/wp-json\/wp\/v2\/comments?post=992161"}],"version-history":[{"count":27,"href":"https:\/\/www.fpc.org.pl\/eng\/wp-json\/wp\/v2\/posts\/992161\/revisions"}],"predecessor-version":[{"id":992196,"href":"https:\/\/www.fpc.org.pl\/eng\/wp-json\/wp\/v2\/posts\/992161\/revisions\/992196"}],"wp:featuredmedia":[{"embeddable":true,"href":"https:\/\/www.fpc.org.pl\/eng\/wp-json\/wp\/v2\/media\/992163"}],"wp:attachment":[{"href":"https:\/\/www.fpc.org.pl\/eng\/wp-json\/wp\/v2\/media?parent=992161"}],"wp:term":[{"taxonomy":"category","embeddable":true,"href":"https:\/\/www.fpc.org.pl\/eng\/wp-json\/wp\/v2\/categories?post=992161"},{"taxonomy":"post_tag","embeddable":true,"href":"https:\/\/www.fpc.org.pl\/eng\/wp-json\/wp\/v2\/tags?post=992161"}],"curies":[{"name":"wp","href":"https:\/\/api.w.org\/{rel}","templated":true}]}}