{"id":990826,"date":"2024-11-26T16:04:51","date_gmt":"2024-11-26T15:04:51","guid":{"rendered":"https:\/\/www.fpc.org.pl\/?p=990826"},"modified":"2025-01-22T15:08:50","modified_gmt":"2025-01-22T14:08:50","slug":"gala-konkursu-ksiazka-roku-polskiej-sekcji-ibby","status":"publish","type":"post","link":"https:\/\/www.fpc.org.pl\/eng\/gala-konkursu-ksiazka-roku-polskiej-sekcji-ibby\/","title":{"rendered":"Gala of the Book of the Year Competition of the Polish Section of IBBY"},"content":{"rendered":"<div data-elementor-type=\"wp-post\" data-elementor-id=\"990826\" class=\"elementor elementor-990826\" data-elementor-post-type=\"post\">\n\t\t\t\t<div class=\"elementor-element elementor-element-ca01a6f e-flex e-con-boxed e-con e-parent\" data-id=\"ca01a6f\" data-element_type=\"container\" data-e-type=\"container\">\n\t\t\t\t\t<div class=\"e-con-inner\">\n\t\t\t\t<div class=\"elementor-element elementor-element-3487237 elementor-widget elementor-widget-text-editor\" data-id=\"3487237\" data-element_type=\"widget\" data-e-type=\"widget\" data-widget_type=\"text-editor.default\">\n\t\t\t\t<div class=\"elementor-widget-container\">\n\t\t\t\t\t\t\t\t\t<p>This year, flooding in southern Poland destroyed homes and infrastructure, and with them our shared cultural and educational centers. Home libraries were lost, but so were public collections.<\/p><p>Many libraries, schools, kindergartens and community centers were flooded, and thousands of books and teaching materials were destroyed. That is why the Universal Reading Foundation took action to help the affected institutions and rebuild their collections, as part of the #Ksi\u0105\u017ckaChroni campaign.<\/p><p>Thanks to the publishers Dwie Siostry, HarperCollins, DEBIT, Mamania and Nowa Era and the distributor Platon, as well as all the donors who supported our fundraising (<a href=\"https:\/\/zrzutka.pl\/z\/pomagamybibliotekom\" target=\"_blank\" rel=\"noopener\">https:\/\/zrzutka.pl\/z\/pomagamybibliotekom<\/a>) we have collected books that will be sent in prepared packages to places \u2013 libraries, schools, kindergartens, community centers and other centers affected by the flood.<\/p><p>Institutions interested in receiving book packages are asked to contact: monika.skora@fpc.org.pl<\/p><p>Long-term support is key to rebuilding, we encourage you to support FPC\u2019s activities at:\u00a0<a href=\"https:\/\/zrzutka.pl\/z\/pomagamybibliotekom\" target=\"_blank\" rel=\"noopener\">https:\/\/zrzutka.pl\/z\/pomagamybibliotekom<\/a><\/p><p>Thank you to our Donors! Books were donated as part of the aid campaign by:<\/p>\t\t\t\t\t\t\t\t<\/div>\n\t\t\t\t<\/div>\n\t\t\t\t<div class=\"elementor-element elementor-element-cc7deb5 elementor-widget elementor-widget-image\" data-id=\"cc7deb5\" data-element_type=\"widget\" data-e-type=\"widget\" data-widget_type=\"image.default\">\n\t\t\t\t<div class=\"elementor-widget-container\">\n\t\t\t\t\t\t\t\t\t<div class=\"elementor-image\">\n\t\t\t\t\t\t\t\t\t\t\t\t\t\t\t\t\t\t\t\t\t<img fetchpriority=\"high\" decoding=\"async\" width=\"1024\" height=\"240\" src=\"https:\/\/www.fpc.org.pl\/wp-content\/uploads\/2024\/11\/ksiazki_biblioteki_darczyncy-1024x240.jpg\" class=\"attachment-large size-large wp-image-990822\" alt=\"\" srcset=\"https:\/\/www.fpc.org.pl\/wp-content\/uploads\/2024\/11\/ksiazki_biblioteki_darczyncy-1024x240.jpg 1024w, https:\/\/www.fpc.org.pl\/wp-content\/uploads\/2024\/11\/ksiazki_biblioteki_darczyncy-300x70.jpg 300w, https:\/\/www.fpc.org.pl\/wp-content\/uploads\/2024\/11\/ksiazki_biblioteki_darczyncy-768x180.jpg 768w, https:\/\/www.fpc.org.pl\/wp-content\/uploads\/2024\/11\/ksiazki_biblioteki_darczyncy-1536x359.jpg 1536w, https:\/\/www.fpc.org.pl\/wp-content\/uploads\/2024\/11\/ksiazki_biblioteki_darczyncy-18x4.jpg 18w, https:\/\/www.fpc.org.pl\/wp-content\/uploads\/2024\/11\/ksiazki_biblioteki_darczyncy-1260x295.jpg 1260w, https:\/\/www.fpc.org.pl\/wp-content\/uploads\/2024\/11\/ksiazki_biblioteki_darczyncy-630x147.jpg 630w, https:\/\/www.fpc.org.pl\/wp-content\/uploads\/2024\/11\/ksiazki_biblioteki_darczyncy.jpg 2048w\" sizes=\"(max-width: 1024px) 100vw, 1024px\" \/>\t\t\t\t\t\t\t\t\t\t\t\t\t\t\t\t\t\t\t\t\t\t\t\t<\/div>\n\t\t\t\t\t\t\t\t<\/div>\n\t\t\t\t<\/div>\n\t\t\t\t\t<\/div>\n\t\t\t\t<\/div>\n\t\t<div class=\"elementor-element elementor-element-0aea9b7 e-flex e-con-boxed e-con e-parent\" data-id=\"0aea9b7\" data-element_type=\"container\" data-e-type=\"container\">\n\t\t\t\t\t<div class=\"e-con-inner\">\n\t\t\t\t\t<\/div>\n\t\t\t\t<\/div>\n\t\t\t\t<\/div>","protected":false},"excerpt":{"rendered":"<p>W tym roku pow\u00f3d\u017a na po\u0142udniu Polski zniszczy\u0142a domy i infrastruktur\u0119, a wraz z nimi nasze wsp\u00f3lne centra kultury i edukacji. Utracono domowe biblioteczki, ale i publiczne zbiory. Wiele bibliotek, szk\u00f3\u0142, przedszkoli i \u015bwietlic zosta\u0142o zalanych, a tysi\u0105ce ksi\u0105\u017cek i materia\u0142\u00f3w dydaktycznych uleg\u0142o zniszczeniu. Dlatego Fundacja Powszechnego Czytania podj\u0119\u0142a dzia\u0142ania na rzecz poszkodowanych plac\u00f3wek oraz&#8230;<\/p>","protected":false},"author":9,"featured_media":990828,"comment_status":"closed","ping_status":"open","sticky":false,"template":"","format":"standard","meta":{"_acf_changed":false,"give_campaign_id":0,"footnotes":""},"categories":[1],"tags":[],"class_list":["post-990826","post","type-post","status-publish","format-standard","has-post-thumbnail","hentry","category-bez-kategorii","odd"],"acf":[],"_links":{"self":[{"href":"https:\/\/www.fpc.org.pl\/eng\/wp-json\/wp\/v2\/posts\/990826","targetHints":{"allow":["GET"]}}],"collection":[{"href":"https:\/\/www.fpc.org.pl\/eng\/wp-json\/wp\/v2\/posts"}],"about":[{"href":"https:\/\/www.fpc.org.pl\/eng\/wp-json\/wp\/v2\/types\/post"}],"author":[{"embeddable":true,"href":"https:\/\/www.fpc.org.pl\/eng\/wp-json\/wp\/v2\/users\/9"}],"replies":[{"embeddable":true,"href":"https:\/\/www.fpc.org.pl\/eng\/wp-json\/wp\/v2\/comments?post=990826"}],"version-history":[{"count":8,"href":"https:\/\/www.fpc.org.pl\/eng\/wp-json\/wp\/v2\/posts\/990826\/revisions"}],"predecessor-version":[{"id":991876,"href":"https:\/\/www.fpc.org.pl\/eng\/wp-json\/wp\/v2\/posts\/990826\/revisions\/991876"}],"wp:featuredmedia":[{"embeddable":true,"href":"https:\/\/www.fpc.org.pl\/eng\/wp-json\/wp\/v2\/media\/990828"}],"wp:attachment":[{"href":"https:\/\/www.fpc.org.pl\/eng\/wp-json\/wp\/v2\/media?parent=990826"}],"wp:term":[{"taxonomy":"category","embeddable":true,"href":"https:\/\/www.fpc.org.pl\/eng\/wp-json\/wp\/v2\/categories?post=990826"},{"taxonomy":"post_tag","embeddable":true,"href":"https:\/\/www.fpc.org.pl\/eng\/wp-json\/wp\/v2\/tags?post=990826"}],"curies":[{"name":"wp","href":"https:\/\/api.w.org\/{rel}","templated":true}]}}