{"id":990808,"date":"2024-11-21T15:56:24","date_gmt":"2024-11-21T14:56:24","guid":{"rendered":"https:\/\/www.fpc.org.pl\/?p=990808"},"modified":"2024-11-27T16:01:30","modified_gmt":"2024-11-27T15:01:30","slug":"fundacja-powszechnego-czytania-czlonkiem-rady-dzialalnosci-pozytku-publicznego","status":"publish","type":"post","link":"https:\/\/www.fpc.org.pl\/eng\/fundacja-powszechnego-czytania-czlonkiem-rady-dzialalnosci-pozytku-publicznego\/","title":{"rendered":"The Universal Reading Foundation is a member of the Public Benefit Activities Council"},"content":{"rendered":"<div data-elementor-type=\"wp-post\" data-elementor-id=\"990808\" class=\"elementor elementor-990808\" data-elementor-post-type=\"post\">\n\t\t\t\t<div class=\"elementor-element elementor-element-ca01a6f e-flex e-con-boxed e-con e-parent\" data-id=\"ca01a6f\" data-element_type=\"container\" data-e-type=\"container\">\n\t\t\t\t\t<div class=\"e-con-inner\">\n\t\t\t\t<div class=\"elementor-element elementor-element-3487237 elementor-widget elementor-widget-text-editor\" data-id=\"3487237\" data-element_type=\"widget\" data-e-type=\"widget\" data-widget_type=\"text-editor.default\">\n\t\t\t\t<div class=\"elementor-widget-container\">\n\t\t\t\t\t\t\t\t\t<p>At the invitation of Adriana Porowska, Deputy Mayor of Warsaw, Minister for Civil Society and Chairwoman of the Public Benefit Committee, President of the Powszechnego Czytania Foundation, Maria Deskur joined the group of members of the Public Benefit Activities Council.<\/p><p>The aim of the Universal Reading Foundation will be to work towards increased civic participation, of which reading is an incredibly effective (proven) foundation. It is very important that the subject of reading in this context can be heard at the appropriate level. This is consistent with the goals of the #Czytuj\u0105caPolska coalition, whose work is coordinated by, among others, FPC. The idea behind this project is becoming more and more real and visible.<br \/><br \/>FPC congratulates all other members and looks forward to working together. It is a great honor to be able to share our knowledge and ideas developed in this group for the development of reading in Poland, for the good of citizens.<\/p>\t\t\t\t\t\t\t\t<\/div>\n\t\t\t\t<\/div>\n\t\t\t\t<div class=\"elementor-element elementor-element-ed57b80 elementor-widget elementor-widget-gallery\" data-id=\"ed57b80\" data-element_type=\"widget\" data-e-type=\"widget\" data-settings=\"{&quot;lazyload&quot;:&quot;yes&quot;,&quot;gallery_layout&quot;:&quot;grid&quot;,&quot;columns&quot;:4,&quot;columns_tablet&quot;:2,&quot;columns_mobile&quot;:1,&quot;gap&quot;:{&quot;unit&quot;:&quot;px&quot;,&quot;size&quot;:10,&quot;sizes&quot;:[]},&quot;gap_tablet&quot;:{&quot;unit&quot;:&quot;px&quot;,&quot;size&quot;:10,&quot;sizes&quot;:[]},&quot;gap_mobile&quot;:{&quot;unit&quot;:&quot;px&quot;,&quot;size&quot;:10,&quot;sizes&quot;:[]},&quot;link_to&quot;:&quot;file&quot;,&quot;aspect_ratio&quot;:&quot;3:2&quot;,&quot;overlay_background&quot;:&quot;yes&quot;,&quot;content_hover_animation&quot;:&quot;fade-in&quot;}\" data-widget_type=\"gallery.default\">\n\t\t\t\t<div class=\"elementor-widget-container\">\n\t\t\t\t\t\t\t<div class=\"elementor-gallery__container\">\n\t\t\t\t\t\t\t<a class=\"e-gallery-item elementor-gallery-item elementor-animated-content\" href=\"https:\/\/www.fpc.org.pl\/wp-content\/uploads\/2024\/11\/3-scaled.jpg\" data-elementor-open-lightbox=\"yes\" data-elementor-lightbox-slideshow=\"ed57b80\" data-elementor-lightbox-title=\"3\" data-e-action-hash=\"#elementor-action%3Aaction%3Dlightbox%26settings%3DeyJpZCI6OTkwODExLCJ1cmwiOiJodHRwczpcL1wvd3d3LmZwYy5vcmcucGxcL3dwLWNvbnRlbnRcL3VwbG9hZHNcLzIwMjRcLzExXC8zLXNjYWxlZC5qcGciLCJzbGlkZXNob3ciOiJlZDU3YjgwIn0%3D\">\n\t\t\t\t\t<div class=\"e-gallery-image elementor-gallery-item__image\" data-thumbnail=\"https:\/\/www.fpc.org.pl\/wp-content\/uploads\/2024\/11\/3-300x200.jpg\" data-width=\"300\" data-height=\"200\" aria-label=\"\" role=\"img\" ><\/div>\n\t\t\t\t\t\t\t\t\t\t\t<div class=\"elementor-gallery-item__overlay\"><\/div>\n\t\t\t\t\t\t\t\t\t\t\t\t\t\t<\/a>\n\t\t\t\t\t\t\t<a class=\"e-gallery-item elementor-gallery-item elementor-animated-content\" href=\"https:\/\/www.fpc.org.pl\/wp-content\/uploads\/2024\/11\/4-scaled.jpg\" data-elementor-open-lightbox=\"yes\" data-elementor-lightbox-slideshow=\"ed57b80\" data-elementor-lightbox-title=\"4\" data-e-action-hash=\"#elementor-action%3Aaction%3Dlightbox%26settings%3DeyJpZCI6OTkwODEzLCJ1cmwiOiJodHRwczpcL1wvd3d3LmZwYy5vcmcucGxcL3dwLWNvbnRlbnRcL3VwbG9hZHNcLzIwMjRcLzExXC80LXNjYWxlZC5qcGciLCJzbGlkZXNob3ciOiJlZDU3YjgwIn0%3D\">\n\t\t\t\t\t<div class=\"e-gallery-image elementor-gallery-item__image\" data-thumbnail=\"https:\/\/www.fpc.org.pl\/wp-content\/uploads\/2024\/11\/4-300x200.jpg\" data-width=\"300\" data-height=\"200\" aria-label=\"\" role=\"img\" ><\/div>\n\t\t\t\t\t\t\t\t\t\t\t<div class=\"elementor-gallery-item__overlay\"><\/div>\n\t\t\t\t\t\t\t\t\t\t\t\t\t\t<\/a>\n\t\t\t\t\t\t\t<a class=\"e-gallery-item elementor-gallery-item elementor-animated-content\" href=\"https:\/\/www.fpc.org.pl\/wp-content\/uploads\/2024\/11\/5-scaled.jpg\" data-elementor-open-lightbox=\"yes\" data-elementor-lightbox-slideshow=\"ed57b80\" data-elementor-lightbox-title=\"5\" data-e-action-hash=\"#elementor-action%3Aaction%3Dlightbox%26settings%3DeyJpZCI6OTkwODE0LCJ1cmwiOiJodHRwczpcL1wvd3d3LmZwYy5vcmcucGxcL3dwLWNvbnRlbnRcL3VwbG9hZHNcLzIwMjRcLzExXC81LXNjYWxlZC5qcGciLCJzbGlkZXNob3ciOiJlZDU3YjgwIn0%3D\">\n\t\t\t\t\t<div class=\"e-gallery-image elementor-gallery-item__image\" data-thumbnail=\"https:\/\/www.fpc.org.pl\/wp-content\/uploads\/2024\/11\/5-300x200.jpg\" data-width=\"300\" data-height=\"200\" aria-label=\"\" role=\"img\" ><\/div>\n\t\t\t\t\t\t\t\t\t\t\t<div class=\"elementor-gallery-item__overlay\"><\/div>\n\t\t\t\t\t\t\t\t\t\t\t\t\t\t<\/a>\n\t\t\t\t\t\t\t<a class=\"e-gallery-item elementor-gallery-item elementor-animated-content\" href=\"https:\/\/www.fpc.org.pl\/wp-content\/uploads\/2024\/11\/2.jpg\" data-elementor-open-lightbox=\"yes\" data-elementor-lightbox-slideshow=\"ed57b80\" data-elementor-lightbox-title=\"2\" data-e-action-hash=\"#elementor-action%3Aaction%3Dlightbox%26settings%3DeyJpZCI6OTkwODE1LCJ1cmwiOiJodHRwczpcL1wvd3d3LmZwYy5vcmcucGxcL3dwLWNvbnRlbnRcL3VwbG9hZHNcLzIwMjRcLzExXC8yLmpwZyIsInNsaWRlc2hvdyI6ImVkNTdiODAifQ%3D%3D\">\n\t\t\t\t\t<div class=\"e-gallery-image elementor-gallery-item__image\" data-thumbnail=\"https:\/\/www.fpc.org.pl\/wp-content\/uploads\/2024\/11\/2-282x300.jpg\" data-width=\"282\" data-height=\"300\" aria-label=\"\" role=\"img\" ><\/div>\n\t\t\t\t\t\t\t\t\t\t\t<div class=\"elementor-gallery-item__overlay\"><\/div>\n\t\t\t\t\t\t\t\t\t\t\t\t\t\t<\/a>\n\t\t\t\t\t<\/div>\n\t\t\t\t\t<\/div>\n\t\t\t\t<\/div>\n\t\t\t\t\t<\/div>\n\t\t\t\t<\/div>\n\t\t<div class=\"elementor-element elementor-element-0aea9b7 e-flex e-con-boxed e-con e-parent\" data-id=\"0aea9b7\" data-element_type=\"container\" data-e-type=\"container\">\n\t\t\t\t\t<div class=\"e-con-inner\">\n\t\t\t\t\t<\/div>\n\t\t\t\t<\/div>\n\t\t\t\t<\/div>","protected":false},"excerpt":{"rendered":"<p>Na zaproszenie Adriany Porowskiej, wiceprezydent m.st.\u00a0Warszawy, ministry\u00a0do spraw spo\u0142ecze\u0144stwa obywatelskiego oraz przewodnicz\u0105cej\u00a0Komitetu do spraw Po\u017cytku Publicznego prezeska Fundacji Powszechnego Czytania, Maria Deskur do\u0142\u0105czy\u0142a do grona cz\u0142onk\u00f3w i cz\u0142onki\u0144 Radu Dzia\u0142alno\u015bci Po\u017cytku Publicznego. Celem Fundacji Powszechnego Czytania b\u0119dzie dzia\u0142anie na rzecz zwi\u0119kszonej partycypacji obywatelskiej, kt\u00f3rej czytelnictwo jest nies\u0142ychanie skutecznym (udowodnionym) fundamentem. Bardzo istotne jest, aby temat&#8230;<\/p>","protected":false},"author":9,"featured_media":990809,"comment_status":"closed","ping_status":"open","sticky":false,"template":"","format":"standard","meta":{"_acf_changed":false,"give_campaign_id":0,"footnotes":""},"categories":[1],"tags":[],"class_list":["post-990808","post","type-post","status-publish","format-standard","has-post-thumbnail","hentry","category-bez-kategorii","odd"],"acf":[],"_links":{"self":[{"href":"https:\/\/www.fpc.org.pl\/eng\/wp-json\/wp\/v2\/posts\/990808","targetHints":{"allow":["GET"]}}],"collection":[{"href":"https:\/\/www.fpc.org.pl\/eng\/wp-json\/wp\/v2\/posts"}],"about":[{"href":"https:\/\/www.fpc.org.pl\/eng\/wp-json\/wp\/v2\/types\/post"}],"author":[{"embeddable":true,"href":"https:\/\/www.fpc.org.pl\/eng\/wp-json\/wp\/v2\/users\/9"}],"replies":[{"embeddable":true,"href":"https:\/\/www.fpc.org.pl\/eng\/wp-json\/wp\/v2\/comments?post=990808"}],"version-history":[{"count":4,"href":"https:\/\/www.fpc.org.pl\/eng\/wp-json\/wp\/v2\/posts\/990808\/revisions"}],"predecessor-version":[{"id":990818,"href":"https:\/\/www.fpc.org.pl\/eng\/wp-json\/wp\/v2\/posts\/990808\/revisions\/990818"}],"wp:featuredmedia":[{"embeddable":true,"href":"https:\/\/www.fpc.org.pl\/eng\/wp-json\/wp\/v2\/media\/990809"}],"wp:attachment":[{"href":"https:\/\/www.fpc.org.pl\/eng\/wp-json\/wp\/v2\/media?parent=990808"}],"wp:term":[{"taxonomy":"category","embeddable":true,"href":"https:\/\/www.fpc.org.pl\/eng\/wp-json\/wp\/v2\/categories?post=990808"},{"taxonomy":"post_tag","embeddable":true,"href":"https:\/\/www.fpc.org.pl\/eng\/wp-json\/wp\/v2\/tags?post=990808"}],"curies":[{"name":"wp","href":"https:\/\/api.w.org\/{rel}","templated":true}]}}