{"id":990792,"date":"2024-11-14T15:49:35","date_gmt":"2024-11-14T14:49:35","guid":{"rendered":"https:\/\/www.fpc.org.pl\/?p=990792"},"modified":"2024-11-27T15:51:45","modified_gmt":"2024-11-27T14:51:45","slug":"astrid_lindgren_memorial_award","status":"publish","type":"post","link":"https:\/\/www.fpc.org.pl\/eng\/astrid_lindgren_memorial_award\/","title":{"rendered":"The Universal Reading Foundation among candidates for the Astrid Lindgren Memorial Award (ALMA) 2025"},"content":{"rendered":"<div data-elementor-type=\"wp-post\" data-elementor-id=\"990792\" class=\"elementor elementor-990792\" data-elementor-post-type=\"post\">\n\t\t\t\t<div class=\"elementor-element elementor-element-ca01a6f e-flex e-con-boxed e-con e-parent\" data-id=\"ca01a6f\" data-element_type=\"container\" data-e-type=\"container\">\n\t\t\t\t\t<div class=\"e-con-inner\">\n\t\t\t\t<div class=\"elementor-element elementor-element-3487237 elementor-widget elementor-widget-text-editor\" data-id=\"3487237\" data-element_type=\"widget\" data-e-type=\"widget\" data-widget_type=\"text-editor.default\">\n\t\t\t\t<div class=\"elementor-widget-container\">\n\t\t\t\t\t\t\t\t\t<p>This year marks the 117th anniversary of the birth of Astrid Lindgren, an author whose books continue to inspire reading in many children to this day. It is in her honor that the international children&#039;s literature award, the Astrid Lindgren Literary Award, is given.<\/p>\n<p>This award primarily highlights the importance of reading for current and future generations. It was created in 2002 by the Swedish government to promote every child&#039;s right to read!<\/p>\n<p>We are delighted to announce that the Universal Reading Foundation has been nominated for the Astrid Lindgren Memorial Award 2025!<\/p>\n<p>It is a great honor to be among the nominees from all over the world, the best promoters of reading! Among the distinguished from Poland are also the wonderful: Ca\u0142a Polska Czyta Dzieciom, J\u00f3zef Wilko\u0144 and Iwona Chmielewska. We are glad that we can be among this excellent group, and all thanks to Tone Larssen Rogne on behalf of the organization IFLA Libraries for Children and Young Adults Section<strong>,\u00a0<\/strong>who nominated the Foundation! Thank you very much!<\/p>\n<p>It is great news that FPC&#039;s activities for the idea of universal reading, combating reading exclusion and including everyone in the culture of books have been appreciated. The Foundation congratulates all co-nominees. It is wonderful that so many people from distant countries are united by a common mission. It is an honor to be noticed alongside such large organizations as Dolly Parton&#039;s Imagination Library or the Global Network for Early Years - Book Gifting, which is part of #EURead.<\/p>\n<p>The results will be announced on April 1, 2025. The Universal Reading Foundation works to promote reading every day, among everyone, starting from childhood. Children&#039;s literature is the first step to being a reader!<\/p>\n<p>You can read more about the award at:\u00a0<a href=\"https:\/\/alma.se\/en\" target=\"_blank\" rel=\"noopener\">Astrid Lindgren Memorial Award<\/a><\/p>\n<p>List of nominees:\u00a0<a href=\"https:\/\/alma.se\/en\/nomination\/candidates\/nominated-candidates-2025\/\" target=\"_blank\" rel=\"noopener\">Nominated candidates 2025<\/a><\/p>\t\t\t\t\t\t\t\t<\/div>\n\t\t\t\t<\/div>\n\t\t\t\t\t<\/div>\n\t\t\t\t<\/div>\n\t\t<div class=\"elementor-element elementor-element-0aea9b7 e-flex e-con-boxed e-con e-parent\" data-id=\"0aea9b7\" data-element_type=\"container\" data-e-type=\"container\">\n\t\t\t\t\t<div class=\"e-con-inner\">\n\t\t\t\t\t<\/div>\n\t\t\t\t<\/div>\n\t\t\t\t<\/div>","protected":false},"excerpt":{"rendered":"<p>W tym roku przypada 117 rocznica urodzin Astrid Lindgren, autorki, kt\u00f3rej ksi\u0105\u017cki do dzi\u015b, niezmiennie rozbudzaj\u0105 zainteresowania czytelnicze wielu dzieci. To w\u0142a\u015bnie na jej cze\u015b\u0107 przyznawana jest nagroda mi\u0119dzynarodowej literatury dzieci\u0119cej, Nagroda Literacka im. Astrid Lindgren. To nagroda, kt\u00f3ra przede wszystkim podkre\u015bla znaczenie czytania dla obecnych, ale i przysz\u0142ych pokole\u0144. Zosta\u0142a utworzona w 2002 roku&#8230;<\/p>","protected":false},"author":9,"featured_media":990793,"comment_status":"closed","ping_status":"open","sticky":false,"template":"","format":"standard","meta":{"_acf_changed":false,"give_campaign_id":0,"footnotes":""},"categories":[1],"tags":[],"class_list":["post-990792","post","type-post","status-publish","format-standard","has-post-thumbnail","hentry","category-bez-kategorii","odd"],"acf":[],"_links":{"self":[{"href":"https:\/\/www.fpc.org.pl\/eng\/wp-json\/wp\/v2\/posts\/990792","targetHints":{"allow":["GET"]}}],"collection":[{"href":"https:\/\/www.fpc.org.pl\/eng\/wp-json\/wp\/v2\/posts"}],"about":[{"href":"https:\/\/www.fpc.org.pl\/eng\/wp-json\/wp\/v2\/types\/post"}],"author":[{"embeddable":true,"href":"https:\/\/www.fpc.org.pl\/eng\/wp-json\/wp\/v2\/users\/9"}],"replies":[{"embeddable":true,"href":"https:\/\/www.fpc.org.pl\/eng\/wp-json\/wp\/v2\/comments?post=990792"}],"version-history":[{"count":4,"href":"https:\/\/www.fpc.org.pl\/eng\/wp-json\/wp\/v2\/posts\/990792\/revisions"}],"predecessor-version":[{"id":990800,"href":"https:\/\/www.fpc.org.pl\/eng\/wp-json\/wp\/v2\/posts\/990792\/revisions\/990800"}],"wp:featuredmedia":[{"embeddable":true,"href":"https:\/\/www.fpc.org.pl\/eng\/wp-json\/wp\/v2\/media\/990793"}],"wp:attachment":[{"href":"https:\/\/www.fpc.org.pl\/eng\/wp-json\/wp\/v2\/media?parent=990792"}],"wp:term":[{"taxonomy":"category","embeddable":true,"href":"https:\/\/www.fpc.org.pl\/eng\/wp-json\/wp\/v2\/categories?post=990792"},{"taxonomy":"post_tag","embeddable":true,"href":"https:\/\/www.fpc.org.pl\/eng\/wp-json\/wp\/v2\/tags?post=990792"}],"curies":[{"name":"wp","href":"https:\/\/api.w.org\/{rel}","templated":true}]}}