{"id":990737,"date":"2024-11-07T15:22:47","date_gmt":"2024-11-07T14:22:47","guid":{"rendered":"https:\/\/www.fpc.org.pl\/?p=990737"},"modified":"2024-11-27T15:30:29","modified_gmt":"2024-11-27T14:30:29","slug":"ksiazka-mocne-wsparcie-final-projektu-miejskiej-biblioteki-publicznej-w-jaworznie","status":"publish","type":"post","link":"https:\/\/www.fpc.org.pl\/eng\/ksiazka-mocne-wsparcie-final-projektu-miejskiej-biblioteki-publicznej-w-jaworznie\/","title":{"rendered":"BOOK \u2013 STRONG SUPPORT, the finale of the project of the Municipal Public Library in Jaworzno"},"content":{"rendered":"<div data-elementor-type=\"wp-post\" data-elementor-id=\"990737\" class=\"elementor elementor-990737\" data-elementor-post-type=\"post\">\n\t\t\t\t<div class=\"elementor-element elementor-element-ca01a6f e-flex e-con-boxed e-con e-parent\" data-id=\"ca01a6f\" data-element_type=\"container\" data-e-type=\"container\">\n\t\t\t\t\t<div class=\"e-con-inner\">\n\t\t\t\t<div class=\"elementor-element elementor-element-3487237 elementor-widget elementor-widget-text-editor\" data-id=\"3487237\" data-element_type=\"widget\" data-e-type=\"widget\" data-widget_type=\"text-editor.default\">\n\t\t\t\t<div class=\"elementor-widget-container\">\n\t\t\t\t\t\t\t\t\t<p>We cordially invite you to the final events of the BOOK \u2013 STRONG SUPPORT project, implemented by the Municipal Public Library in Jaworzno, under the patronage of the Universal Reading Foundation.<\/p>\n<p>The first part will take place on November 8th, with the participation of\u00a0<strong>preventive Curtain Theatre<\/strong>.<br \/>Children, young people and anyone interested will be able to see two performances that touch on the problems faced by young people: &quot;Two Poles&quot; and &quot;Light at the End of the Tunnel&quot;. Each performance will be followed by a short discussion.<\/p>\n<p>On November 13, the event will feature\u00a0<strong>Professor Bogdan de Barbaro<\/strong>, a well-known psychiatrist and psychotherapist in our country, who will deliver a one and a half hour lecture entitled &quot;I HELP \u2013 I KNOW THE METHODS&quot;.<\/p>\n<p>The FINALE will be accompanied by a SUPPORTING BOOK EXHIBITION.<\/p>\n<p>Dates:<br \/>Curtain Preventive Theatre<br \/>November 8: 8:30 AM, &quot;Two Poles&quot;, 9:45 AM, &quot;Light at the End of the Tunnel&quot;.<br \/>November 13: 4:30 p.m., lecture by Prof. Bogdan de Barbaro entitled \u201cI HELP \u2013 I KNOW THE METHODS\u201d. Tickets for the lecture can be collected from November 5 at the Main Library, ground floor, PIT.<\/p>\n<p>All final events will be held at the Main Library, Rynek G\u0142\u00f3wny 17, Jaworzno.<\/p>\n<p>The BOOK \u2013 STRONG SUPPORT project was co-financed by the Minister of Culture and National Heritage from the Culture Promotion Fund.<\/p>\n<p>The project partners are the Universal Reading Foundation and the Reading Rescuers program.<\/p>\t\t\t\t\t\t\t\t<\/div>\n\t\t\t\t<\/div>\n\t\t\t\t<div class=\"elementor-element elementor-element-d566a6b elementor-widget elementor-widget-gallery\" data-id=\"d566a6b\" data-element_type=\"widget\" data-e-type=\"widget\" data-settings=\"{&quot;lazyload&quot;:&quot;yes&quot;,&quot;gallery_layout&quot;:&quot;grid&quot;,&quot;columns&quot;:4,&quot;columns_tablet&quot;:2,&quot;columns_mobile&quot;:1,&quot;gap&quot;:{&quot;unit&quot;:&quot;px&quot;,&quot;size&quot;:10,&quot;sizes&quot;:[]},&quot;gap_tablet&quot;:{&quot;unit&quot;:&quot;px&quot;,&quot;size&quot;:10,&quot;sizes&quot;:[]},&quot;gap_mobile&quot;:{&quot;unit&quot;:&quot;px&quot;,&quot;size&quot;:10,&quot;sizes&quot;:[]},&quot;link_to&quot;:&quot;file&quot;,&quot;aspect_ratio&quot;:&quot;3:2&quot;,&quot;overlay_background&quot;:&quot;yes&quot;,&quot;content_hover_animation&quot;:&quot;fade-in&quot;}\" data-widget_type=\"gallery.default\">\n\t\t\t\t<div class=\"elementor-widget-container\">\n\t\t\t\t\t\t\t<div class=\"elementor-gallery__container\">\n\t\t\t\t\t\t\t<a class=\"e-gallery-item elementor-gallery-item elementor-animated-content\" href=\"https:\/\/www.fpc.org.pl\/wp-content\/uploads\/2024\/11\/Teatr_Kurtyna-scaled.jpg\" data-elementor-open-lightbox=\"yes\" data-elementor-lightbox-slideshow=\"d566a6b\" data-elementor-lightbox-title=\"Teatr_Kurtyna\" data-e-action-hash=\"#elementor-action%3Aaction%3Dlightbox%26settings%3DeyJpZCI6OTkwNzQxLCJ1cmwiOiJodHRwczpcL1wvd3d3LmZwYy5vcmcucGxcL3dwLWNvbnRlbnRcL3VwbG9hZHNcLzIwMjRcLzExXC9UZWF0cl9LdXJ0eW5hLXNjYWxlZC5qcGciLCJzbGlkZXNob3ciOiJkNTY2YTZiIn0%3D\">\n\t\t\t\t\t<div class=\"e-gallery-image elementor-gallery-item__image\" data-thumbnail=\"https:\/\/www.fpc.org.pl\/wp-content\/uploads\/2024\/11\/Teatr_Kurtyna-212x300.jpg\" data-width=\"212\" data-height=\"300\" aria-label=\"\" role=\"img\" ><\/div>\n\t\t\t\t\t\t\t\t\t\t\t<div class=\"elementor-gallery-item__overlay\"><\/div>\n\t\t\t\t\t\t\t\t\t\t\t\t\t\t<\/a>\n\t\t\t\t\t\t\t<a class=\"e-gallery-item elementor-gallery-item elementor-animated-content\" href=\"https:\/\/www.fpc.org.pl\/wp-content\/uploads\/2024\/11\/prof.-de-Barbaro_plakat-scaled.jpg\" data-elementor-open-lightbox=\"yes\" data-elementor-lightbox-slideshow=\"d566a6b\" data-elementor-lightbox-title=\"prof. de Barbaro_plakat\" data-e-action-hash=\"#elementor-action%3Aaction%3Dlightbox%26settings%3DeyJpZCI6OTkwNzM5LCJ1cmwiOiJodHRwczpcL1wvd3d3LmZwYy5vcmcucGxcL3dwLWNvbnRlbnRcL3VwbG9hZHNcLzIwMjRcLzExXC9wcm9mLi1kZS1CYXJiYXJvX3BsYWthdC1zY2FsZWQuanBnIiwic2xpZGVzaG93IjoiZDU2NmE2YiJ9\">\n\t\t\t\t\t<div class=\"e-gallery-image elementor-gallery-item__image\" data-thumbnail=\"https:\/\/www.fpc.org.pl\/wp-content\/uploads\/2024\/11\/prof.-de-Barbaro_plakat-212x300.jpg\" data-width=\"212\" data-height=\"300\" aria-label=\"\" role=\"img\" ><\/div>\n\t\t\t\t\t\t\t\t\t\t\t<div class=\"elementor-gallery-item__overlay\"><\/div>\n\t\t\t\t\t\t\t\t\t\t\t\t\t\t<\/a>\n\t\t\t\t\t<\/div>\n\t\t\t\t\t<\/div>\n\t\t\t\t<\/div>\n\t\t\t\t\t<\/div>\n\t\t\t\t<\/div>\n\t\t\t\t<\/div>","protected":false},"excerpt":{"rendered":"<p>Serdecznie zapraszamy na fina\u0142owe wydarzenia projektu KSIA\u017bKA \u2013 MOCNE WSPRACIE, realizowanego przez Miejsk\u0105 Bibliotek\u0119 Publiczn\u0105 w Jaworznie, pod patronatem Fundacji Powszechnego Czytania. 8 listopada odb\u0119dzie si\u0119 cz\u0119\u015b\u0107 pierwsza, w kt\u00f3rej udzia\u0142 we\u017amie\u00a0profilaktyczny Teatr Kurtyna.Dzieci i m\u0142odzie\u017c oraz wszyscy ch\u0119tni b\u0119d\u0105 mogli zobaczy\u0107 dwa spektakle poruszaj\u0105ce problemy, z jakimi borykaj\u0105 si\u0119 m\u0142odzi ludzie: \u201eDwa bieguny\u201d oraz&#8230;<\/p>","protected":false},"author":9,"featured_media":990738,"comment_status":"closed","ping_status":"open","sticky":false,"template":"","format":"standard","meta":{"_acf_changed":false,"give_campaign_id":0,"footnotes":""},"categories":[1],"tags":[],"class_list":["post-990737","post","type-post","status-publish","format-standard","has-post-thumbnail","hentry","category-bez-kategorii","odd"],"acf":[],"_links":{"self":[{"href":"https:\/\/www.fpc.org.pl\/eng\/wp-json\/wp\/v2\/posts\/990737","targetHints":{"allow":["GET"]}}],"collection":[{"href":"https:\/\/www.fpc.org.pl\/eng\/wp-json\/wp\/v2\/posts"}],"about":[{"href":"https:\/\/www.fpc.org.pl\/eng\/wp-json\/wp\/v2\/types\/post"}],"author":[{"embeddable":true,"href":"https:\/\/www.fpc.org.pl\/eng\/wp-json\/wp\/v2\/users\/9"}],"replies":[{"embeddable":true,"href":"https:\/\/www.fpc.org.pl\/eng\/wp-json\/wp\/v2\/comments?post=990737"}],"version-history":[{"count":4,"href":"https:\/\/www.fpc.org.pl\/eng\/wp-json\/wp\/v2\/posts\/990737\/revisions"}],"predecessor-version":[{"id":990744,"href":"https:\/\/www.fpc.org.pl\/eng\/wp-json\/wp\/v2\/posts\/990737\/revisions\/990744"}],"wp:featuredmedia":[{"embeddable":true,"href":"https:\/\/www.fpc.org.pl\/eng\/wp-json\/wp\/v2\/media\/990738"}],"wp:attachment":[{"href":"https:\/\/www.fpc.org.pl\/eng\/wp-json\/wp\/v2\/media?parent=990737"}],"wp:term":[{"taxonomy":"category","embeddable":true,"href":"https:\/\/www.fpc.org.pl\/eng\/wp-json\/wp\/v2\/categories?post=990737"},{"taxonomy":"post_tag","embeddable":true,"href":"https:\/\/www.fpc.org.pl\/eng\/wp-json\/wp\/v2\/tags?post=990737"}],"curies":[{"name":"wp","href":"https:\/\/api.w.org\/{rel}","templated":true}]}}