{"id":990651,"date":"2024-10-11T13:46:08","date_gmt":"2024-10-11T11:46:08","guid":{"rendered":"https:\/\/www.fpc.org.pl\/?p=990651"},"modified":"2024-11-27T14:04:12","modified_gmt":"2024-11-27T13:04:12","slug":"noc-bibliotek-2024-zapraszamy-do-udzialu-w-czytelniczych-wydarzeniach","status":"publish","type":"post","link":"https:\/\/www.fpc.org.pl\/eng\/noc-bibliotek-2024-zapraszamy-do-udzialu-w-czytelniczych-wydarzeniach\/","title":{"rendered":"Night of Libraries 2024 \u2013 we invite you to participate in reading events"},"content":{"rendered":"\t\t<div data-elementor-type=\"wp-post\" data-elementor-id=\"990651\" class=\"elementor elementor-990651\" data-elementor-post-type=\"post\">\n\t\t\t\t<div class=\"elementor-element elementor-element-ca01a6f e-flex e-con-boxed e-con e-parent\" data-id=\"ca01a6f\" data-element_type=\"container\" data-e-type=\"container\">\n\t\t\t\t\t<div class=\"e-con-inner\">\n\t\t\t\t<div class=\"elementor-element elementor-element-3487237 elementor-widget elementor-widget-text-editor\" data-id=\"3487237\" data-element_type=\"widget\" data-e-type=\"widget\" data-widget_type=\"text-editor.default\">\n\t\t\t\t<div class=\"elementor-widget-container\">\n\t\t\t\t\t\t\t\t\t<div class=\"xdj266r x11i5rnm xat24cr x1mh8g0r x1vvkbs x126k92a\">\n<div dir=\"auto\">11 pa\u017adziernika 2024 roku odb\u0119dzie si\u0119 X jubileuszowa\u00a0<span class=\"html-span xdj266r x11i5rnm xat24cr x1mh8g0r xexx8yu x4uap5 x18d9i69 xkhd6sd x1hl2dhg x16tdsg8 x1vvkbs\"><a class=\"x1i10hfl xjbqb8w x1ejq31n xd10rxx x1sy0etr x17r0tee x972fbf xcfux6l x1qhh985 xm0m39n x9f619 x1ypdohk xt0psk2 xe8uvvx xdj266r x11i5rnm xat24cr x1mh8g0r xexx8yu x4uap5 x18d9i69 xkhd6sd x16tdsg8 x1hl2dhg xggy1nq x1a2a7pz x1sur9pj xkrqix3 x1fey0fg x1s688f\" tabindex=\"0\" role=\"link\" href=\"https:\/\/www.facebook.com\/hashtag\/nocbibliotek?__eep__=6&amp;__cft__[0]=AZWqnE-pTX748GoEoIejMNCAUl4zVqAQAYlAjcViomiAGnSw_IXuLdBJ6J3suGsvkodwQHBZ-swVfdchnMyOe0NN6n4B9AnpZzaVKBSDWkGc3j4dlmGDokfR_kQ7SmCLTqX0xTxmpliqOAyqdCt6Qy4NyGDNYMn18HoWt5SNmH8DJ7snM7M_N8Myle6_iq-gIAE&amp;__tn__=*NK-R\" target=\"_blank\" rel=\"noopener\">#NocBibliotek<\/a><\/span>\u00a0\u2013 wielkie \u015bwi\u0119to bibliotek i czytania! Has\u0142o tegorocznej akcji to\u00a0<span class=\"html-span xdj266r x11i5rnm xat24cr x1mh8g0r xexx8yu x4uap5 x18d9i69 xkhd6sd x1hl2dhg x16tdsg8 x1vvkbs\"><a class=\"x1i10hfl xjbqb8w x1ejq31n xd10rxx x1sy0etr x17r0tee x972fbf xcfux6l x1qhh985 xm0m39n x9f619 x1ypdohk xt0psk2 xe8uvvx xdj266r x11i5rnm xat24cr x1mh8g0r xexx8yu x4uap5 x18d9i69 xkhd6sd x16tdsg8 x1hl2dhg xggy1nq x1a2a7pz x1sur9pj xkrqix3 x1fey0fg x1s688f\" tabindex=\"0\" role=\"link\" href=\"https:\/\/www.facebook.com\/hashtag\/mocbibliotek?__eep__=6&amp;__cft__[0]=AZWqnE-pTX748GoEoIejMNCAUl4zVqAQAYlAjcViomiAGnSw_IXuLdBJ6J3suGsvkodwQHBZ-swVfdchnMyOe0NN6n4B9AnpZzaVKBSDWkGc3j4dlmGDokfR_kQ7SmCLTqX0xTxmpliqOAyqdCt6Qy4NyGDNYMn18HoWt5SNmH8DJ7snM7M_N8Myle6_iq-gIAE&amp;__tn__=*NK-R\" target=\"_blank\" rel=\"noopener\">#MocBibliotek<\/a><\/span>.<\/div>\n<div dir=\"auto\">\u00a0<\/div>\n<\/div>\n<div class=\"x11i5rnm xat24cr x1mh8g0r x1vvkbs xtlvy1s x126k92a\">\n<div dir=\"auto\">Noc Bibliotek to og\u00f3lnopolska akcja, kt\u00f3rej celem jest zach\u0119canie do korzystania z zasob\u00f3w bibliotek jako najbardziej otwartych i dost\u0119pnych instytucji kultury z ofert\u0105 dla os\u00f3b w ka\u017cdym wieku, miejsc wsp\u00f3lnych, \u0142\u0105cz\u0105cych ludzi, lokalnych centr\u00f3w \u017cywej kultury i edukacji. Has\u0142o tegorocznej akcji to \u201eMoc bibliotek\u201d (Noc Bibliotek \u2013 Noc czytania \u2013 Moc czytania \u2013 Moc Bibliotek).<\/div>\n<div dir=\"auto\">\u00a0<\/div>\n<\/div>\n<div dir=\"auto\">Centrum Edukacji Obywatelskiej akcj\u0119 zainicjowa\u0142o i rozwija pod patronatem Biblioteki Narodowej, z udzia\u0142em wsp\u00f3\u0142organizator\u00f3w \u2013 Fundacji ABCXXI \u2013 Ca\u0142a Polska czyta dzieciom oraz Fundacji Rozwoju Spo\u0142ecze\u0144stwa Informacyjnego, a tak\u017ce licznych partner\u00f3w i patron\u00f3w.<\/div>\n<div class=\"x11i5rnm xat24cr x1mh8g0r x1vvkbs xtlvy1s x126k92a\">\n<div dir=\"auto\">\u00a0<\/div>\n<div dir=\"auto\">W tegorocznym wydarzeniu bierze udzia\u0142 prawie 1,5 tysi\u0105ca bibliotek w ca\u0142ej Polsce.<br \/>Nocy Bibliotek towarzyszy akcja\u00a0<strong>\u201ePodziel si\u0119 ksi\u0105\u017ckami\u201d\u00a0<\/strong>\u2013 zach\u0119caj\u0105ca czytelnik\u00f3w do przynoszenia do bibliotek przeczytanych nowo\u015bci wydawniczych, klasyki i lektur oraz innych poszukiwanych ksi\u0105\u017cek.Biblioteki w ca\u0142ej Polsce przy wsparciu \u2013 promocyjnym i merytorycznym \u2013 organizator\u00f3w, przygotowuj\u0105 dla czytelnik\u00f3w specjalne wydarzenia.<\/div>\n<div dir=\"auto\">\u00a0<\/div>\n<\/div>\n<div class=\"x11i5rnm xat24cr x1mh8g0r x1vvkbs xtlvy1s x126k92a\">\n<div dir=\"auto\">Fundacja Powszechnego Czytania zach\u0119ca do udzia\u0142u w lokalnych wydarzeniach i odwiedzania bibliotek.<\/div>\n<\/div>\n<div class=\"x11i5rnm xat24cr x1mh8g0r x1vvkbs xtlvy1s x126k92a\">\n<div dir=\"auto\">Mapa i szczeg\u00f3\u0142y wydarze\u0144:\u00a0<span class=\"html-span xdj266r x11i5rnm xat24cr x1mh8g0r xexx8yu x4uap5 x18d9i69 xkhd6sd x1hl2dhg x16tdsg8 x1vvkbs\"><a class=\"x1i10hfl xjbqb8w x1ejq31n xd10rxx x1sy0etr x17r0tee x972fbf xcfux6l x1qhh985 xm0m39n x9f619 x1ypdohk xt0psk2 xe8uvvx xdj266r x11i5rnm xat24cr x1mh8g0r xexx8yu x4uap5 x18d9i69 xkhd6sd x16tdsg8 x1hl2dhg xggy1nq x1a2a7pz x1sur9pj xkrqix3 x1fey0fg x1s688f\" tabindex=\"0\" role=\"link\" href=\"https:\/\/nocbibliotek2024.ceo.org.pl\/?fbclid=IwZXh0bgNhZW0CMTAAAR1dMTZENN-tTwMKNTAZE8EsUvLz0rJFd1xNNmXIoA5eom1hEwm3HdzImhY_aem_zVtsBbQ6D1V159qp11kixA\" target=\"_blank\" rel=\"nofollow noopener\">https:\/\/nocbibliotek2024.ceo.org.pl\/<\/a><\/span><\/div>\n<\/div>\t\t\t\t\t\t\t\t<\/div>\n\t\t\t\t<\/div>\n\t\t\t\t\t<\/div>\n\t\t\t\t<\/div>\n\t\t<div class=\"elementor-element elementor-element-27d60a0 e-flex e-con-boxed e-con e-parent\" data-id=\"27d60a0\" data-element_type=\"container\" data-e-type=\"container\">\n\t\t\t\t\t<div class=\"e-con-inner\">\n\t\t<div class=\"elementor-element elementor-element-eaedba5 e-con-full e-flex e-con e-child\" data-id=\"eaedba5\" data-element_type=\"container\" data-e-type=\"container\">\n\t\t\t\t<div class=\"elementor-element elementor-element-738ec90 elementor-widget elementor-widget-image\" data-id=\"738ec90\" data-element_type=\"widget\" data-e-type=\"widget\" data-widget_type=\"image.default\">\n\t\t\t\t<div class=\"elementor-widget-container\">\n\t\t\t\t\t\t\t\t\t<div class=\"elementor-image\">\n\t\t\t\t\t\t\t\t\t\t\t\t\t\t\t\t\t\t\t\t\t<img fetchpriority=\"high\" decoding=\"async\" width=\"851\" height=\"315\" src=\"https:\/\/www.fpc.org.pl\/wp-content\/uploads\/2024\/11\/FB-cover-fanpage-Noc-Bibliotek_2024.jpg\" class=\"attachment-large size-large wp-image-990655\" alt=\"\" srcset=\"https:\/\/www.fpc.org.pl\/wp-content\/uploads\/2024\/11\/FB-cover-fanpage-Noc-Bibliotek_2024.jpg 851w, https:\/\/www.fpc.org.pl\/wp-content\/uploads\/2024\/11\/FB-cover-fanpage-Noc-Bibliotek_2024-300x111.jpg 300w, https:\/\/www.fpc.org.pl\/wp-content\/uploads\/2024\/11\/FB-cover-fanpage-Noc-Bibliotek_2024-768x284.jpg 768w, https:\/\/www.fpc.org.pl\/wp-content\/uploads\/2024\/11\/FB-cover-fanpage-Noc-Bibliotek_2024-18x7.jpg 18w, https:\/\/www.fpc.org.pl\/wp-content\/uploads\/2024\/11\/FB-cover-fanpage-Noc-Bibliotek_2024-630x233.jpg 630w\" sizes=\"(max-width: 851px) 100vw, 851px\" \/>\t\t\t\t\t\t\t\t\t\t\t\t\t\t\t\t\t\t\t\t\t\t\t\t<\/div>\n\t\t\t\t\t\t\t\t<\/div>\n\t\t\t\t<\/div>\n\t\t\t\t<\/div>\n\t\t\t\t\t<\/div>\n\t\t\t\t<\/div>\n\t\t<div class=\"elementor-element elementor-element-ef6a15c e-flex e-con-boxed e-con e-parent\" data-id=\"ef6a15c\" data-element_type=\"container\" data-e-type=\"container\">\n\t\t\t\t\t<div class=\"e-con-inner\">\n\t\t<div class=\"elementor-element elementor-element-bf36300 e-con-full e-flex e-con e-child\" data-id=\"bf36300\" data-element_type=\"container\" data-e-type=\"container\">\n\t\t\t\t<\/div>\n\t\t\t\t\t<\/div>\n\t\t\t\t<\/div>\n\t\t\t\t<\/div>\n\t\t","protected":false},"excerpt":{"rendered":"<p>11 pa\u017adziernika 2024 roku odb\u0119dzie si\u0119 X jubileuszowa\u00a0#NocBibliotek\u00a0\u2013 wielkie \u015bwi\u0119to bibliotek i czytania! Has\u0142o tegorocznej akcji to\u00a0#MocBibliotek. \u00a0 Noc Bibliotek to og\u00f3lnopolska akcja, kt\u00f3rej celem jest zach\u0119canie do korzystania z zasob\u00f3w bibliotek jako najbardziej otwartych i dost\u0119pnych instytucji kultury z ofert\u0105 dla os\u00f3b w ka\u017cdym wieku, miejsc wsp\u00f3lnych, \u0142\u0105cz\u0105cych ludzi, lokalnych centr\u00f3w \u017cywej kultury i&#8230;<\/p>","protected":false},"author":3,"featured_media":990652,"comment_status":"closed","ping_status":"open","sticky":false,"template":"","format":"standard","meta":{"_acf_changed":false,"give_campaign_id":0,"footnotes":""},"categories":[1],"tags":[],"class_list":["post-990651","post","type-post","status-publish","format-standard","has-post-thumbnail","hentry","category-bez-kategorii","odd"],"acf":[],"_links":{"self":[{"href":"https:\/\/www.fpc.org.pl\/eng\/wp-json\/wp\/v2\/posts\/990651","targetHints":{"allow":["GET"]}}],"collection":[{"href":"https:\/\/www.fpc.org.pl\/eng\/wp-json\/wp\/v2\/posts"}],"about":[{"href":"https:\/\/www.fpc.org.pl\/eng\/wp-json\/wp\/v2\/types\/post"}],"author":[{"embeddable":true,"href":"https:\/\/www.fpc.org.pl\/eng\/wp-json\/wp\/v2\/users\/3"}],"replies":[{"embeddable":true,"href":"https:\/\/www.fpc.org.pl\/eng\/wp-json\/wp\/v2\/comments?post=990651"}],"version-history":[{"count":4,"href":"https:\/\/www.fpc.org.pl\/eng\/wp-json\/wp\/v2\/posts\/990651\/revisions"}],"predecessor-version":[{"id":990658,"href":"https:\/\/www.fpc.org.pl\/eng\/wp-json\/wp\/v2\/posts\/990651\/revisions\/990658"}],"wp:featuredmedia":[{"embeddable":true,"href":"https:\/\/www.fpc.org.pl\/eng\/wp-json\/wp\/v2\/media\/990652"}],"wp:attachment":[{"href":"https:\/\/www.fpc.org.pl\/eng\/wp-json\/wp\/v2\/media?parent=990651"}],"wp:term":[{"taxonomy":"category","embeddable":true,"href":"https:\/\/www.fpc.org.pl\/eng\/wp-json\/wp\/v2\/categories?post=990651"},{"taxonomy":"post_tag","embeddable":true,"href":"https:\/\/www.fpc.org.pl\/eng\/wp-json\/wp\/v2\/tags?post=990651"}],"curies":[{"name":"wp","href":"https:\/\/api.w.org\/{rel}","templated":true}]}}