{"id":990642,"date":"2024-10-10T13:33:22","date_gmt":"2024-10-10T11:33:22","guid":{"rendered":"https:\/\/www.fpc.org.pl\/?p=990642"},"modified":"2024-11-27T13:39:11","modified_gmt":"2024-11-27T12:39:11","slug":"zapraszamy-na-spotkanie-literacy-for-democracy-business","status":"publish","type":"post","link":"https:\/\/www.fpc.org.pl\/eng\/zapraszamy-na-spotkanie-literacy-for-democracy-business\/","title":{"rendered":"We invite you to the Literacy for Democracy &amp; Business meeting"},"content":{"rendered":"\t\t<div data-elementor-type=\"wp-post\" data-elementor-id=\"990642\" class=\"elementor elementor-990642\" data-elementor-post-type=\"post\">\n\t\t\t\t<div class=\"elementor-element elementor-element-ca01a6f e-flex e-con-boxed e-con e-parent\" data-id=\"ca01a6f\" data-element_type=\"container\" data-e-type=\"container\">\n\t\t\t\t\t<div class=\"e-con-inner\">\n\t\t\t\t<div class=\"elementor-element elementor-element-3487237 elementor-widget elementor-widget-text-editor\" data-id=\"3487237\" data-element_type=\"widget\" data-e-type=\"widget\" data-widget_type=\"text-editor.default\">\n\t\t\t\t<div class=\"elementor-widget-container\">\n\t\t\t\t\t\t\t\t\t<div class=\"xdj266r x11i5rnm xat24cr x1mh8g0r x1vvkbs x126k92a\"><div dir=\"auto\"><strong>17 pa\u017adziernika w Sopocie odb\u0119dzie si\u0119 wyj\u0105tkowa konferencja \u201eCzytelnictwo dla Demokracji i Biznesu\u201d<\/strong>, organizowana przez Fundacj\u0119 Powszechnego Czytania. B\u0119dzie otwarciem szerokiej rozmowy o op\u0142acalno\u015bci zaanga\u017cowania biznesu na rzecz czytania, o czym FPC wraz z innymi cz\u0142onkami m\u00f3wi ju\u017c od jakiego\u015b czasu w ramach koalicji\u00a0<span class=\"html-span xdj266r x11i5rnm xat24cr x1mh8g0r xexx8yu x4uap5 x18d9i69 xkhd6sd x1hl2dhg x16tdsg8 x1vvkbs\"><a class=\"x1i10hfl xjbqb8w x1ejq31n xd10rxx x1sy0etr x17r0tee x972fbf xcfux6l x1qhh985 xm0m39n x9f619 x1ypdohk xt0psk2 xe8uvvx xdj266r x11i5rnm xat24cr x1mh8g0r xexx8yu x4uap5 x18d9i69 xkhd6sd x16tdsg8 x1hl2dhg xggy1nq x1a2a7pz x1sur9pj xkrqix3 x1fey0fg x1s688f\" tabindex=\"0\" role=\"link\" href=\"https:\/\/www.facebook.com\/hashtag\/czytaj%C4%85capolska?__eep__=6&amp;__cft__[0]=AZVrSbfaYucCOsGb1G6DmyKADL7R3DXFgjyGlP_1MkEFxygTUm8YaLbUB2XXUld_NBESIpyPMxapVvc8ExKEMk4HJ0EQ-8wXFm8N79hVAgQtFKMeMpA0YN-Q7XynlMvjf-MNzkcadRp03Uv1CMLq81oU7w4gmGQ-fR9O0RlRv5AIxSVxFp6RObbReUTwqLqzf-8&amp;__tn__=*NK-R\" target=\"_blank\" rel=\"noopener\">#Czytaj\u0105caPolska<\/a><\/span>.<\/div><\/div><div dir=\"auto\">\u00a0<\/div><div dir=\"auto\">Spotkanie b\u0119dzie dotyczy\u0107 trendu wykorzystywania czytelnictwa do budowania sukcesu w\u0142asnej firmy. To okazja do spotkania interesuj\u0105cych rozm\u00f3wc\u00f3w \u2013 ekspert\u00f3w.\u00a0<strong>Niekt\u00f3rzy z nich po raz pierwszy pojawi\u0105 si\u0119 w Polsce.<\/strong><\/div><div dir=\"auto\">\u00a0<\/div><div dir=\"auto\">Naukowcy przybli\u017c\u0105 nam co czytanie daje naszym m\u00f3zgom, przedstawiciele biznesu podziel\u0105 si\u0119 przyk\u0142adami u\u017cywania czytelnictwa do budowania rozwoju i kapita\u0142u spo\u0142ecznego firmy oraz mocnego wizerunku organizacji spo\u0142ecznie odpowiedzialnej, aktywi\u015bci z organizacji pozarz\u0105dowych opowiedz\u0105 o skutecznych obustronnie korzystnych partnerstwach z biznesem.<\/div><div dir=\"auto\">\u00a0<\/div><div class=\"x11i5rnm xat24cr x1mh8g0r x1vvkbs xtlvy1s x126k92a\"><div dir=\"auto\"><strong>Podczas spotkania poruszony zostanie szereg temat\u00f3w istotnych z punktu widzenia kilku sektor\u00f3w:<\/strong><\/div><\/div><div class=\"x11i5rnm xat24cr x1mh8g0r x1vvkbs xtlvy1s x126k92a\"><div dir=\"auto\">\u2013 Transformuj\u0105ca moc literatury: polityczna, spo\u0142eczna, tkankotw\u00f3rcza;<\/div><div dir=\"auto\">na poziomie spo\u0142ecze\u0144stwa, na poziomie wsp\u00f3lnoty firmy<\/div><div dir=\"auto\">\u2013 Rola instytucji centralnej jako wizjonera i s\u0142u\u017c\u0105cego w jednym, wizja partnerstwa publiczno-spo\u0142eczno-prywatnego<\/div><div dir=\"auto\">\u2013 Do\u015bwiadczenie niemieckie, partnerstwa spo\u0142eczno-prywatno-publiczne a zysk biznesowy<\/div><div dir=\"auto\">\u2013 Motywacje biznes\u00f3w do\u0142\u0105czaj\u0105cych do\u00a0<span class=\"html-span xdj266r x11i5rnm xat24cr x1mh8g0r xexx8yu x4uap5 x18d9i69 xkhd6sd x1hl2dhg x16tdsg8 x1vvkbs\">#LiteracyBusinessPledge<\/span>. Korzy\u015bci dla biznes\u00f3w sygnatariuszy<\/div><div dir=\"auto\">\u2013 Motywacja\u00a0<span class=\"html-span xdj266r x11i5rnm xat24cr x1mh8g0r xexx8yu x4uap5 x18d9i69 xkhd6sd x1hl2dhg x16tdsg8 x1vvkbs\"><span class=\"xt0psk2\">KPMG<\/span><\/span>\u00a0wsp\u00f3\u0142tworz\u0105cego i finansuj\u0105cego program dla biznes\u00f3w namawiaj\u0105c ich do inwestowania w czytania<\/div><div dir=\"auto\">\u2013 10 lat firm dzia\u0142aj\u0105cych w Polsce i pot\u0119\u017cnie zaanga\u017cowanych na rzecz czytelnictwa:\u00a0<span class=\"html-span xdj266r x11i5rnm xat24cr x1mh8g0r xexx8yu x4uap5 x18d9i69 xkhd6sd x1hl2dhg x16tdsg8 x1vvkbs\"><span class=\"xt0psk2\">Biedronka,\u00a0<\/span><\/span><span class=\"html-span xdj266r x11i5rnm xat24cr x1mh8g0r xexx8yu x4uap5 x18d9i69 xkhd6sd x1hl2dhg x16tdsg8 x1vvkbs\">Michelin<\/span><\/div><\/div><p><strong>W spotkaniu udzia\u0142 wezm\u0105:<\/strong><br \/>\u2013 Maria Deskur, Fundacja Powszechnego Czytania, Ashoka<br \/>\u2013 Joanathan Douglas, National Literacy Trust,<br \/>\u2013 Roisin Sharkey KPMG UK<br \/>(Jonathan Douglas i Roisin Sharkey prowadz\u0105 od wielu lat wsp\u00f3lny korporacyjno-spo\u0142eczny projekt,\u00a0<span aria-hidden=\"true\">#<\/span>LiteracyBusinessPledge, w kt\u00f3rym uczestniczy obecnie ju\u017c ponad 100 wielkich firm.)<br \/>\u2013 prof. Ewa Haman Uniwersytet Warszawski,<br \/>\u2013 Magdalena Kozio\u0142 Michelin Polska SA,<br \/>\u2013 prof. Ryszard Kozio\u0142ek Uniwersytet \u015al\u0105ski w Katowicach,<br \/>\u2013 Dr. Joerg F. Maas EURead Stiftung Lesen,<br \/>\u2013 Arkadiusz Mierzwa Jer\u00f3nimo Martins,<br \/>\u2013 Micha\u0142 Rydzewski, Narodowe Centrum Kultury.<\/p><p>Konferencja odb\u0119dzie si\u0119\u00a0<strong>17 pa\u017adziernika 2024 r., o godz. 17:00<\/strong>, w Goyki 3 Art Inkubator (ul. Jakuba Goyki 3, 81-706 Sopot).<\/p><p>Uczestnictwo w konferencji jest bezp\u0142atne za uprzednim potwierdzeniem zg\u0142oszenia na\u00a0<strong>zaproszenie@fpc.org.pl<\/strong><\/p><p>Wi\u0119cej informacjo o projekcie na stronie:\u00a0<a href=\"https:\/\/fpc.org.pl\/literacy-for-democracy-business\/\" target=\"_blank\" rel=\"noopener\">Literacy for Democracy &amp; Business \u2013 Fundacja Powszechnego Czytania (fpc.org.pl)<\/a><\/p>\t\t\t\t\t\t\t\t<\/div>\n\t\t\t\t<\/div>\n\t\t\t\t\t<\/div>\n\t\t\t\t<\/div>\n\t\t<div class=\"elementor-element elementor-element-27d60a0 e-flex e-con-boxed e-con e-parent\" data-id=\"27d60a0\" data-element_type=\"container\" data-e-type=\"container\">\n\t\t\t\t\t<div class=\"e-con-inner\">\n\t\t<div class=\"elementor-element elementor-element-eaedba5 e-con-full e-flex e-con e-child\" data-id=\"eaedba5\" data-element_type=\"container\" data-e-type=\"container\">\n\t\t\t\t<div class=\"elementor-element elementor-element-738ec90 elementor-widget elementor-widget-image\" data-id=\"738ec90\" data-element_type=\"widget\" data-e-type=\"widget\" data-widget_type=\"image.default\">\n\t\t\t\t<div class=\"elementor-widget-container\">\n\t\t\t\t\t\t\t\t\t<div class=\"elementor-image\">\n\t\t\t\t\t\t\t\t\t\t\t\t\t\t\t\t\t\t\t\t\t<img fetchpriority=\"high\" decoding=\"async\" width=\"921\" height=\"1024\" src=\"https:\/\/www.fpc.org.pl\/wp-content\/uploads\/2024\/10\/Zaproszenie_PL-921x1024.jpg\" class=\"attachment-large size-large wp-image-990644\" alt=\"\" srcset=\"https:\/\/www.fpc.org.pl\/wp-content\/uploads\/2024\/10\/Zaproszenie_PL-921x1024.jpg 921w, https:\/\/www.fpc.org.pl\/wp-content\/uploads\/2024\/10\/Zaproszenie_PL-270x300.jpg 270w, https:\/\/www.fpc.org.pl\/wp-content\/uploads\/2024\/10\/Zaproszenie_PL-768x854.jpg 768w, https:\/\/www.fpc.org.pl\/wp-content\/uploads\/2024\/10\/Zaproszenie_PL-1382x1536.jpg 1382w, https:\/\/www.fpc.org.pl\/wp-content\/uploads\/2024\/10\/Zaproszenie_PL-11x12.jpg 11w, https:\/\/www.fpc.org.pl\/wp-content\/uploads\/2024\/10\/Zaproszenie_PL-1260x1400.jpg 1260w, https:\/\/www.fpc.org.pl\/wp-content\/uploads\/2024\/10\/Zaproszenie_PL-630x700.jpg 630w, https:\/\/www.fpc.org.pl\/wp-content\/uploads\/2024\/10\/Zaproszenie_PL.jpg 1500w\" sizes=\"(max-width: 921px) 100vw, 921px\" \/>\t\t\t\t\t\t\t\t\t\t\t\t\t\t\t\t\t\t\t\t\t\t\t\t<\/div>\n\t\t\t\t\t\t\t\t<\/div>\n\t\t\t\t<\/div>\n\t\t\t\t<\/div>\n\t\t\t\t\t<\/div>\n\t\t\t\t<\/div>\n\t\t<div class=\"elementor-element elementor-element-ef6a15c e-flex e-con-boxed e-con e-parent\" data-id=\"ef6a15c\" data-element_type=\"container\" data-e-type=\"container\">\n\t\t\t\t\t<div class=\"e-con-inner\">\n\t\t<div class=\"elementor-element elementor-element-bf36300 e-con-full e-flex e-con e-child\" data-id=\"bf36300\" data-element_type=\"container\" data-e-type=\"container\">\n\t\t\t\t<\/div>\n\t\t\t\t\t<\/div>\n\t\t\t\t<\/div>\n\t\t\t\t<\/div>\n\t\t","protected":false},"excerpt":{"rendered":"<p>Od pocz\u0105tku wrze\u015bnia w ramach programu\u00a0Ratownicy Czytelnictwa,\u00a0Fundacja Powszechnego Czytania wraz z HarperCollins Polska, HarperKids Polska oraz wydawnictwem Nowa Era realizuje\u00a0akcj\u0119 \u201eCzytam sobie z rado\u015bci\u0105\u201d\u00a0skierowan\u0105\u00a0do nauczycieli klas pierwszych. W ramach wsp\u00f3lnych dzia\u0142a\u0144, 30 000 ksi\u0105\u017cek z serii \u201eCzytam sobie\u201d i\u00a0204 000 materia\u0142\u00f3w\u00a0edukacyjnych dla dzieci, nauczycieli i rodzic\u00f3w, trafi\u0142o do szk\u00f3\u0142 z ca\u0142ej Polski.\u00a0Korzysta\u0107 z nich b\u0119dzie&#8230;<\/p>","protected":false},"author":3,"featured_media":990646,"comment_status":"closed","ping_status":"open","sticky":false,"template":"","format":"standard","meta":{"_acf_changed":false,"give_campaign_id":0,"footnotes":""},"categories":[1],"tags":[],"class_list":["post-990642","post","type-post","status-publish","format-standard","has-post-thumbnail","hentry","category-bez-kategorii","odd"],"acf":[],"_links":{"self":[{"href":"https:\/\/www.fpc.org.pl\/eng\/wp-json\/wp\/v2\/posts\/990642","targetHints":{"allow":["GET"]}}],"collection":[{"href":"https:\/\/www.fpc.org.pl\/eng\/wp-json\/wp\/v2\/posts"}],"about":[{"href":"https:\/\/www.fpc.org.pl\/eng\/wp-json\/wp\/v2\/types\/post"}],"author":[{"embeddable":true,"href":"https:\/\/www.fpc.org.pl\/eng\/wp-json\/wp\/v2\/users\/3"}],"replies":[{"embeddable":true,"href":"https:\/\/www.fpc.org.pl\/eng\/wp-json\/wp\/v2\/comments?post=990642"}],"version-history":[{"count":5,"href":"https:\/\/www.fpc.org.pl\/eng\/wp-json\/wp\/v2\/posts\/990642\/revisions"}],"predecessor-version":[{"id":990650,"href":"https:\/\/www.fpc.org.pl\/eng\/wp-json\/wp\/v2\/posts\/990642\/revisions\/990650"}],"wp:featuredmedia":[{"embeddable":true,"href":"https:\/\/www.fpc.org.pl\/eng\/wp-json\/wp\/v2\/media\/990646"}],"wp:attachment":[{"href":"https:\/\/www.fpc.org.pl\/eng\/wp-json\/wp\/v2\/media?parent=990642"}],"wp:term":[{"taxonomy":"category","embeddable":true,"href":"https:\/\/www.fpc.org.pl\/eng\/wp-json\/wp\/v2\/categories?post=990642"},{"taxonomy":"post_tag","embeddable":true,"href":"https:\/\/www.fpc.org.pl\/eng\/wp-json\/wp\/v2\/tags?post=990642"}],"curies":[{"name":"wp","href":"https:\/\/api.w.org\/{rel}","templated":true}]}}