{"id":990619,"date":"2024-10-08T12:53:26","date_gmt":"2024-10-08T10:53:26","guid":{"rendered":"https:\/\/www.fpc.org.pl\/?p=990619"},"modified":"2024-11-27T12:59:27","modified_gmt":"2024-11-27T11:59:27","slug":"konferencja-porozmawiajmy-o-bibliotekach-2","status":"publish","type":"post","link":"https:\/\/www.fpc.org.pl\/eng\/konferencja-porozmawiajmy-o-bibliotekach-2\/","title":{"rendered":"Conference &quot;Let&#039;s Talk About Libraries&quot;"},"content":{"rendered":"<div data-elementor-type=\"wp-post\" data-elementor-id=\"990619\" class=\"elementor elementor-990619\" data-elementor-post-type=\"post\">\n\t\t\t\t<div class=\"elementor-element elementor-element-ca01a6f e-flex e-con-boxed e-con e-parent\" data-id=\"ca01a6f\" data-element_type=\"container\" data-e-type=\"container\">\n\t\t\t\t\t<div class=\"e-con-inner\">\n\t\t\t\t<div class=\"elementor-element elementor-element-3487237 elementor-widget elementor-widget-text-editor\" data-id=\"3487237\" data-element_type=\"widget\" data-e-type=\"widget\" data-widget_type=\"text-editor.default\">\n\t\t\t\t<div class=\"elementor-widget-container\">\n\t\t\t\t\t\t\t\t\t<p>On October 10-11, 2024, the second edition of the conference &quot;LET&#039;S TALK ABOUT LIBRARIES. PRACTICAL ASPECTS OF STRATEGIC MANAGEMENT IN LIBRARIES&quot; will be held in \u0141\u00f3d\u017a, addressed to the management staff of public libraries. During the two October days, participants will have the opportunity to listen to and seek advice from experts on the latest challenges facing libraries.<\/p>\n<p>The conference will feature lectures on the latest tendencies, trends and challenges of libraries, their financing, various forms of fundraising, as well as the importance of the institution on the cultural map of Poland.<\/p>\n<p>The event programme also included individual consultations with lawyers, specialists in administration, accounting, finance and public procurement.<\/p>\n<p>The conference will also feature discussion panels on current important topics affecting libraries, including those from smaller towns, current trends \u2013 such as the use of AI in the work of cultural institutions, or new phenomena and reading habits from the perspective of users and publishers. The panel devoted to this topic will be led by Maria Deskur, president of the Powszechnego Czytania Foundation.<\/p>\n<p>Detailed conference program available at:\u00a0<a href=\"https:\/\/biblioteka.lodz.pl\/aktualnosci\/konferencja-porozmawiajmy-o-bibliotekach-2#:~:text=W%20dniach%2010-11%20pa%C5%BAdziernika%202024%20roku\" target=\"_blank\" rel=\"noopener\">Conference &quot;Let&#039;s Talk About Libraries&quot;<\/a><\/p>\n<p>The conference will be held at the MEMO Mediatheque in \u0141\u00f3d\u017a, ul. Moniuszki 5, on October 10-11, 2024.<\/p>\t\t\t\t\t\t\t\t<\/div>\n\t\t\t\t<\/div>\n\t\t\t\t\t<\/div>\n\t\t\t\t<\/div>\n\t\t<div class=\"elementor-element elementor-element-27d60a0 e-flex e-con-boxed e-con e-parent\" data-id=\"27d60a0\" data-element_type=\"container\" data-e-type=\"container\">\n\t\t\t\t\t<div class=\"e-con-inner\">\n\t\t<div class=\"elementor-element elementor-element-eaedba5 e-con-full e-flex e-con e-child\" data-id=\"eaedba5\" data-element_type=\"container\" data-e-type=\"container\">\n\t\t\t\t<div class=\"elementor-element elementor-element-eb0e48e elementor-widget elementor-widget-image\" data-id=\"eb0e48e\" data-element_type=\"widget\" data-e-type=\"widget\" data-widget_type=\"image.default\">\n\t\t\t\t<div class=\"elementor-widget-container\">\n\t\t\t\t\t\t\t\t\t<div class=\"elementor-image\">\n\t\t\t\t\t\t\t\t\t\t\t\t\t\t\t\t\t\t\t\t\t<img fetchpriority=\"high\" decoding=\"async\" width=\"600\" height=\"750\" src=\"https:\/\/www.fpc.org.pl\/wp-content\/uploads\/2024\/10\/6-v3__ResizedImageWzYwMCw3NTBd.png\" class=\"attachment-large size-large wp-image-990622\" alt=\"\" srcset=\"https:\/\/www.fpc.org.pl\/wp-content\/uploads\/2024\/10\/6-v3__ResizedImageWzYwMCw3NTBd.png 600w, https:\/\/www.fpc.org.pl\/wp-content\/uploads\/2024\/10\/6-v3__ResizedImageWzYwMCw3NTBd-240x300.png 240w, https:\/\/www.fpc.org.pl\/wp-content\/uploads\/2024\/10\/6-v3__ResizedImageWzYwMCw3NTBd-10x12.png 10w\" sizes=\"(max-width: 600px) 100vw, 600px\" \/>\t\t\t\t\t\t\t\t\t\t\t\t\t\t\t\t\t\t\t\t\t\t\t\t<\/div>\n\t\t\t\t\t\t\t\t<\/div>\n\t\t\t\t<\/div>\n\t\t\t\t<\/div>\n\t\t\t\t\t<\/div>\n\t\t\t\t<\/div>\n\t\t<div class=\"elementor-element elementor-element-ef6a15c e-flex e-con-boxed e-con e-parent\" data-id=\"ef6a15c\" data-element_type=\"container\" data-e-type=\"container\">\n\t\t\t\t\t<div class=\"e-con-inner\">\n\t\t<div class=\"elementor-element elementor-element-bf36300 e-con-full e-flex e-con e-child\" data-id=\"bf36300\" data-element_type=\"container\" data-e-type=\"container\">\n\t\t\t\t<\/div>\n\t\t\t\t\t<\/div>\n\t\t\t\t<\/div>\n\t\t\t\t<\/div>","protected":false},"excerpt":{"rendered":"<p>&quot;eMOCje. Closer to others, close to yourself&quot; is a series of various activities of the Sopot Library focused on issues related to mental health. The two-year project aims to educate people about psychology and promote literature in which one can find the answer to the question of how to take care of one&#039;s mental health. The Powszechnego Czytania Foundation has assumed media patronage over the project.<\/p>","protected":false},"author":3,"featured_media":990621,"comment_status":"closed","ping_status":"open","sticky":false,"template":"","format":"standard","meta":{"_acf_changed":false,"give_campaign_id":0,"footnotes":""},"categories":[1],"tags":[],"class_list":["post-990619","post","type-post","status-publish","format-standard","has-post-thumbnail","hentry","category-bez-kategorii","odd"],"acf":[],"_links":{"self":[{"href":"https:\/\/www.fpc.org.pl\/eng\/wp-json\/wp\/v2\/posts\/990619","targetHints":{"allow":["GET"]}}],"collection":[{"href":"https:\/\/www.fpc.org.pl\/eng\/wp-json\/wp\/v2\/posts"}],"about":[{"href":"https:\/\/www.fpc.org.pl\/eng\/wp-json\/wp\/v2\/types\/post"}],"author":[{"embeddable":true,"href":"https:\/\/www.fpc.org.pl\/eng\/wp-json\/wp\/v2\/users\/3"}],"replies":[{"embeddable":true,"href":"https:\/\/www.fpc.org.pl\/eng\/wp-json\/wp\/v2\/comments?post=990619"}],"version-history":[{"count":5,"href":"https:\/\/www.fpc.org.pl\/eng\/wp-json\/wp\/v2\/posts\/990619\/revisions"}],"predecessor-version":[{"id":990626,"href":"https:\/\/www.fpc.org.pl\/eng\/wp-json\/wp\/v2\/posts\/990619\/revisions\/990626"}],"wp:featuredmedia":[{"embeddable":true,"href":"https:\/\/www.fpc.org.pl\/eng\/wp-json\/wp\/v2\/media\/990621"}],"wp:attachment":[{"href":"https:\/\/www.fpc.org.pl\/eng\/wp-json\/wp\/v2\/media?parent=990619"}],"wp:term":[{"taxonomy":"category","embeddable":true,"href":"https:\/\/www.fpc.org.pl\/eng\/wp-json\/wp\/v2\/categories?post=990619"},{"taxonomy":"post_tag","embeddable":true,"href":"https:\/\/www.fpc.org.pl\/eng\/wp-json\/wp\/v2\/tags?post=990619"}],"curies":[{"name":"wp","href":"https:\/\/api.w.org\/{rel}","templated":true}]}}