{"id":990601,"date":"2024-10-08T12:22:41","date_gmt":"2024-10-08T10:22:41","guid":{"rendered":"https:\/\/www.fpc.org.pl\/?p=990601"},"modified":"2024-11-27T12:33:11","modified_gmt":"2024-11-27T11:33:11","slug":"becek-czyta-zapraszamy-na-bytomski-festiwal-literacki-dla-dzieci-i-mlodziezy","status":"publish","type":"post","link":"https:\/\/www.fpc.org.pl\/eng\/becek-czyta-zapraszamy-na-bytomski-festiwal-literacki-dla-dzieci-i-mlodziezy\/","title":{"rendered":"BECEK CZYTA \u2013 we invite you to the BYTOM LITERARY FESTIVAL FOR CHILDREN AND YOUNG PEOPLE"},"content":{"rendered":"<div data-elementor-type=\"wp-post\" data-elementor-id=\"990601\" class=\"elementor elementor-990601\" data-elementor-post-type=\"post\">\n\t\t\t\t<div class=\"elementor-element elementor-element-ca01a6f e-flex e-con-boxed e-con e-parent\" data-id=\"ca01a6f\" data-element_type=\"container\" data-e-type=\"container\">\n\t\t\t\t\t<div class=\"e-con-inner\">\n\t\t\t\t<div class=\"elementor-element elementor-element-3487237 elementor-widget elementor-widget-text-editor\" data-id=\"3487237\" data-element_type=\"widget\" data-e-type=\"widget\" data-widget_type=\"text-editor.default\">\n\t\t\t\t<div class=\"elementor-widget-container\">\n\t\t\t\t\t\t\t\t\t<p>The BECEK CZYTA Literary Festival for Children and Youth, organized by the Bytom Culture Center, will take place from October 10 to 13, 2024. It is an initiative that includes almost 40 events with the participation of writers, illustrators, graphic designers, photographers, practitioners, and specialists.<\/p>\n<p>During the four festival days, there will be: author meetings and workshops with the best Polish creators of children&#039;s and youth literature. During the festival, there will be lectures and workshops for librarians and teachers, as well as educational workshops for parents and future parents. Each edition of the festival is accompanied by artists&#039; exhibitions and workshops for children and adults.<\/p>\n<p>The festival&#039;s aim is for young and adult visitors to feel at home and participate in a feast full of the best experiences that can come from getting to know the characters in books. This year&#039;s edition of the Festival will take place in the building of the Bytom Culture Center, the Municipal Public Library in Bytom and the Palace in Miechowice - a branch of the Bytom Culture Center.<\/p>\n<p>The Powszechnego Czytania Foundation as the media patron of the event invites you to participate in the Festival. The detailed program of the event is available at:\u00a0<a href=\"https:\/\/www.becek.pl\/becek_czyta\" target=\"_blank\" rel=\"noopener\">Bytom Culture Center (becek.pl)<\/a><\/p>\n<p>The event is co-financed by the Minister of Culture and National Heritage from the Cultural Promotion Fund \u2013 a state earmarked fund.<\/p>\n<p><strong>Organizer BECEK READING:<\/strong>\u00a0BECEK Bytom Culture Center<\/p>\n<p><strong>Co-organizer:<\/strong>\u00a0City of Bytom<\/p>\n<p><strong>Main Sponsor:<\/strong>\u00a0Bolko Estate<\/p>\n<p><strong>Sponsors:<\/strong>\u00a0Private Kindergartens and Nurseries TIKA, Ice Cream Parlor at Fio\u0142k\u00f3w, ProfiLingua Bytom, Castorama Bytom, Mikopol<\/p>\n<p><strong>Partners:\u00a0<\/strong>Upper Silesian Museum in Bytom, Municipal Public Library in Bytom, Municipal Public Library in Zabrze, Iskierka Foundation, St. Padre Pio Silesian Hospice Center Foundation in Bytom, Palace in Miechowice<\/p>\n<p><strong>Media patrons:<\/strong>\u00a0Radio Katowice, Radio Piekary, Silesia Children, \u017bycie Bytomskie, bytomski.pl, TVP3 Katowice, \u015al\u0105zag, Foundation of Universal Reading, All of Poland Reads to Children<\/p>\t\t\t\t\t\t\t\t<\/div>\n\t\t\t\t<\/div>\n\t\t\t\t\t<\/div>\n\t\t\t\t<\/div>\n\t\t<div class=\"elementor-element elementor-element-27d60a0 e-flex e-con-boxed e-con e-parent\" data-id=\"27d60a0\" data-element_type=\"container\" data-e-type=\"container\">\n\t\t\t\t\t<div class=\"e-con-inner\">\n\t\t<div class=\"elementor-element elementor-element-eaedba5 e-con-full e-flex e-con e-child\" data-id=\"eaedba5\" data-element_type=\"container\" data-e-type=\"container\">\n\t\t\t\t<\/div>\n\t\t\t\t\t<\/div>\n\t\t\t\t<\/div>\n\t\t\t\t<\/div>","protected":false},"excerpt":{"rendered":"<p>W dniach 10-13 pa\u017adziernika 2024 r. odbywa si\u0119 Festiwalu Literackim dla Dzieci i M\u0142odzie\u017cy BECEK CZYTA organizowany w Bytomiu przez Bytomskie Centrum Kultury. To inicjatywa, kt\u00f3ra obejmuje prawie 40 wydarze\u0144 z udzia\u0142em pisarzy, ilustrator\u00f3w, grafik\u00f3w, fotografik\u00f3w, praktyk\u00f3w i specjalist\u00f3w. Podczas czterech festiwalowych dni odb\u0119d\u0105 si\u0119: spotkania autorskie i warsztaty z najlepszymi polskimi tw\u00f3rcami literatury dzieci\u0119cej&#8230;<\/p>","protected":false},"author":3,"featured_media":990605,"comment_status":"closed","ping_status":"open","sticky":false,"template":"","format":"standard","meta":{"_acf_changed":false,"give_campaign_id":0,"footnotes":""},"categories":[1],"tags":[],"class_list":["post-990601","post","type-post","status-publish","format-standard","has-post-thumbnail","hentry","category-bez-kategorii","odd"],"acf":[],"_links":{"self":[{"href":"https:\/\/www.fpc.org.pl\/eng\/wp-json\/wp\/v2\/posts\/990601","targetHints":{"allow":["GET"]}}],"collection":[{"href":"https:\/\/www.fpc.org.pl\/eng\/wp-json\/wp\/v2\/posts"}],"about":[{"href":"https:\/\/www.fpc.org.pl\/eng\/wp-json\/wp\/v2\/types\/post"}],"author":[{"embeddable":true,"href":"https:\/\/www.fpc.org.pl\/eng\/wp-json\/wp\/v2\/users\/3"}],"replies":[{"embeddable":true,"href":"https:\/\/www.fpc.org.pl\/eng\/wp-json\/wp\/v2\/comments?post=990601"}],"version-history":[{"count":4,"href":"https:\/\/www.fpc.org.pl\/eng\/wp-json\/wp\/v2\/posts\/990601\/revisions"}],"predecessor-version":[{"id":990609,"href":"https:\/\/www.fpc.org.pl\/eng\/wp-json\/wp\/v2\/posts\/990601\/revisions\/990609"}],"wp:featuredmedia":[{"embeddable":true,"href":"https:\/\/www.fpc.org.pl\/eng\/wp-json\/wp\/v2\/media\/990605"}],"wp:attachment":[{"href":"https:\/\/www.fpc.org.pl\/eng\/wp-json\/wp\/v2\/media?parent=990601"}],"wp:term":[{"taxonomy":"category","embeddable":true,"href":"https:\/\/www.fpc.org.pl\/eng\/wp-json\/wp\/v2\/categories?post=990601"},{"taxonomy":"post_tag","embeddable":true,"href":"https:\/\/www.fpc.org.pl\/eng\/wp-json\/wp\/v2\/tags?post=990601"}],"curies":[{"name":"wp","href":"https:\/\/api.w.org\/{rel}","templated":true}]}}