{"id":990584,"date":"2024-10-06T12:09:28","date_gmt":"2024-10-06T10:09:28","guid":{"rendered":"https:\/\/www.fpc.org.pl\/?p=990584"},"modified":"2024-11-27T12:24:14","modified_gmt":"2024-11-27T11:24:14","slug":"tatatezczyta-na-targach-ksiazki-w-krakowie","status":"publish","type":"post","link":"https:\/\/www.fpc.org.pl\/eng\/tatatezczyta-na-targach-ksiazki-w-krakowie\/","title":{"rendered":"#TataTe\u017cCzyta at the Book Fair in Krakow"},"content":{"rendered":"<div data-elementor-type=\"wp-post\" data-elementor-id=\"990584\" class=\"elementor elementor-990584\" data-elementor-post-type=\"post\">\n\t\t\t\t<div class=\"elementor-element elementor-element-ca01a6f e-flex e-con-boxed e-con e-parent\" data-id=\"ca01a6f\" data-element_type=\"container\" data-e-type=\"container\">\n\t\t\t\t\t<div class=\"e-con-inner\">\n\t\t\t\t<div class=\"elementor-element elementor-element-3487237 elementor-widget elementor-widget-text-editor\" data-id=\"3487237\" data-element_type=\"widget\" data-e-type=\"widget\" data-widget_type=\"text-editor.default\">\n\t\t\t\t<div class=\"elementor-widget-container\">\n\t\t\t\t\t\t\t\t\t<p>The 27th edition will take place on October 24-27.\u00a0<strong>International Book Fair in Krakow<\/strong>. This year, during one of the largest reading events, the Universal Reading Foundation, as one of the exhibitors, invites you to the stand of the #TataTe\u017cCzyta campaign and to participate in a meeting dedicated to it.<\/p>\n<p>On October 24 at 3:00 p.m. a meeting will be held during which the idea of the nationwide #TataTe\u017cCzyta project, a summary of the 2024 edition, as well as development plans and an announcement of next year&#039;s edition will be presented.<\/p>\n<p>During the event, the main assumptions of the activities of the Universal Reading Foundation and Tatarak Publishing House promoting reading among men, especially fathers, will be discussed. The organizers will talk about how and why it is worth getting involved and becoming part of the campaign.<\/p>\n<p>The meeting is aimed at a wide range of people, representatives of many sectors - publishers, writers, illustrators, distributors, librarians and teachers, as well as directors of institutions and facilities from the above-mentioned options. The presentation and discussion will also concern private companies interested in supporting reading and obtaining the #TataTe\u017cCzyta certification, which popularizes reading among men.<\/p>\n<p>The organizers invite everyone to start a dialogue, emphasizing that a common conversation on the subject of reading development is important, it broadens horizons, and working together brings better results.<\/p>\n<p>Meeting place: Vienna Room B<\/p>\n<p>Deadline: October 24, 3:00 p.m.<\/p>\n<p>The Universal Reading Foundation and Tatarak Publishing House invite:<br \/>\u2013 local governments interested in using the #TataTe\u017cCzyta campaign and slogan to build social capital<br \/>\u2013 companies interested in the certification \u201cIn our company #TataTe\u017cCzyta\u201d<br \/>\u2013 companies willing to talk about creating merchandising products around the #TataTe\u017cCzyta campaign<br \/>\u2013 institutions: kindergartens, schools, libraries, cultural centers and community centers determined to develop reading among their charges and their families<br \/>\u2013 representatives of the book business: bookstores, distributors, printing houses<br \/>\u2013 ambassadors who would like to be part of the campaign<\/p>\n<p>Meeting place: Vienna Room B<\/p>\n<p>Deadline: October 24, 3:00 p.m.<\/p>\n<p>The Universal Reading Foundation and Tatarak Publishing House invite you to stand C82.<\/p>\t\t\t\t\t\t\t\t<\/div>\n\t\t\t\t<\/div>\n\t\t\t\t\t<\/div>\n\t\t\t\t<\/div>\n\t\t<div class=\"elementor-element elementor-element-27d60a0 e-flex e-con-boxed e-con e-parent\" data-id=\"27d60a0\" data-element_type=\"container\" data-e-type=\"container\">\n\t\t\t\t\t<div class=\"e-con-inner\">\n\t\t\t\t<div class=\"elementor-element elementor-element-ddb3250 elementor-widget elementor-widget-image\" data-id=\"ddb3250\" data-element_type=\"widget\" data-e-type=\"widget\" data-widget_type=\"image.default\">\n\t\t\t\t<div class=\"elementor-widget-container\">\n\t\t\t\t\t\t\t\t\t<div class=\"elementor-image\">\n\t\t\t\t\t\t\t\t\t\t\t\t\t\t\t\t\t\t\t\t\t<img fetchpriority=\"high\" decoding=\"async\" width=\"1024\" height=\"731\" src=\"https:\/\/www.fpc.org.pl\/wp-content\/uploads\/2024\/10\/zaproszenie-targi-krakow-2024-1024x731.jpg\" class=\"attachment-large size-large wp-image-990589\" alt=\"\" srcset=\"https:\/\/www.fpc.org.pl\/wp-content\/uploads\/2024\/10\/zaproszenie-targi-krakow-2024-1024x731.jpg 1024w, https:\/\/www.fpc.org.pl\/wp-content\/uploads\/2024\/10\/zaproszenie-targi-krakow-2024-300x214.jpg 300w, https:\/\/www.fpc.org.pl\/wp-content\/uploads\/2024\/10\/zaproszenie-targi-krakow-2024-768x548.jpg 768w, https:\/\/www.fpc.org.pl\/wp-content\/uploads\/2024\/10\/zaproszenie-targi-krakow-2024-18x12.jpg 18w, https:\/\/www.fpc.org.pl\/wp-content\/uploads\/2024\/10\/zaproszenie-targi-krakow-2024-1260x900.jpg 1260w, https:\/\/www.fpc.org.pl\/wp-content\/uploads\/2024\/10\/zaproszenie-targi-krakow-2024-630x450.jpg 630w, https:\/\/www.fpc.org.pl\/wp-content\/uploads\/2024\/10\/zaproszenie-targi-krakow-2024.jpg 1500w\" sizes=\"(max-width: 1024px) 100vw, 1024px\" \/>\t\t\t\t\t\t\t\t\t\t\t\t\t\t\t\t\t\t\t\t\t\t\t\t<\/div>\n\t\t\t\t\t\t\t\t<\/div>\n\t\t\t\t<\/div>\n\t\t<div class=\"elementor-element elementor-element-eaedba5 e-con-full e-flex e-con e-child\" data-id=\"eaedba5\" data-element_type=\"container\" data-e-type=\"container\">\n\t\t\t\t<div class=\"elementor-element elementor-element-9eaf519 elementor-widget elementor-widget-image\" data-id=\"9eaf519\" data-element_type=\"widget\" data-e-type=\"widget\" data-widget_type=\"image.default\">\n\t\t\t\t<div class=\"elementor-widget-container\">\n\t\t\t\t\t\t\t\t\t<div class=\"elementor-image\">\n\t\t\t\t\t\t\t\t\t\t\t\t\t\t\t\t\t\t\t\t\t<img decoding=\"async\" width=\"1024\" height=\"173\" src=\"https:\/\/www.fpc.org.pl\/wp-content\/uploads\/2024\/10\/KSIAZKA24-baner-LinkedIn1128x191-1024x173.jpg\" class=\"attachment-large size-large wp-image-990590\" alt=\"\" srcset=\"https:\/\/www.fpc.org.pl\/wp-content\/uploads\/2024\/10\/KSIAZKA24-baner-LinkedIn1128x191-1024x173.jpg 1024w, https:\/\/www.fpc.org.pl\/wp-content\/uploads\/2024\/10\/KSIAZKA24-baner-LinkedIn1128x191-300x51.jpg 300w, https:\/\/www.fpc.org.pl\/wp-content\/uploads\/2024\/10\/KSIAZKA24-baner-LinkedIn1128x191-768x130.jpg 768w, https:\/\/www.fpc.org.pl\/wp-content\/uploads\/2024\/10\/KSIAZKA24-baner-LinkedIn1128x191-18x3.jpg 18w, https:\/\/www.fpc.org.pl\/wp-content\/uploads\/2024\/10\/KSIAZKA24-baner-LinkedIn1128x191-630x107.jpg 630w, https:\/\/www.fpc.org.pl\/wp-content\/uploads\/2024\/10\/KSIAZKA24-baner-LinkedIn1128x191.jpg 1128w\" sizes=\"(max-width: 1024px) 100vw, 1024px\" \/>\t\t\t\t\t\t\t\t\t\t\t\t\t\t\t\t\t\t\t\t\t\t\t\t<\/div>\n\t\t\t\t\t\t\t\t<\/div>\n\t\t\t\t<\/div>\n\t\t\t\t<\/div>\n\t\t\t\t\t<\/div>\n\t\t\t\t<\/div>\n\t\t\t\t<\/div>","protected":false},"excerpt":{"rendered":"<p>W dniach 24-27 pa\u017adziernika odb\u0119d\u0105 si\u0119 27.\u00a0Mi\u0119dzynarodowe Targi Ksi\u0105\u017cki w Krakowie. W tym roku, podczas jednego z najwi\u0119kszych czytelniczych wydarze\u0144, \u00a0Fundacja Powszechnego Czytania, jako jeden z wystawc\u00f3w zaprasza na stoisko kampanii #TataTe\u017cCzyta oraz do udzia\u0142u w po\u015bwi\u0119conym jej spotkaniu. 24 pa\u017adziernika o 15:00 odb\u0119dzie si\u0119 spotkanie, podczas kt\u00f3rego przedstawiona zostanie idea og\u00f3lnopolskiego projektu #TataTe\u017cCzyta, podsumowanie&#8230;<\/p>","protected":false},"author":3,"featured_media":990586,"comment_status":"closed","ping_status":"open","sticky":false,"template":"","format":"standard","meta":{"_acf_changed":false,"give_campaign_id":0,"footnotes":""},"categories":[1],"tags":[],"class_list":["post-990584","post","type-post","status-publish","format-standard","has-post-thumbnail","hentry","category-bez-kategorii","odd"],"acf":[],"_links":{"self":[{"href":"https:\/\/www.fpc.org.pl\/eng\/wp-json\/wp\/v2\/posts\/990584","targetHints":{"allow":["GET"]}}],"collection":[{"href":"https:\/\/www.fpc.org.pl\/eng\/wp-json\/wp\/v2\/posts"}],"about":[{"href":"https:\/\/www.fpc.org.pl\/eng\/wp-json\/wp\/v2\/types\/post"}],"author":[{"embeddable":true,"href":"https:\/\/www.fpc.org.pl\/eng\/wp-json\/wp\/v2\/users\/3"}],"replies":[{"embeddable":true,"href":"https:\/\/www.fpc.org.pl\/eng\/wp-json\/wp\/v2\/comments?post=990584"}],"version-history":[{"count":6,"href":"https:\/\/www.fpc.org.pl\/eng\/wp-json\/wp\/v2\/posts\/990584\/revisions"}],"predecessor-version":[{"id":990603,"href":"https:\/\/www.fpc.org.pl\/eng\/wp-json\/wp\/v2\/posts\/990584\/revisions\/990603"}],"wp:featuredmedia":[{"embeddable":true,"href":"https:\/\/www.fpc.org.pl\/eng\/wp-json\/wp\/v2\/media\/990586"}],"wp:attachment":[{"href":"https:\/\/www.fpc.org.pl\/eng\/wp-json\/wp\/v2\/media?parent=990584"}],"wp:term":[{"taxonomy":"category","embeddable":true,"href":"https:\/\/www.fpc.org.pl\/eng\/wp-json\/wp\/v2\/categories?post=990584"},{"taxonomy":"post_tag","embeddable":true,"href":"https:\/\/www.fpc.org.pl\/eng\/wp-json\/wp\/v2\/tags?post=990584"}],"curies":[{"name":"wp","href":"https:\/\/api.w.org\/{rel}","templated":true}]}}