{"id":990559,"date":"2024-09-30T15:35:00","date_gmt":"2024-09-30T13:35:00","guid":{"rendered":"https:\/\/www.fpc.org.pl\/?p=990559"},"modified":"2024-11-27T12:01:45","modified_gmt":"2024-11-27T11:01:45","slug":"jubileusz-75-lecia-domu-literatury-w-warszawie","status":"publish","type":"post","link":"https:\/\/www.fpc.org.pl\/eng\/jubileusz-75-lecia-domu-literatury-w-warszawie\/","title":{"rendered":"75th Anniversary of the House of Literature in Warsaw"},"content":{"rendered":"<div data-elementor-type=\"wp-post\" data-elementor-id=\"990559\" class=\"elementor elementor-990559\" data-elementor-post-type=\"post\">\n\t\t\t\t<div class=\"elementor-element elementor-element-ca01a6f e-flex e-con-boxed e-con e-parent\" data-id=\"ca01a6f\" data-element_type=\"container\" data-e-type=\"container\">\n\t\t\t\t\t<div class=\"e-con-inner\">\n\t\t\t\t<div class=\"elementor-element elementor-element-3487237 elementor-widget elementor-widget-text-editor\" data-id=\"3487237\" data-element_type=\"widget\" data-e-type=\"widget\" data-widget_type=\"text-editor.default\">\n\t\t\t\t<div class=\"elementor-widget-container\">\n\t\t\t\t\t\t\t\t\t<p>Together with the Foundation of the House of Literature and Creative Work Houses, the Universal Reading Foundation invites you to a session and the opening of an exhibition on the occasion of the 75th anniversary of the House of Literature in Warsaw.<\/p><p>The event will begin on Wednesday, October 2, 2024 at 11:00 a.m. The anniversary of the House of Literature is not only an opportunity to reminisce, but also to reflect on the role and significance of this institution in Polish literary and cultural life. The program includes discussions with the participation of researchers and representatives of literary associations, as well as the opening of an exhibition devoted to the 75-year history of the House of Literature.<\/p><p>The event will be a unique opportunity to learn about the rich history and impact of the House of Literature, as well as to reflect on its future and role in developing contemporary literary culture in Poland. We cordially invite all lovers of literature and art!<\/p><p>Since 2023, the Warsaw House of Literature has been the seat of the Universal Reading Foundation.<\/p><p>The 75th anniversary of the House of Literature is an event accompanying the 2nd edition of the poetry festival &quot;Warsaw of Poems&quot;:\u00a0<a href=\"https:\/\/warszawawierszy.pl\/?fbclid=IwZXh0bgNhZW0CMTAAAR1IdHCSuOmEz8ZHFZmuNu8WohCKtcjQf8w7YjcfbR0RHRqJ1CRwOI5KyU0_aem_l8Aw-hrMSa0NQxZ9DKd99A\" target=\"_blank\" rel=\"noreferrer noopener\">https:\/\/warszawawierszy.pl<\/a>.\u00a0<\/p><p>Admission to the event is free.<\/p><p>Event details also available on Facebook:\u00a0<a href=\"https:\/\/www.facebook.com\/events\/518981877522649\/?acontext=%7B%22event_action_history%22%3A[]%7D\" target=\"_blank\" rel=\"noopener\">75th Anniversary of the House of Literature in Warsaw | Facebook<\/a>.<\/p>\t\t\t\t\t\t\t\t<\/div>\n\t\t\t\t<\/div>\n\t\t\t\t\t<\/div>\n\t\t\t\t<\/div>\n\t\t<div class=\"elementor-element elementor-element-27d60a0 e-flex e-con-boxed e-con e-parent\" data-id=\"27d60a0\" data-element_type=\"container\" data-e-type=\"container\">\n\t\t\t\t\t<div class=\"e-con-inner\">\n\t\t\t\t<div class=\"elementor-element elementor-element-ddb3250 elementor-widget elementor-widget-image\" data-id=\"ddb3250\" data-element_type=\"widget\" data-e-type=\"widget\" data-widget_type=\"image.default\">\n\t\t\t\t<div class=\"elementor-widget-container\">\n\t\t\t\t\t\t\t\t\t<div class=\"elementor-image\">\n\t\t\t\t\t\t\t\t\t\t\t\t\t\t\t\t\t\t\t\t\t<img fetchpriority=\"high\" decoding=\"async\" width=\"820\" height=\"360\" src=\"https:\/\/www.fpc.org.pl\/wp-content\/uploads\/2024\/11\/KrakowskieP_coverFB_LITE.jpg\" class=\"attachment-large size-large wp-image-990563\" alt=\"\" srcset=\"https:\/\/www.fpc.org.pl\/wp-content\/uploads\/2024\/11\/KrakowskieP_coverFB_LITE.jpg 820w, https:\/\/www.fpc.org.pl\/wp-content\/uploads\/2024\/11\/KrakowskieP_coverFB_LITE-300x132.jpg 300w, https:\/\/www.fpc.org.pl\/wp-content\/uploads\/2024\/11\/KrakowskieP_coverFB_LITE-768x337.jpg 768w, https:\/\/www.fpc.org.pl\/wp-content\/uploads\/2024\/11\/KrakowskieP_coverFB_LITE-18x8.jpg 18w, https:\/\/www.fpc.org.pl\/wp-content\/uploads\/2024\/11\/KrakowskieP_coverFB_LITE-630x277.jpg 630w\" sizes=\"(max-width: 820px) 100vw, 820px\" \/>\t\t\t\t\t\t\t\t\t\t\t\t\t\t\t\t\t\t\t\t\t\t\t\t<\/div>\n\t\t\t\t\t\t\t\t<\/div>\n\t\t\t\t<\/div>\n\t\t<div class=\"elementor-element elementor-element-eaedba5 e-con-full e-flex e-con e-child\" data-id=\"eaedba5\" data-element_type=\"container\" data-e-type=\"container\">\n\t\t\t\t<\/div>\n\t\t\t\t<div class=\"elementor-element elementor-element-0b71389 elementor-widget elementor-widget-image\" data-id=\"0b71389\" data-element_type=\"widget\" data-e-type=\"widget\" data-widget_type=\"image.default\">\n\t\t\t\t<div class=\"elementor-widget-container\">\n\t\t\t\t\t\t\t\t\t<div class=\"elementor-image\">\n\t\t\t\t\t\t\t\t\t\t\t\t\t\t\t\t\t\t\t\t\t<img decoding=\"async\" width=\"768\" height=\"1088\" src=\"https:\/\/www.fpc.org.pl\/wp-content\/uploads\/2024\/11\/Zaproszenie_75_lecie_DL-1-768x1088.jpg\" class=\"attachment-medium_large size-medium_large wp-image-990564\" alt=\"\" srcset=\"https:\/\/www.fpc.org.pl\/wp-content\/uploads\/2024\/11\/Zaproszenie_75_lecie_DL-1-768x1088.jpg 768w, https:\/\/www.fpc.org.pl\/wp-content\/uploads\/2024\/11\/Zaproszenie_75_lecie_DL-1-212x300.jpg 212w, https:\/\/www.fpc.org.pl\/wp-content\/uploads\/2024\/11\/Zaproszenie_75_lecie_DL-1-723x1024.jpg 723w, https:\/\/www.fpc.org.pl\/wp-content\/uploads\/2024\/11\/Zaproszenie_75_lecie_DL-1-1084x1536.jpg 1084w, https:\/\/www.fpc.org.pl\/wp-content\/uploads\/2024\/11\/Zaproszenie_75_lecie_DL-1-8x12.jpg 8w, https:\/\/www.fpc.org.pl\/wp-content\/uploads\/2024\/11\/Zaproszenie_75_lecie_DL-1-630x892.jpg 630w, https:\/\/www.fpc.org.pl\/wp-content\/uploads\/2024\/11\/Zaproszenie_75_lecie_DL-1.jpg 1172w\" sizes=\"(max-width: 768px) 100vw, 768px\" \/>\t\t\t\t\t\t\t\t\t\t\t\t\t\t\t\t\t\t\t\t\t\t\t\t<\/div>\n\t\t\t\t\t\t\t\t<\/div>\n\t\t\t\t<\/div>\n\t\t\t\t\t<\/div>\n\t\t\t\t<\/div>\n\t\t\t\t<\/div>","protected":false},"excerpt":{"rendered":"<p>Wraz z Fundacj\u0105 Domu Literatury i Dom\u00f3w Pracy Tw\u00f3rczej, Fundacja Powszechnego Czytania zaprasza na sesj\u0119 oraz otwarcie wystawy z okazji Jubileuszu 75-lecia Domu Literatury w Warszawie. Wydarzenie rozpocznie si\u0119 w \u015brod\u0119, 2 pa\u017adziernika 2024 r. o godz. 11:00. Jubileusz Domu Literatury to nie tylko okazja do wspomnie\u0144, ale r\u00f3wnie\u017c do refleksji nad rol\u0105 i znaczeniem&#8230;<\/p>","protected":false},"author":3,"featured_media":990560,"comment_status":"closed","ping_status":"open","sticky":false,"template":"","format":"standard","meta":{"_acf_changed":false,"give_campaign_id":0,"footnotes":""},"categories":[1],"tags":[],"class_list":["post-990559","post","type-post","status-publish","format-standard","has-post-thumbnail","hentry","category-bez-kategorii","odd"],"acf":[],"_links":{"self":[{"href":"https:\/\/www.fpc.org.pl\/eng\/wp-json\/wp\/v2\/posts\/990559","targetHints":{"allow":["GET"]}}],"collection":[{"href":"https:\/\/www.fpc.org.pl\/eng\/wp-json\/wp\/v2\/posts"}],"about":[{"href":"https:\/\/www.fpc.org.pl\/eng\/wp-json\/wp\/v2\/types\/post"}],"author":[{"embeddable":true,"href":"https:\/\/www.fpc.org.pl\/eng\/wp-json\/wp\/v2\/users\/3"}],"replies":[{"embeddable":true,"href":"https:\/\/www.fpc.org.pl\/eng\/wp-json\/wp\/v2\/comments?post=990559"}],"version-history":[{"count":4,"href":"https:\/\/www.fpc.org.pl\/eng\/wp-json\/wp\/v2\/posts\/990559\/revisions"}],"predecessor-version":[{"id":990567,"href":"https:\/\/www.fpc.org.pl\/eng\/wp-json\/wp\/v2\/posts\/990559\/revisions\/990567"}],"wp:featuredmedia":[{"embeddable":true,"href":"https:\/\/www.fpc.org.pl\/eng\/wp-json\/wp\/v2\/media\/990560"}],"wp:attachment":[{"href":"https:\/\/www.fpc.org.pl\/eng\/wp-json\/wp\/v2\/media?parent=990559"}],"wp:term":[{"taxonomy":"category","embeddable":true,"href":"https:\/\/www.fpc.org.pl\/eng\/wp-json\/wp\/v2\/categories?post=990559"},{"taxonomy":"post_tag","embeddable":true,"href":"https:\/\/www.fpc.org.pl\/eng\/wp-json\/wp\/v2\/tags?post=990559"}],"curies":[{"name":"wp","href":"https:\/\/api.w.org\/{rel}","templated":true}]}}