{"id":990473,"date":"2024-09-26T15:16:52","date_gmt":"2024-09-26T13:16:52","guid":{"rendered":"https:\/\/www.fpc.org.pl\/?p=990473"},"modified":"2024-09-26T15:20:39","modified_gmt":"2024-09-26T13:20:39","slug":"fpc-zapraszamy-wszystkich-do-udzialu-w-wydarzeniu-2","status":"publish","type":"post","link":"https:\/\/www.fpc.org.pl\/eng\/fpc-zapraszamy-wszystkich-do-udzialu-w-wydarzeniu-2\/","title":{"rendered":"&quot;Bookgrosze for reading&quot; - Abedik supports FPC and invites publishers to the campaign"},"content":{"rendered":"<div data-elementor-type=\"wp-post\" data-elementor-id=\"990473\" class=\"elementor elementor-990473\" data-elementor-post-type=\"post\">\n\t\t\t\t<div class=\"elementor-element elementor-element-ca01a6f e-flex e-con-boxed e-con e-parent\" data-id=\"ca01a6f\" data-element_type=\"container\" data-e-type=\"container\">\n\t\t\t\t\t<div class=\"e-con-inner\">\n\t\t\t\t<div class=\"elementor-element elementor-element-3487237 elementor-widget elementor-widget-text-editor\" data-id=\"3487237\" data-element_type=\"widget\" data-e-type=\"widget\" data-widget_type=\"text-editor.default\">\n\t\t\t\t<div class=\"elementor-widget-container\">\n\t\t\t\t\t\t\t\t\t<p><\/p>\n<p>The Abedik Printing House has once again decided to support the Universal Reading Foundation. This time, it has launched the \u201cKsi\u0105\u017ckogrosze dla czytelnictwa\u201d campaign, in which it also invites publishers to support it.<\/p>\n<p>As part of its activities, the company encourages publishers to choose editions of books printed in Abedik to choose editions of books that are to take part in the initiative. One grosz will be added to the invoice for each printed copy. For every grosz that publishers decide to donate, the Abedik printing house also adds another grosz from itself. The funds collected in this way will be transferred to the Universal Reading Foundation and will be used to support our statutory goals and individual projects dedicated to promoting reading.<\/p>\n<p>The promotion lasts until December 31, 2024.<\/p>\n<p>The involvement of companies in the promotion of reading and support of reading in Poland is an expression of great business responsibility, concern for the well-being and future of citizens and the development of innovation, economy, science and the entire country. The Universal Reading Foundation thanks the Abedik printing house for its willingness to act for a good cause. Cooperation in this area is extremely important - together we can achieve more.<\/p>\n<p>We encourage publishers to choose the Abedik printing house and join the campaign within the printed editions. In this way, we can increase the universality of reading, build access to books where they do not exist, cultivate a love of reading. Every 10 PLN is another book for a library, center, kindergarten or school in need.<\/p>\n<p>Abedik Printing House:\u00a0<a href=\"https:\/\/abedik.com.pl\/\" target=\"_blank\" rel=\"noopener\">Book Printing House, Offset and Digital Printing of Softcover and Hardcover Books | ABEDIK SA<\/a><\/p>\n<div class=\"sfsi_Sicons sfsi_Sicons_position_right\">\n<div>\u00a0<\/div>\n<div class=\"sfsi_socialwpr\">\n<div class=\"sf_fb sf_icon\">\n<div class=\"fb-like fb_iframe_widget\" data-href=\"https:\/\/fpc.org.pl\/ksiazkogrosze-dla-czytelnictwa-abedik-wspiera-fpc-i-zaprasza-do-akcji-wydawcow\/\" data-send=\"false\" data-layout=\"button\">\u00a0<\/div>\n<\/div>\n<\/div>\n<\/div>\n<p><\/p>\t\t\t\t\t\t\t\t<\/div>\n\t\t\t\t<\/div>\n\t\t\t\t\t<\/div>\n\t\t\t\t<\/div>\n\t\t<div class=\"elementor-element elementor-element-5666c85 e-flex e-con-boxed e-con e-parent\" data-id=\"5666c85\" data-element_type=\"container\" data-e-type=\"container\">\n\t\t\t\t\t<div class=\"e-con-inner\">\n\t\t\t\t\t<\/div>\n\t\t\t\t<\/div>\n\t\t\t\t<\/div>","protected":false},"excerpt":{"rendered":"<p>Drukarnia Abedik po raz kolejny postanowi\u0142a wesprze\u0107 Fundacj\u0119 Powszechnego Czytania. Tym razem uruchomi\u0142a akcj\u0119 \u201eKsi\u0105\u017ckogrosze dla czytelnictwa\u201d, w kt\u00f3rej do wspierania zaprasza tak\u017ce wydawc\u00f3w. W ramach prowadzonych dzia\u0142a\u0144 firma zach\u0119ca wydawc\u00f3w do wybrania nak\u0142ad\u00f3w drukowanych w Abediku do wybrania nak\u0142ad\u00f3w ksi\u0105\u017cek, kt\u00f3re maj\u0105 wzi\u0105\u0107 udzia\u0142 w inicjatywie. Do faktury doliczony zostanie jeden grosz za ka\u017cdy&#8230;<\/p>","protected":false},"author":3,"featured_media":990474,"comment_status":"closed","ping_status":"open","sticky":false,"template":"","format":"standard","meta":{"_acf_changed":false,"give_campaign_id":0,"footnotes":""},"categories":[1],"tags":[],"class_list":["post-990473","post","type-post","status-publish","format-standard","has-post-thumbnail","hentry","category-bez-kategorii","odd"],"acf":[],"_links":{"self":[{"href":"https:\/\/www.fpc.org.pl\/eng\/wp-json\/wp\/v2\/posts\/990473","targetHints":{"allow":["GET"]}}],"collection":[{"href":"https:\/\/www.fpc.org.pl\/eng\/wp-json\/wp\/v2\/posts"}],"about":[{"href":"https:\/\/www.fpc.org.pl\/eng\/wp-json\/wp\/v2\/types\/post"}],"author":[{"embeddable":true,"href":"https:\/\/www.fpc.org.pl\/eng\/wp-json\/wp\/v2\/users\/3"}],"replies":[{"embeddable":true,"href":"https:\/\/www.fpc.org.pl\/eng\/wp-json\/wp\/v2\/comments?post=990473"}],"version-history":[{"count":4,"href":"https:\/\/www.fpc.org.pl\/eng\/wp-json\/wp\/v2\/posts\/990473\/revisions"}],"predecessor-version":[{"id":990478,"href":"https:\/\/www.fpc.org.pl\/eng\/wp-json\/wp\/v2\/posts\/990473\/revisions\/990478"}],"wp:featuredmedia":[{"embeddable":true,"href":"https:\/\/www.fpc.org.pl\/eng\/wp-json\/wp\/v2\/media\/990474"}],"wp:attachment":[{"href":"https:\/\/www.fpc.org.pl\/eng\/wp-json\/wp\/v2\/media?parent=990473"}],"wp:term":[{"taxonomy":"category","embeddable":true,"href":"https:\/\/www.fpc.org.pl\/eng\/wp-json\/wp\/v2\/categories?post=990473"},{"taxonomy":"post_tag","embeddable":true,"href":"https:\/\/www.fpc.org.pl\/eng\/wp-json\/wp\/v2\/tags?post=990473"}],"curies":[{"name":"wp","href":"https:\/\/api.w.org\/{rel}","templated":true}]}}