{"id":990461,"date":"2024-09-26T14:35:45","date_gmt":"2024-09-26T12:35:45","guid":{"rendered":"https:\/\/www.fpc.org.pl\/?p=990461"},"modified":"2024-09-26T14:39:29","modified_gmt":"2024-09-26T12:39:29","slug":"fpc-czy-czytanie-jest-dla-wszystkich-2-2-2","status":"publish","type":"post","link":"https:\/\/www.fpc.org.pl\/eng\/fpc-czy-czytanie-jest-dla-wszystkich-2-2-2\/","title":{"rendered":"Reading as an investment in the AI era? \u2013 FPC invites you to EFNI"},"content":{"rendered":"<div data-elementor-type=\"wp-post\" data-elementor-id=\"990461\" class=\"elementor elementor-990461\" data-elementor-post-type=\"post\">\n\t\t\t\t<div class=\"elementor-element elementor-element-ca01a6f e-flex e-con-boxed e-con e-parent\" data-id=\"ca01a6f\" data-element_type=\"container\" data-e-type=\"container\">\n\t\t\t\t\t<div class=\"e-con-inner\">\n\t\t\t\t<div class=\"elementor-element elementor-element-3487237 elementor-widget elementor-widget-text-editor\" data-id=\"3487237\" data-element_type=\"widget\" data-e-type=\"widget\" data-widget_type=\"text-editor.default\">\n\t\t\t\t<div class=\"elementor-widget-container\">\n\t\t\t\t\t\t\t\t\t<p><\/p>\n<p>This fall, the Universal Reading Foundation invites you to\u00a0<a class=\"app-aware-link\" href=\"https:\/\/www.linkedin.com\/company\/efni\/\" target=\"_self\" rel=\"noopener\" data-test-app-aware-link=\"\">European Forum for New Ideas<\/a>, during which a series of international meetings will be held under the slogan Literacy For Democracy &amp; Business.<\/p>\n<p>The topic of discussion will be the importance of reading books for business:<br \/>\u2013 how does reading affect the well-being of the team?<br \/>\u2013 does it affect the level of cooperation?<br \/>\u2013 What benefits can companies gain from engaging in reading?<\/p>\n<p>We will discuss the topic in an international and cross-sectoral group: we will talk to scientists and business representatives, leaders of foreign non-governmental organizations and representatives of the European Commission.<br \/>These are meetings to which we invite everyone who is wondering:<br \/>\u2013 how to help build teamwork in your team?<br \/>\u2013 what tools can be used to strengthen employees\u2019 sense of well-being?<br \/>\u2013 how to build motivation and effectiveness?<\/p>\n<p>We invite you to a series of meetings that will take place in Sopot:<\/p>\n<p><strong>October 17, 2:45 p.m. \u2013 3:45 p.m. EFNI, Radisson Blu Hotel Sopot<\/strong><br \/>The Future Belongs to Soft Readers. Empathy and Cooperation as the Hard Competencies of the Future in Business.<br \/>With participation: Jonathan Douglas (National Literacy Trust, Literacy Business Pledge); Roisin Sharkey (KPMG UK); Arkadiusz Mierzwa (Jeronimo Martins Polska); Miko\u0142aj Ma\u0142aczy\u0144ski (Legimi). Hosted by: Maria Deskur (Universal Reading Foundation, Ashoka Fellow)<\/p>\n<p><strong>October 18, 10:45 \u2013 11:45 EFNI, Radisson Blu Hotel Sopot<\/strong><br \/>Survival of the Critical: On the Necessity and Strategies of Practicing Critical Thinking in the World of AI.<br \/>With participation: Joerg Maas (Stiftung Lesen EURead); Georg Heusel (Department of Culture of the European Commission); Prof. Ewa Haman (University of Warsaw); Marek \u017b\u00f3\u0142towski (BAT Polska); Jaros\u0142aw Mastalerz (PZU \u017bycie SA). Hosted by: Maria Deskur (Public Reading Foundation, Ashoka Fellow)<\/p>\n<p><strong>October 17, 5:00 PM, Goyki 3 Art Incubator<\/strong><br \/>Literacy for Democracy and Business meeting<\/p>\n<p>The conversation will focus on the trend of using reading to build the success of your own company. Scientists will introduce us to what reading gives our brains, business representatives will share examples of using reading to build the development and social capital of a company and a strong image of a socially responsible organization, activists from non-governmental organizations will talk about effective, mutually beneficial partnerships with business.<br \/><strong>Participation in the conference is free of charge, after prior confirmation of registration at zaprasza@fpc.org.pl<\/strong><\/p>\n<p>More information at:\u00a0<a href=\"https:\/\/www.fpc.org.pl\/eng\/literacy-for-democracy-business\/\" target=\"_blank\" rel=\"noopener\">Literacy for Democracy &amp; Business \u2013 Universal Reading Foundation (fpc.org.pl)<\/a><\/p>\n<p><\/p>\t\t\t\t\t\t\t\t<\/div>\n\t\t\t\t<\/div>\n\t\t\t\t\t<\/div>\n\t\t\t\t<\/div>\n\t\t<div class=\"elementor-element elementor-element-5666c85 e-flex e-con-boxed e-con e-parent\" data-id=\"5666c85\" data-element_type=\"container\" data-e-type=\"container\">\n\t\t\t\t\t<div class=\"e-con-inner\">\n\t\t\t\t\t<\/div>\n\t\t\t\t<\/div>\n\t\t\t\t<\/div>","protected":false},"excerpt":{"rendered":"<p>Tej jesieni Fundacja Powszechnego Czytania zaprasza na\u00a0Europejskie Forum Nowych Idei, podczas kt\u00f3rego odb\u0119dzie si\u0119 seria mi\u0119dzynarodowych spotka\u0144 pod has\u0142em Literacy For Democracy &amp; Business. Tematem rozm\u00f3w b\u0119dzie znaczenie czytania ksi\u0105\u017cek dla biznesu:\u2013 jak czytanie wp\u0142ywa na dobrostan zespo\u0142u?\u2013 czy ma wp\u0142yw na poziom wsp\u00f3\u0142pracy?\u2013 jakie korzy\u015bci mog\u0105 czerpa\u0107 firmy z zaanga\u017cowania na rzecz czytania? Temat&#8230;<\/p>","protected":false},"author":3,"featured_media":990462,"comment_status":"closed","ping_status":"open","sticky":false,"template":"","format":"standard","meta":{"_acf_changed":false,"give_campaign_id":0,"footnotes":""},"categories":[1],"tags":[],"class_list":["post-990461","post","type-post","status-publish","format-standard","has-post-thumbnail","hentry","category-bez-kategorii","odd"],"acf":[],"_links":{"self":[{"href":"https:\/\/www.fpc.org.pl\/eng\/wp-json\/wp\/v2\/posts\/990461","targetHints":{"allow":["GET"]}}],"collection":[{"href":"https:\/\/www.fpc.org.pl\/eng\/wp-json\/wp\/v2\/posts"}],"about":[{"href":"https:\/\/www.fpc.org.pl\/eng\/wp-json\/wp\/v2\/types\/post"}],"author":[{"embeddable":true,"href":"https:\/\/www.fpc.org.pl\/eng\/wp-json\/wp\/v2\/users\/3"}],"replies":[{"embeddable":true,"href":"https:\/\/www.fpc.org.pl\/eng\/wp-json\/wp\/v2\/comments?post=990461"}],"version-history":[{"count":4,"href":"https:\/\/www.fpc.org.pl\/eng\/wp-json\/wp\/v2\/posts\/990461\/revisions"}],"predecessor-version":[{"id":990466,"href":"https:\/\/www.fpc.org.pl\/eng\/wp-json\/wp\/v2\/posts\/990461\/revisions\/990466"}],"wp:featuredmedia":[{"embeddable":true,"href":"https:\/\/www.fpc.org.pl\/eng\/wp-json\/wp\/v2\/media\/990462"}],"wp:attachment":[{"href":"https:\/\/www.fpc.org.pl\/eng\/wp-json\/wp\/v2\/media?parent=990461"}],"wp:term":[{"taxonomy":"category","embeddable":true,"href":"https:\/\/www.fpc.org.pl\/eng\/wp-json\/wp\/v2\/categories?post=990461"},{"taxonomy":"post_tag","embeddable":true,"href":"https:\/\/www.fpc.org.pl\/eng\/wp-json\/wp\/v2\/tags?post=990461"}],"curies":[{"name":"wp","href":"https:\/\/api.w.org\/{rel}","templated":true}]}}