{"id":989003,"date":"2024-07-31T10:31:19","date_gmt":"2024-07-31T08:31:19","guid":{"rendered":"https:\/\/www.fpc.org.pl\/?p=989003"},"modified":"2024-07-31T12:42:55","modified_gmt":"2024-07-31T10:42:55","slug":"spotkanie-na-temat-czytelnictwa-w-ministerstwie-edukacji-narodowej","status":"publish","type":"post","link":"https:\/\/www.fpc.org.pl\/eng\/spotkanie-na-temat-czytelnictwa-w-ministerstwie-edukacji-narodowej\/","title":{"rendered":"Meeting on reading at the Ministry of National Education"},"content":{"rendered":"<div data-elementor-type=\"wp-post\" data-elementor-id=\"989003\" class=\"elementor elementor-989003\" data-elementor-post-type=\"post\">\n\t\t\t\t<div class=\"elementor-element elementor-element-8b5baa8 e-flex e-con-boxed e-con e-parent\" data-id=\"8b5baa8\" data-element_type=\"container\" data-e-type=\"container\">\n\t\t\t\t\t<div class=\"e-con-inner\">\n\t\t\t\t<div class=\"elementor-element elementor-element-fe83786 elementor-widget elementor-widget-text-editor\" data-id=\"fe83786\" data-element_type=\"widget\" data-e-type=\"widget\" data-widget_type=\"text-editor.default\">\n\t\t\t\t<div class=\"elementor-widget-container\">\n\t\t\t\t\t\t\t\t\t<p>On July 10, a meeting was held at the Ministry of National Education with Deputy Minister Paulina Piechna-Wi\u0119ckiewicz, in which the representative of the Union of Polish Metropolises, Agata Saracyn, and the president of the Universal Reading Foundation, Maria Deskur, took part.<\/p><div class=\"xdj266r x11i5rnm xat24cr x1mh8g0r x1vvkbs x126k92a\"><div dir=\"auto\">The meeting concerned the development of reading, not only through school readings, but above all through access to books for all social groups at every stage of life. It was a substantive, true and inspiring conversation about supporting children in their development through reading, as well as the barriers that stand in the way of its popularization.<\/div><div dir=\"auto\">\u00a0<\/div><div dir=\"auto\">The development of reading is an extremely important issue for the future of our society. We are actively working to change this. Thank you for the opportunity to participate in the conversation and the fruitful meeting. The Universal Reading Foundation remains at your disposal, ready to continue working to achieve this important goal.<\/div><\/div>\t\t\t\t\t\t\t\t<\/div>\n\t\t\t\t<\/div>\n\t\t\t\t<div class=\"elementor-element elementor-element-9202a26 elementor-widget elementor-widget-gallery\" data-id=\"9202a26\" data-element_type=\"widget\" data-e-type=\"widget\" data-settings=\"{&quot;columns&quot;:2,&quot;lazyload&quot;:&quot;yes&quot;,&quot;gallery_layout&quot;:&quot;grid&quot;,&quot;columns_tablet&quot;:2,&quot;columns_mobile&quot;:1,&quot;gap&quot;:{&quot;unit&quot;:&quot;px&quot;,&quot;size&quot;:10,&quot;sizes&quot;:[]},&quot;gap_tablet&quot;:{&quot;unit&quot;:&quot;px&quot;,&quot;size&quot;:10,&quot;sizes&quot;:[]},&quot;gap_mobile&quot;:{&quot;unit&quot;:&quot;px&quot;,&quot;size&quot;:10,&quot;sizes&quot;:[]},&quot;link_to&quot;:&quot;file&quot;,&quot;aspect_ratio&quot;:&quot;3:2&quot;,&quot;overlay_background&quot;:&quot;yes&quot;,&quot;content_hover_animation&quot;:&quot;fade-in&quot;}\" data-widget_type=\"gallery.default\">\n\t\t\t\t<div class=\"elementor-widget-container\">\n\t\t\t\t\t\t\t<div class=\"elementor-gallery__container\">\n\t\t\t\t\t\t\t<a class=\"e-gallery-item elementor-gallery-item elementor-animated-content\" href=\"https:\/\/www.fpc.org.pl\/wp-content\/uploads\/2024\/07\/3-1024x683-1.jpg\" data-elementor-open-lightbox=\"yes\" data-elementor-lightbox-slideshow=\"9202a26\" data-elementor-lightbox-title=\"1\" data-e-action-hash=\"#elementor-action%3Aaction%3Dlightbox%26settings%3DeyJpZCI6OTg5MDA2LCJ1cmwiOiJodHRwczpcL1wvd3d3LmZwYy5vcmcucGxcL3dwLWNvbnRlbnRcL3VwbG9hZHNcLzIwMjRcLzA3XC8zLTEwMjR4NjgzLTEuanBnIiwic2xpZGVzaG93IjoiOTIwMmEyNiJ9\">\n\t\t\t\t\t<div class=\"e-gallery-image elementor-gallery-item__image\" data-thumbnail=\"https:\/\/www.fpc.org.pl\/wp-content\/uploads\/2024\/07\/3-1024x683-1.jpg\" data-width=\"1024\" data-height=\"683\" aria-label=\"\" role=\"img\" ><\/div>\n\t\t\t\t\t\t\t\t\t\t\t<div class=\"elementor-gallery-item__overlay\"><\/div>\n\t\t\t\t\t\t\t\t\t\t\t\t\t\t<\/a>\n\t\t\t\t\t\t\t<a class=\"e-gallery-item elementor-gallery-item elementor-animated-content\" href=\"https:\/\/www.fpc.org.pl\/wp-content\/uploads\/2024\/07\/2-1024x683-1.jpg\" data-elementor-open-lightbox=\"yes\" data-elementor-lightbox-slideshow=\"9202a26\" data-elementor-lightbox-title=\"2\" data-e-action-hash=\"#elementor-action%3Aaction%3Dlightbox%26settings%3DeyJpZCI6OTg5MDA3LCJ1cmwiOiJodHRwczpcL1wvd3d3LmZwYy5vcmcucGxcL3dwLWNvbnRlbnRcL3VwbG9hZHNcLzIwMjRcLzA3XC8yLTEwMjR4NjgzLTEuanBnIiwic2xpZGVzaG93IjoiOTIwMmEyNiJ9\">\n\t\t\t\t\t<div class=\"e-gallery-image elementor-gallery-item__image\" data-thumbnail=\"https:\/\/www.fpc.org.pl\/wp-content\/uploads\/2024\/07\/2-1024x683-1.jpg\" data-width=\"1024\" data-height=\"683\" aria-label=\"\" role=\"img\" ><\/div>\n\t\t\t\t\t\t\t\t\t\t\t<div class=\"elementor-gallery-item__overlay\"><\/div>\n\t\t\t\t\t\t\t\t\t\t\t\t\t\t<\/a>\n\t\t\t\t\t<\/div>\n\t\t\t\t\t<\/div>\n\t\t\t\t<\/div>\n\t\t\t\t\t<\/div>\n\t\t\t\t<\/div>\n\t\t\t\t<\/div>","protected":false},"excerpt":{"rendered":"<p>10 lipca odby\u0142o si\u0119 spotkanie w Ministerstwie Edukacji Narodowej, z wiceministr\u0105 Paulin\u0105 Piechn\u0105-Wi\u0119ckiewicz, w kt\u00f3rym udzia\u0142 wzi\u0119\u0142y przedstawicielka Unii Metropolii Polskich, Agata Saracyn oraz prezeska Fundacji Powszechnego Czytania, Maria Deskur. Spotkanie dotyczy\u0142o rozwoju czytelnictwa, nie tylko poprzez lektury szkolne, ale przede wszystkim przez dost\u0119p do ksi\u0105\u017cek dla wszystkich grup spo\u0142ecznych na ka\u017cdym etapie \u017cycia. By\u0142a&#8230;<\/p>","protected":false},"author":2,"featured_media":989004,"comment_status":"closed","ping_status":"open","sticky":false,"template":"","format":"standard","meta":{"_acf_changed":false,"give_campaign_id":0,"footnotes":""},"categories":[1],"tags":[],"class_list":["post-989003","post","type-post","status-publish","format-standard","has-post-thumbnail","hentry","category-bez-kategorii","odd"],"acf":[],"_links":{"self":[{"href":"https:\/\/www.fpc.org.pl\/eng\/wp-json\/wp\/v2\/posts\/989003","targetHints":{"allow":["GET"]}}],"collection":[{"href":"https:\/\/www.fpc.org.pl\/eng\/wp-json\/wp\/v2\/posts"}],"about":[{"href":"https:\/\/www.fpc.org.pl\/eng\/wp-json\/wp\/v2\/types\/post"}],"author":[{"embeddable":true,"href":"https:\/\/www.fpc.org.pl\/eng\/wp-json\/wp\/v2\/users\/2"}],"replies":[{"embeddable":true,"href":"https:\/\/www.fpc.org.pl\/eng\/wp-json\/wp\/v2\/comments?post=989003"}],"version-history":[{"count":12,"href":"https:\/\/www.fpc.org.pl\/eng\/wp-json\/wp\/v2\/posts\/989003\/revisions"}],"predecessor-version":[{"id":989075,"href":"https:\/\/www.fpc.org.pl\/eng\/wp-json\/wp\/v2\/posts\/989003\/revisions\/989075"}],"wp:featuredmedia":[{"embeddable":true,"href":"https:\/\/www.fpc.org.pl\/eng\/wp-json\/wp\/v2\/media\/989004"}],"wp:attachment":[{"href":"https:\/\/www.fpc.org.pl\/eng\/wp-json\/wp\/v2\/media?parent=989003"}],"wp:term":[{"taxonomy":"category","embeddable":true,"href":"https:\/\/www.fpc.org.pl\/eng\/wp-json\/wp\/v2\/categories?post=989003"},{"taxonomy":"post_tag","embeddable":true,"href":"https:\/\/www.fpc.org.pl\/eng\/wp-json\/wp\/v2\/tags?post=989003"}],"curies":[{"name":"wp","href":"https:\/\/api.w.org\/{rel}","templated":true}]}}