{"id":988996,"date":"2024-07-31T10:29:33","date_gmt":"2024-07-31T08:29:33","guid":{"rendered":"https:\/\/www.fpc.org.pl\/?p=988996"},"modified":"2024-07-31T12:48:09","modified_gmt":"2024-07-31T10:48:09","slug":"wolters-kluwer-dolacza-do-rady-fundacji-powszechnego-czytania","status":"publish","type":"post","link":"https:\/\/www.fpc.org.pl\/eng\/wolters-kluwer-dolacza-do-rady-fundacji-powszechnego-czytania\/","title":{"rendered":"Wolters Kluwer joins the Board of the Universal Reading Foundation"},"content":{"rendered":"<div data-elementor-type=\"wp-post\" data-elementor-id=\"988996\" class=\"elementor elementor-988996\" data-elementor-post-type=\"post\">\n\t\t\t\t<div class=\"elementor-element elementor-element-8b5baa8 e-flex e-con-boxed e-con e-parent\" data-id=\"8b5baa8\" data-element_type=\"container\" data-e-type=\"container\">\n\t\t\t\t\t<div class=\"e-con-inner\">\n\t\t\t\t<div class=\"elementor-element elementor-element-fe83786 elementor-widget elementor-widget-text-editor\" data-id=\"fe83786\" data-element_type=\"widget\" data-e-type=\"widget\" data-widget_type=\"text-editor.default\">\n\t\t\t\t<div class=\"elementor-widget-container\">\n\t\t\t\t\t\t\t\t\t<p><strong>In June, a meeting of the Council of the Universal Reading Foundation took place, attended by representatives of the FPC Board and companies associated in the Council. Wolters Kluwer joined their group.<\/strong><\/p><p>During the meeting, the Foundation team presented the activities of the last 12 months, summarizing the results and achievements, as well as the upcoming plans and challenges of the organization.<\/p><p>Following the last meeting, Wolters Kluwer, a company associated with the Foundation since its inception, joined the FPC Council.<\/p><p><em>We are very happy that Wolters Kluwer has officially joined our Foundation Council. We have been cooperating from the beginning, we are happy that this relationship has been, so to speak, institutionalized\u00a0<\/em>\u2013 says Maria Deskur, president of the Universal Reading Foundation.<\/p><p><em>The cooperation and support from Wolters Kluwer is very important for fulfilling our mission and implementing and developing new projects, the number of which is constantly growing.\u00a0<\/em>\u2013 emphasizes Grzegorz Majerowicz, member of the FPC management board.<\/p><p>The Universal Reading Foundation has been in existence for almost 6 years.<\/p><p>The composition of the Foundation Council since the last meeting is as follows:\u00a0<strong>W\u0142odzimierz Albin<\/strong>,\u00a0<strong>Agnieszka Betlejewska<\/strong>\u00a0(HarperCollins Poland),\u00a0<strong>Miko\u0142aj Burchard<\/strong>\u00a0(CH Beck Sp. z o. o.),\u00a0<strong>Grzegorz Czajka<\/strong>\u00a0(Zielona Sowa Publishing House Sp. z o. o.),\u00a0<strong>Sonia Draga<\/strong>\u00a0(Polska Izba Ksi\u0105\u017cki),\u00a0<strong>Pawe\u0142 Filar<\/strong>\u00a0(Platon Dystrybucja Ksi\u0105\u017cek),\u00a0<strong>Marcin Fr\u0105ckiewicz<\/strong>\u00a0(Motyle Ksi\u0105\u017ckowe),\u00a0<strong>Marcin Garli\u0144ski<\/strong>\u00a0(Muza SA),\u00a0<strong>Magdalena Hajduk-D\u0119bowska<\/strong>\u00a0(Character),\u00a0<strong>Jadwiga J\u0119dryas<\/strong>\u00a0(Dwie Siostry Sp. z o.o.),\u00a0<strong>Justyna Kardasz<\/strong>\u00a0(Media Rodzina Sp. z o. o.),\u00a0<strong>Agnes von Mallek<\/strong>\u00a0(New Era Sp. z o. o.<strong>.), Anna Lubczy\u0144ska-Lafuente<\/strong>\u00a0(PWN),\u00a0<strong>Miko\u0142aj Ma\u0142aczy\u0144ski<\/strong>\u00a0(Legimi),\u00a0<strong>Andrzej Mardy\u0142a<\/strong>\u00a0(Aromat S\u0142owa Sp. z o.o.),\u00a0<strong>Artur Owczarek<\/strong>\u00a0(Garmond Press S.A.),\u00a0<strong>Alicja Pollesch<\/strong>\u00a0(WoltersKluwer Poland),\u00a0<strong>Aleksandra Ruszkowska<\/strong>\u00a0(Relation Publishing Group),\u00a0<strong>Katarzyna Sienkiewicz-Kosik<\/strong>\u00a0(Powergraph),\u00a0<strong>Katarzyna Skalska<\/strong>\u00a0(Wydawnictwo Zakamarki Sp. z o.o.),\u00a0<strong>Anna Skowronska<\/strong>\u00a0(Wydawnictwo Muchomor),\u00a0<strong>Ma\u0142gorzata Skowro\u0144ska<\/strong>\u00a0(Agora S.A.),\u00a0<strong>Tomasz Szponder<\/strong>\u00a0(Rebis Sp. z o. o.),\u00a0<strong>Piotr Szwocha<\/strong>\u00a0(Gda\u0144skie Wydawnictwo O\u015bwiatowe),\u00a0<strong>Bogdan Szymanik<\/strong>\u00a0(Bosz),\u00a0<strong>Monika Walendowska<\/strong>\u00a0(Polarny Lis),\u00a0<strong>\u0141ukasz W\u0105wo\u017any<\/strong>\u00a0(Drukarnia Sowa),\u00a0<strong>Aleksandra W\u00f3jcicka<\/strong>\u00a0(SIW Znak Sp. z o. o.),\u00a0<strong>Anna Zdrojewska-\u017bywiecka.<\/strong><\/p>\t\t\t\t\t\t\t\t<\/div>\n\t\t\t\t<\/div>\n\t\t\t\t\t<\/div>\n\t\t\t\t<\/div>\n\t\t\t\t<\/div>","protected":false},"excerpt":{"rendered":"<p>W czerwcu odby\u0142o si\u0119 zebranie Rady Fundacji Powszechnego Czytania, w kt\u00f3rym wzi\u0119li udzia\u0142 przedstawiciele Zarz\u0105du FPC oraz firm zrzeszonych w Radzie. Do ich grona do\u0142\u0105czy\u0142 Wolters Kluwer. Podczas spotkania zesp\u00f3\u0142 Fundacji przedstawi\u0142 dzia\u0142ania z ostatnich 12 miesi\u0119cy, podsumowuj\u0105c wyniki i osi\u0105gni\u0119cia, a tak\u017ce nadchodz\u0105ce plany i wyzwania organizacji. Po ostatnim zebraniu do grona cz\u0142onk\u00f3w Rady&#8230;<\/p>","protected":false},"author":2,"featured_media":988997,"comment_status":"closed","ping_status":"open","sticky":false,"template":"","format":"standard","meta":{"_acf_changed":false,"give_campaign_id":0,"footnotes":""},"categories":[1],"tags":[],"class_list":["post-988996","post","type-post","status-publish","format-standard","has-post-thumbnail","hentry","category-bez-kategorii","odd"],"acf":[],"_links":{"self":[{"href":"https:\/\/www.fpc.org.pl\/eng\/wp-json\/wp\/v2\/posts\/988996","targetHints":{"allow":["GET"]}}],"collection":[{"href":"https:\/\/www.fpc.org.pl\/eng\/wp-json\/wp\/v2\/posts"}],"about":[{"href":"https:\/\/www.fpc.org.pl\/eng\/wp-json\/wp\/v2\/types\/post"}],"author":[{"embeddable":true,"href":"https:\/\/www.fpc.org.pl\/eng\/wp-json\/wp\/v2\/users\/2"}],"replies":[{"embeddable":true,"href":"https:\/\/www.fpc.org.pl\/eng\/wp-json\/wp\/v2\/comments?post=988996"}],"version-history":[{"count":8,"href":"https:\/\/www.fpc.org.pl\/eng\/wp-json\/wp\/v2\/posts\/988996\/revisions"}],"predecessor-version":[{"id":989078,"href":"https:\/\/www.fpc.org.pl\/eng\/wp-json\/wp\/v2\/posts\/988996\/revisions\/989078"}],"wp:featuredmedia":[{"embeddable":true,"href":"https:\/\/www.fpc.org.pl\/eng\/wp-json\/wp\/v2\/media\/988997"}],"wp:attachment":[{"href":"https:\/\/www.fpc.org.pl\/eng\/wp-json\/wp\/v2\/media?parent=988996"}],"wp:term":[{"taxonomy":"category","embeddable":true,"href":"https:\/\/www.fpc.org.pl\/eng\/wp-json\/wp\/v2\/categories?post=988996"},{"taxonomy":"post_tag","embeddable":true,"href":"https:\/\/www.fpc.org.pl\/eng\/wp-json\/wp\/v2\/tags?post=988996"}],"curies":[{"name":"wp","href":"https:\/\/api.w.org\/{rel}","templated":true}]}}